{"id":5273,"date":"2023-08-31T13:31:53","date_gmt":"2023-08-31T16:31:53","guid":{"rendered":"https:\/\/www.paparazzinews.com.br\/?p=5273"},"modified":"2023-08-31T13:31:54","modified_gmt":"2023-08-31T16:31:54","slug":"alunos-das-oficinas-culturais-castilhense-recebem-palestra-sobre-adolescencia-e-ansiedade","status":"publish","type":"post","link":"https:\/\/www.paparazzinews.com.br\/?p=5273","title":{"rendered":"Alunos das Oficinas Culturais castilhense recebem palestra sobre ADOLESC\u00caNCIA e ANSIEDADE"},"content":{"rendered":"\n<p>O CIEC de Castilho recebeu na tarde desta ter\u00e7a-feira, 29, a proveitosa visita do psic\u00f3logo Thalyson Fernandes, que se reuniu no anfiteatro com aproximadamente 90 alunos do Projeto Guri &#8211; Polo Castilho e tamb\u00e9m das Oficinas Culturais mantidas pelo Governo Municipal.<\/p>\n\n\n\n<p>Para lhe dar as boas vindas, a Secret\u00e1ria de Educa\u00e7\u00e3o &#8211; Silv\u00e2nia Cintra, a assessora de Cultura &#8211; Aparecida Adono e a Coordenadora do Polo Castilho do Projeto Guri \u2013 Maria Aparecida do Nascimento, reuniram-se aos professores e alunos para agradecer a transmiss\u00e3o de conhecimentos, fazendo Thalyson se sentir confort\u00e1vel e bem acolhido pelo Munic\u00edpio.<\/p>\n\n\n\n<p>Al\u00e9m da psicologia cl\u00ednica, Thalyson desenvolve importantes trabalhos na regi\u00e3o utilizando a equoterapia e atualmente \u00e9 p\u00f3s-graduando em psicologia da Sa\u00fade e ABA. Sua apar\u00eancia jovem, discurso sereno e habilidade profissional indiscut\u00edvel, foram alguns dos ingredientes principais para que a Organiza\u00e7\u00e3o de Cultura Santa Marcelina (Gestora do Projeto Guri em todo o Estado de SP) pudesse convid\u00e1-lo a tratar sobre o tema \u201c<strong>Adolesc\u00eancia e Ansiedade \u2013 lidando com as emo\u00e7\u00f5es<\/strong>\u201d.<\/p>\n\n\n\n<p>Sua abordagem sobre o assunto com os alunos cujas idades variam entre 05 e 17 anos, foi totalmente interativa, levando as crian\u00e7as a responderem perguntas simples e altamente reveladoras sobre as mudan\u00e7as que j\u00e1 come\u00e7am a aparecer nos corpos daqueles com 09 anos ou mais. Atencioso, explicou t\u00e9cnicas simples e eficazes para fugir da ansiedade, destacando a import\u00e2ncia de falar sobre sentimentos e se colocar no lugar dos outros em diferentes situa\u00e7\u00f5es do dia a dia.<\/p>\n\n\n\n<p>Encerrada a palestra, posou para uma foto coletiva com alunos e professores e enquanto as crian\u00e7as se dirigiam para o caf\u00e9 da tarde, passou pelo menos 40 minutos conversando individualmente para esclarecer d\u00favidas de alguns alunos que o procuraram voluntariamente.<\/p>\n\n\n\n<blockquote class=\"wp-block-quote is-layout-flow wp-block-quote-is-layout-flow\">\n<p>\u201c<em><strong>O o<\/strong><\/em><em><strong>bjetivo&nbsp;<\/strong><\/em><em><strong>desta a\u00e7\u00e3o \u00e9 i<\/strong><\/em><em><strong>ncentivar os cuidados com a sa\u00fade mental, buscar alternativas para fortalecimento, fornecer mecanismos para que os alunos conhe\u00e7am e identifiquem seus sentimentos e emo\u00e7\u00f5es, podendo desenvolver suas habilidades socioemocionais com maior seguran\u00e7a<\/strong><\/em>\u201d, destacou a Coordenadora Cidinha, do Polo Castilho.<\/p>\n<\/blockquote>\n\n\n\n<p>Defensora das parcerias capazes de fortalecer o lado emocional e cognitivo das crian\u00e7as e adolescentes, a secret\u00e1ria Silv\u00e2nia Cintra destacou:<\/p>\n\n\n\n<blockquote class=\"wp-block-quote is-layout-flow wp-block-quote-is-layout-flow\">\n<p>\u201c<em><strong>A\u00e7\u00f5es como esta s\u00e3o essenciais para e<\/strong><\/em><em><strong>stimular a intelig\u00eancia emocional para que as&nbsp;<\/strong><\/em><em><strong>nossas&nbsp;<\/strong><\/em><em><strong>crian\u00e7as e adolescentes consigam entender o que est\u00e3o sentindo&nbsp;<\/strong><\/em><em><strong>e tamb\u00e9m<\/strong><\/em><em><strong>&nbsp;reconhe\u00e7am o sentimento de outras pessoas.&nbsp;<\/strong><\/em><em><strong>Isso lhes permite&nbsp;<\/strong><\/em><em><strong>gerenci<\/strong><\/em><em><strong>ar melhor&nbsp;<\/strong><\/em><em><strong>as suas emo\u00e7\u00f5es&nbsp;<\/strong><\/em><em><strong>e a&nbsp;<\/strong><\/em><em><strong>bus<\/strong><\/em><em><strong>car&nbsp;<\/strong><\/em><em><strong>ajuda para os seus problemas.&nbsp;<\/strong><\/em><em><strong>Foram estes os lados mais atingidos por essa longa pandemia que nos afastou, gerou ansiedade e muitas vezes desespero. Por isso, precisamos usar todos os mecanismos poss\u00edveis para fortalecer a mente e o esp\u00edrito de nossas crian\u00e7as e adolescentes<\/strong><\/em>\u201d.<\/p>\n\n\n\n<p><em><strong>Participe da comunidade do Canal Roni Paparazzi no Whatsapp e receba as principais not\u00edcias do dia direto no seu celular.<\/strong>\u00a0<a rel=\"noreferrer noopener\" href=\"https:\/\/chat.whatsapp.com\/GsG1XKo0jPOEfjzudWQcml\" target=\"_blank\">\u00a0Clique aqui e se inscreva.<\/a><\/em><\/p>\n<\/blockquote>\n\n\n\n<p><a href=\"https:\/\/www.paparazzinews.com.br\/wp-admin\/post.php?post=5270&amp;action=edit\"><\/a><\/p>\n","protected":false},"excerpt":{"rendered":"<p>O CIEC de Castilho recebeu na tarde desta ter\u00e7a-feira, 29, a proveitosa visita do psic\u00f3logo Thalyson Fernandes, que se reuniu no anfiteatro com aproximadamente 90 alunos do Projeto Guri &#8211; Polo Castilho e tamb\u00e9m das Oficinas Culturais mantidas pelo Governo Municipal. Para lhe dar as boas vindas, a Secret\u00e1ria de Educa\u00e7\u00e3o &#8211; Silv\u00e2nia Cintra, a &hellip;<\/p>\n","protected":false},"author":1,"featured_media":5274,"comment_status":"open","ping_status":"open","sticky":false,"template":"","format":"standard","meta":{"_jetpack_memberships_contains_paid_content":false,"footnotes":"","jetpack_publicize_message":"","jetpack_publicize_feature_enabled":true,"jetpack_social_post_already_shared":false,"jetpack_social_options":{"image_generator_settings":{"template":"highway","default_image_id":0,"enabled":false},"version":2}},"categories":[4],"tags":[],"class_list":["post-5273","post","type-post","status-publish","format-standard","has-post-thumbnail","hentry","category-regiao"],"jetpack_publicize_connections":[],"jetpack_featured_media_url":"https:\/\/i0.wp.com\/www.paparazzinews.com.br\/wp-content\/uploads\/2023\/08\/alunos_do_projeto_guri_e_oficinas_culturais_recebem_palestra_29054222-scaled-e1693499481196.jpg?fit=1000%2C450&ssl=1","views":"2408","jetpack_likes_enabled":true,"jetpack_sharing_enabled":true,"_links":{"self":[{"href":"https:\/\/www.paparazzinews.com.br\/index.php?rest_route=\/wp\/v2\/posts\/5273","targetHints":{"allow":["GET"]}}],"collection":[{"href":"https:\/\/www.paparazzinews.com.br\/index.php?rest_route=\/wp\/v2\/posts"}],"about":[{"href":"https:\/\/www.paparazzinews.com.br\/index.php?rest_route=\/wp\/v2\/types\/post"}],"author":[{"embeddable":true,"href":"https:\/\/www.paparazzinews.com.br\/index.php?rest_route=\/wp\/v2\/users\/1"}],"replies":[{"embeddable":true,"href":"https:\/\/www.paparazzinews.com.br\/index.php?rest_route=%2Fwp%2Fv2%2Fcomments&post=5273"}],"version-history":[{"count":1,"href":"https:\/\/www.paparazzinews.com.br\/index.php?rest_route=\/wp\/v2\/posts\/5273\/revisions"}],"predecessor-version":[{"id":5275,"href":"https:\/\/www.paparazzinews.com.br\/index.php?rest_route=\/wp\/v2\/posts\/5273\/revisions\/5275"}],"wp:featuredmedia":[{"embeddable":true,"href":"https:\/\/www.paparazzinews.com.br\/index.php?rest_route=\/wp\/v2\/media\/5274"}],"wp:attachment":[{"href":"https:\/\/www.paparazzinews.com.br\/index.php?rest_route=%2Fwp%2Fv2%2Fmedia&parent=5273"}],"wp:term":[{"taxonomy":"category","embeddable":true,"href":"https:\/\/www.paparazzinews.com.br\/index.php?rest_route=%2Fwp%2Fv2%2Fcategories&post=5273"},{"taxonomy":"post_tag","embeddable":true,"href":"https:\/\/www.paparazzinews.com.br\/index.php?rest_route=%2Fwp%2Fv2%2Ftags&post=5273"}],"curies":[{"name":"wp","href":"https:\/\/api.w.org\/{rel}","templated":true}]}}