{"id":527,"date":"2022-08-24T18:09:52","date_gmt":"2022-08-24T21:09:52","guid":{"rendered":"https:\/\/www.paparazzinews.com.br\/?p=527"},"modified":"2022-08-24T18:09:54","modified_gmt":"2022-08-24T21:09:54","slug":"igua-realiza-live-para-tirar-duvidas-sobre-edital-de-projetos-socioambientais","status":"publish","type":"post","link":"https:\/\/www.paparazzinews.com.br\/?p=527","title":{"rendered":"Igu\u00e1 realiza live para tirar d\u00favidas sobre edital de projetos socioambientais\u00a0"},"content":{"rendered":"\n<p>A Igu\u00e1, uma das maiores empresas de saneamento no Brasil, respons\u00e1vel pelas concession\u00e1rias \u00c1guas Andradina e \u00c1guas Castilho junto com a Sabesp, realiza a live \u201cTira D\u00favidas Edital Igu\u00e1\u201d, nesta quinta-feira, 25 de agosto, \u00e0s 18h, para esclarecer quest\u00f5es relacionadas ao edital Igu\u00e1 de Projetos Socioambientais, lan\u00e7ado pela companhia no in\u00edcio do m\u00eas. A 2\u00aa edi\u00e7\u00e3o do programa apoiar\u00e1 projetos focados nas iniciativas culturais e esportivas, a promo\u00e7\u00e3o da educa\u00e7\u00e3o socioambiental, a valoriza\u00e7\u00e3o do saneamento e a\u00e7\u00f5es de combate \u00e0s altera\u00e7\u00f5es clim\u00e1ticas exclusivamente nos territ\u00f3rios de atua\u00e7\u00e3o da companhia. A transmiss\u00e3o ser\u00e1 feita por meio do perfil da Igu\u00e1 no Youtube.<\/p>\n\n\n\n<p>Com o aporte de R$ 1 milh\u00e3o para a edi\u00e7\u00e3o deste ano, o objetivo do edital \u00e9 selecionar iniciativas que contribuam com impacto social para a popula\u00e7\u00e3o em situa\u00e7\u00e3o de vulnerabilidade, pr\u00f3ximas \u00e0s opera\u00e7\u00f5es da companhia. Os estados que est\u00e3o eleg\u00edveis para receber os projetos s\u00e3o: Mato Grosso (Cuiab\u00e1, Col\u00edder, Alta Floresta, Canarana, Comodoro e Pontes e Lacerda); Paran\u00e1 (Paranagu\u00e1); S\u00e3o Paulo (Andradina, Palestina, Castilho, Mirassol, Atibaia, Piquete e Suzano); Alagoas (Arapiraca, S\u00e3o Br\u00e1s, Olho D\u2019\u00e1gua Grande, Campo Grande, Girau do Ponciano, Feira Grande, Lagoa da Canoa, Cra\u00edbas, Igaci e Coit\u00e9 do N\u00f3ia; Rio de Janeiro (Paty do Alferes, Miguel Pereira e Zona Oeste Litor\u00e2nea &#8211; Jo\u00e1, Barra da Tijuca, Recreio, Jacarepagu\u00e1 e adjac\u00eancias).<\/p>\n\n\n\n<p>Podem ser inscritos projetos que estejam de acordo com os pilares do SERR, plano estrat\u00e9gico da Igu\u00e1 que norteia o desenvolvimento sustent\u00e1vel da companhia e que contribuem para alcan\u00e7ar os Objetivos de Desenvolvimento Sustent\u00e1vel (ODS) da ONU: Educa\u00e7\u00e3o de Qualidade, \u00c1gua Limpa e Saneamento e Combate \u00e0s Altera\u00e7\u00f5es Clim\u00e1ticas.<\/p>\n\n\n\n<p>A inscri\u00e7\u00e3o \u00e9 gratuita e deve ser realizada no site da companhia: <a href=\"http:\/\/www.igua.com.br\/edital\" target=\"_blank\" rel=\"noreferrer noopener\">www.igua.com.br\/edital<\/a>, at\u00e9 o dia 9 de setembro. Os projetos devem estar enquadrados nas leis de Incentivo \u00e0 Cultura e ao Esporte. O resultado e a divulga\u00e7\u00e3o dos projetos premiados acontecem em 9 de dezembro.<\/p>\n\n\n\n<p><strong>Live:&nbsp;<\/strong>Tira D\u00favidas Edital Igu\u00e1<br><strong>Canal:<\/strong> Youtube Igu\u00e1 \u2013 <a href=\"https:\/\/youtu.be\/EO44JmTZxhY\" target=\"_blank\" rel=\"noreferrer noopener\">https:\/\/youtu.be\/EO44JmTZxhY<\/a><\/p>\n\n\n\n<p><strong>Data e hor\u00e1rio:&nbsp;<\/strong>25\/08\/22, \u00e0s 18h (hor\u00e1rio de Bras\u00edlia)<br><strong>Mais informa\u00e7\u00f5es: <\/strong><a href=\"mailto:iniciativasocial@igua.com.br\" target=\"_blank\" rel=\"noreferrer noopener\">iniciativasocial@igua.com.br<\/a><\/p>\n\n\n\n<p><strong>Sobre a Igu\u00e1 Saneamento<\/strong><strong><\/strong><\/p>\n\n\n\n<p>Companhia controlada pela IG4 Capital, a Igu\u00e1 atua no gerenciamento e na opera\u00e7\u00e3o de sistemas de abastecimento de \u00e1gua e esgotamento sanit\u00e1rio por meio de concess\u00f5es e parcerias p\u00fablico-privadas. Uma das principais empresas do setor no pa\u00eds, est\u00e1 presente em 39 munic\u00edpios de seis estados brasileiros \u2013 Alagoas, Mato Grosso, Rio de Janeiro, Santa Catarina, S\u00e3o Paulo e Paran\u00e1 \u2013 com 20 opera\u00e7\u00f5es que beneficiam cerca de 7,1 milh\u00f5es de pessoas. A Igu\u00e1 tem quatro pilares essenciais que orientam as a\u00e7\u00f5es de sustentabilidade em todas as suas unidades, constituindo o planejamento estrat\u00e9gico SERR: Seguran\u00e7a h\u00eddrica; Efici\u00eancia na gest\u00e3o do ciclo da \u00e1gua; Responsabilidade na coleta e tratamento de esgoto e Respeito \u00e0s pessoas. <\/p>\n\n\n\n<p>Signat\u00e1ria da Rede Brasil do Pacto Global (iniciativa da Organiza\u00e7\u00e3o das Na\u00e7\u00f5es Unidas), a companhia aderiu aos movimentos +\u00c1gua, Elas Lideram 2030 e Net Zero do programa Ambi\u00e7\u00e3o 2030, al\u00e9m de se comprometer publicamente, junto ao Science Based Target initiative (SBTi), com a redu\u00e7\u00e3o das emiss\u00f5es de carbono at\u00e9 2030. Neste ano, recebeu pela Climate Bonds Initiative (CBI) a certifica\u00e7\u00e3o do primeiro t\u00edtulo verde da Am\u00e9rica Latina para infraestrutura h\u00eddrica. Em 2021, ganhou reconhecimento pela excel\u00eancia em gest\u00e3o e servi\u00e7os com o Pr\u00eamio Nacional de Qualidade no Saneamento (PNQS). Tamb\u00e9m foi eleita pelo quinto ano consecutivo uma \u00f3tima empresa para se trabalhar pela consultoria Great Place to Work (GPTW). Atualmente, emprega aproximadamente 2 mil pessoas. O nome Igu\u00e1 \u00e9 uma refer\u00eancia direta ao universo em que atua: em tupi-guarani, \u201cig\u201d quer dizer \u00e1gua. <a rel=\"noreferrer noopener\" href=\"http:\/\/www.igua.com.br\/\" target=\"_blank\">www.igua.com.br<\/a><\/p>\n","protected":false},"excerpt":{"rendered":"<p>A Igu\u00e1, uma das maiores empresas de saneamento no Brasil, respons\u00e1vel pelas concession\u00e1rias \u00c1guas Andradina e \u00c1guas Castilho junto com a Sabesp, realiza a live \u201cTira D\u00favidas Edital Igu\u00e1\u201d, nesta quinta-feira, 25 de agosto, \u00e0s 18h, para esclarecer quest\u00f5es relacionadas ao edital Igu\u00e1 de Projetos Socioambientais, lan\u00e7ado pela companhia no in\u00edcio do m\u00eas. A 2\u00aa &hellip;<\/p>\n","protected":false},"author":1,"featured_media":528,"comment_status":"open","ping_status":"open","sticky":false,"template":"","format":"standard","meta":{"_jetpack_memberships_contains_paid_content":false,"footnotes":"","jetpack_publicize_message":"","jetpack_publicize_feature_enabled":true,"jetpack_social_post_already_shared":false,"jetpack_social_options":{"image_generator_settings":{"template":"highway","default_image_id":0,"enabled":false},"version":2}},"categories":[4],"tags":[],"class_list":["post-527","post","type-post","status-publish","format-standard","has-post-thumbnail","hentry","category-regiao"],"jetpack_publicize_connections":[],"jetpack_featured_media_url":"https:\/\/i0.wp.com\/www.paparazzinews.com.br\/wp-content\/uploads\/2022\/08\/EDITAL-Igua-1-Personalizado-e1661375374555.jpg?fit=1000%2C667&ssl=1","views":"3143","jetpack_likes_enabled":true,"jetpack_sharing_enabled":true,"_links":{"self":[{"href":"https:\/\/www.paparazzinews.com.br\/index.php?rest_route=\/wp\/v2\/posts\/527","targetHints":{"allow":["GET"]}}],"collection":[{"href":"https:\/\/www.paparazzinews.com.br\/index.php?rest_route=\/wp\/v2\/posts"}],"about":[{"href":"https:\/\/www.paparazzinews.com.br\/index.php?rest_route=\/wp\/v2\/types\/post"}],"author":[{"embeddable":true,"href":"https:\/\/www.paparazzinews.com.br\/index.php?rest_route=\/wp\/v2\/users\/1"}],"replies":[{"embeddable":true,"href":"https:\/\/www.paparazzinews.com.br\/index.php?rest_route=%2Fwp%2Fv2%2Fcomments&post=527"}],"version-history":[{"count":1,"href":"https:\/\/www.paparazzinews.com.br\/index.php?rest_route=\/wp\/v2\/posts\/527\/revisions"}],"predecessor-version":[{"id":529,"href":"https:\/\/www.paparazzinews.com.br\/index.php?rest_route=\/wp\/v2\/posts\/527\/revisions\/529"}],"wp:featuredmedia":[{"embeddable":true,"href":"https:\/\/www.paparazzinews.com.br\/index.php?rest_route=\/wp\/v2\/media\/528"}],"wp:attachment":[{"href":"https:\/\/www.paparazzinews.com.br\/index.php?rest_route=%2Fwp%2Fv2%2Fmedia&parent=527"}],"wp:term":[{"taxonomy":"category","embeddable":true,"href":"https:\/\/www.paparazzinews.com.br\/index.php?rest_route=%2Fwp%2Fv2%2Fcategories&post=527"},{"taxonomy":"post_tag","embeddable":true,"href":"https:\/\/www.paparazzinews.com.br\/index.php?rest_route=%2Fwp%2Fv2%2Ftags&post=527"}],"curies":[{"name":"wp","href":"https:\/\/api.w.org\/{rel}","templated":true}]}}