{"id":5263,"date":"2023-08-29T22:48:48","date_gmt":"2023-08-30T01:48:48","guid":{"rendered":"https:\/\/www.paparazzinews.com.br\/?p=5263"},"modified":"2023-08-29T22:48:49","modified_gmt":"2023-08-30T01:48:49","slug":"caminhonete-sequestro-de-aluna-na-porta-de-escola-mobiliza-investigacao-da-policia-em-tres-lagoas","status":"publish","type":"post","link":"https:\/\/www.paparazzinews.com.br\/?p=5263","title":{"rendered":"CAMINHONETE: Sequestro de aluna na porta de Escola mobiliza investiga\u00e7\u00e3o da pol\u00edcia em Tr\u00eas Lagoas"},"content":{"rendered":"\n<p>A Pol\u00edcia Civil, por interm\u00e9dio da DAM (Delegacia de Atendimento \u00e0 Mulher), de Tr\u00eas Lagoas-MS, investiga um caso de sequestro e c\u00e1rcere privado, ocorrido nesta segunda-feira, 28\/08, no munic\u00edpio. O caso teria ocorrido por volta das 11 horas, quando uma menina de 10 anos de idade estava saindo da escola e foi raptada por um desconhecido, em uma caminhonete.<\/p>\n\n\n\n<p>Os fatos foram registrados na DEPAC\/TL (Delegacia de Pronto Atendimento Comunit\u00e1rio de Tr\u00eas Lagoas) e encaminhado para a DAM, que assim que tomou conhecimento iniciou os trabalhos investigativos para completa apura\u00e7\u00e3o do ocorrido. A crian\u00e7a, a m\u00e3e e outras testemunhas j\u00e1 foram ouvidas e a Pol\u00edcia Civil est\u00e1 em dilig\u00eancias para localizar o autor.<\/p>\n\n\n\n<p>De acordo com o delegado respons\u00e1vel pelo caso, Matheus Souza Oliveira de Palma, a crian\u00e7a contou que quando estava saindo da escola, o desconhecido a seguiu, tampou a boca dela, fazendo com que ela desmaiasse. Assim que acordou, a menina estava no banco de tr\u00e1s da caminhonete e pelo retrovisor central do ve\u00edculo viu o autor fazendo sinal para que ela ficasse quieta.<\/p>\n\n\n\n<p>Ao perceber que o ve\u00edculo n\u00e3o estava travado, a v\u00edtima conseguiu fugir e come\u00e7ou a correr, momento em que o autor foi embora. A menina continuou correndo e conseguiu chegar em sua casa.<\/p>\n\n\n\n<p>\u201cAssim que recebemos a ocorr\u00eancia, determinei a coleta de eventuais imagens de c\u00e2maras de seguran\u00e7a das redondezas, de modo a tentar reproduzir o trajeto realizado pelo autor, e requisitei exames para a constata\u00e7\u00e3o de eventuais les\u00f5es na v\u00edtima, al\u00e9m da realiza\u00e7\u00e3o de exame sexol\u00f3gico, tendo resultado negativo\u201d, explicou o delegado.<\/p>\n\n\n\n<p><em><strong>Participe da comunidade do Canal Roni Paparazzi no Whatsapp e receba as principais not\u00edcias do dia direto no seu celular.<\/strong>\u00a0<a rel=\"noreferrer noopener\" href=\"https:\/\/chat.whatsapp.com\/GsG1XKo0jPOEfjzudWQcml\" target=\"_blank\">\u00a0Clique aqui e se inscreva.<\/a><\/em><\/p>\n","protected":false},"excerpt":{"rendered":"<p>A Pol\u00edcia Civil, por interm\u00e9dio da DAM (Delegacia de Atendimento \u00e0 Mulher), de Tr\u00eas Lagoas-MS, investiga um caso de sequestro e c\u00e1rcere privado, ocorrido nesta segunda-feira, 28\/08, no munic\u00edpio. O caso teria ocorrido por volta das 11 horas, quando uma menina de 10 anos de idade estava saindo da escola e foi raptada por um &hellip;<\/p>\n","protected":false},"author":1,"featured_media":5265,"comment_status":"open","ping_status":"open","sticky":false,"template":"","format":"standard","meta":{"_jetpack_memberships_contains_paid_content":false,"footnotes":"","jetpack_publicize_message":"","jetpack_publicize_feature_enabled":true,"jetpack_social_post_already_shared":false,"jetpack_social_options":{"image_generator_settings":{"template":"highway","default_image_id":0,"enabled":false},"version":2}},"categories":[3],"tags":[],"class_list":["post-5263","post","type-post","status-publish","format-standard","has-post-thumbnail","hentry","category-policial"],"jetpack_publicize_connections":[],"jetpack_featured_media_url":"https:\/\/i0.wp.com\/www.paparazzinews.com.br\/wp-content\/uploads\/2023\/08\/WhatsApp-Image-2021-08-19-at-07.19.48-1-1-e1693359847499.jpeg?fit=1000%2C750&ssl=1","views":"3560","jetpack_likes_enabled":true,"jetpack_sharing_enabled":true,"_links":{"self":[{"href":"https:\/\/www.paparazzinews.com.br\/index.php?rest_route=\/wp\/v2\/posts\/5263","targetHints":{"allow":["GET"]}}],"collection":[{"href":"https:\/\/www.paparazzinews.com.br\/index.php?rest_route=\/wp\/v2\/posts"}],"about":[{"href":"https:\/\/www.paparazzinews.com.br\/index.php?rest_route=\/wp\/v2\/types\/post"}],"author":[{"embeddable":true,"href":"https:\/\/www.paparazzinews.com.br\/index.php?rest_route=\/wp\/v2\/users\/1"}],"replies":[{"embeddable":true,"href":"https:\/\/www.paparazzinews.com.br\/index.php?rest_route=%2Fwp%2Fv2%2Fcomments&post=5263"}],"version-history":[{"count":1,"href":"https:\/\/www.paparazzinews.com.br\/index.php?rest_route=\/wp\/v2\/posts\/5263\/revisions"}],"predecessor-version":[{"id":5266,"href":"https:\/\/www.paparazzinews.com.br\/index.php?rest_route=\/wp\/v2\/posts\/5263\/revisions\/5266"}],"wp:featuredmedia":[{"embeddable":true,"href":"https:\/\/www.paparazzinews.com.br\/index.php?rest_route=\/wp\/v2\/media\/5265"}],"wp:attachment":[{"href":"https:\/\/www.paparazzinews.com.br\/index.php?rest_route=%2Fwp%2Fv2%2Fmedia&parent=5263"}],"wp:term":[{"taxonomy":"category","embeddable":true,"href":"https:\/\/www.paparazzinews.com.br\/index.php?rest_route=%2Fwp%2Fv2%2Fcategories&post=5263"},{"taxonomy":"post_tag","embeddable":true,"href":"https:\/\/www.paparazzinews.com.br\/index.php?rest_route=%2Fwp%2Fv2%2Ftags&post=5263"}],"curies":[{"name":"wp","href":"https:\/\/api.w.org\/{rel}","templated":true}]}}