{"id":5251,"date":"2023-08-29T12:10:15","date_gmt":"2023-08-29T15:10:15","guid":{"rendered":"https:\/\/www.paparazzinews.com.br\/?p=5251"},"modified":"2023-08-29T12:10:16","modified_gmt":"2023-08-29T15:10:16","slug":"educacao-ambiental-alunos-de-andradina-e-de-castilho-participam-do-projeto-bonecos-urbanos-em-acao","status":"publish","type":"post","link":"https:\/\/www.paparazzinews.com.br\/?p=5251","title":{"rendered":"EDUCA\u00c7\u00c3O AMBIENTAL: Alunos de Andradina e de Castilho participam do projeto Bonecos Urbanos em A\u00e7\u00e3o"},"content":{"rendered":"\n<p>Esta semana, a companhia de teatro paulistana Bonecos Urbanos voltou a Andradina e chega em Castilho para mais uma s\u00e9rie de oficinas do projeto Bonecos Urbanos em A\u00e7\u00e3o &#8211; uma iniciativa apoiada pela Igu\u00e1 Saneamento, uma das controladoras da \u00c1guas Andradina e da \u00c1guas Castilho.<\/p>\n\n\n\n<p>O principal objetivo \u00e9 ensinar os participantes a confeccionar bonecos\/fantoches de 135 gramas cada, dando vida para res\u00edduos reaproveitados que n\u00e3o v\u00e3o para o lixo. \u201cO Bonecos em A\u00e7\u00e3o \u00e9 muito mais que um simples olhar para a reutiliza\u00e7\u00e3o de materiais recicl\u00e1veis. Ele leva em seu escopo, al\u00e9m da conscientiza\u00e7\u00e3o ambiental, o olhar e a reflex\u00e3o sobre as diversas formas de transformar o lixo dom\u00e9stico em arte, cultura popular, artesanato e renda extra, ajudando o desenvolvimento cultural, ambiental e social dessas cidades\u201d, complementa Rubinho Louzada, um dos fundadores da companhia.<\/p>\n\n\n\n<p>A Cia Bonecos Urbanos tem 25 anos de hist\u00f3ria, entre os trabalhos de manipula\u00e7\u00e3o e confec\u00e7\u00e3o de bonecos para produ\u00e7\u00f5es de Teatro e Audiovisual, seus atores marcam presen\u00e7a na televis\u00e3o em programas como o Cocoric\u00f3, da TV Cultura.&nbsp;&nbsp;<\/p>\n\n\n\n<p>Este projeto faz parte da estrat\u00e9gia de investimento social da companhia para a constru\u00e7\u00e3o de um futuro sustent\u00e1vel e \u00e9 uma realiza\u00e7\u00e3o do Minist\u00e9rio da Cultura por meio da lei de incentivo \u00e0 cultura com patroc\u00ednio da Igu\u00e1 Saneamento e apoio cultural da \u00c1guas Andradina e da \u00c1guas Castilho e das Prefeituras de Andradina e de Castilho.<\/p>\n\n\n\n<p>Segundo o gerente operacional da Matheus Felipe Silva, essa a\u00e7\u00e3o vem ao encontro da miss\u00e3o da concession\u00e1ria de&nbsp;investir em iniciativas de&nbsp;responsabilidade social e ambiental durante o ano todo, impactando de forma positiva a vida de quem mora em Andradina e Castilho. \u201cDesta forma, assumimos cada vez mais protagonismo nessa miss\u00e3o de transforma\u00e7\u00e3o para um desenvolvimento sustent\u00e1vel\u201d, ressalta.<\/p>\n\n\n\n<p><strong>Confira a agenda:<\/strong><\/p>\n\n\n\n<p>Dia 29 de agosto<\/p>\n\n\n\n<p>&nbsp;<br>Espet\u00e1culo No Curso do Rio<\/p>\n\n\n\n<p>\u25cf&nbsp;&nbsp;&nbsp;&nbsp;&nbsp;&nbsp;&nbsp;CENTRO CULTURAL &#8211; Av. Guanabara, 2040. &#8211; 08h30 \u00e0s 09h30<\/p>\n\n\n\n<p>Oficina Crian\u00e7a<\/p>\n\n\n\n<p>\u25cf&nbsp;&nbsp;&nbsp;&nbsp;&nbsp;&nbsp;&nbsp;EMEI Homero B. Calvoso &#8211;&nbsp;&nbsp;Av. Rio Grande do Sul &#8211; Jd. das \u00c1guas. &#8211; 10h00 \u00e0s 11h00<\/p>\n\n\n\n<p>\u25cf&nbsp;&nbsp;&nbsp;&nbsp;&nbsp;&nbsp;&nbsp;EMEI Eul\u00e1lia Matos Oliveira &#8211;&nbsp;&nbsp;Rua Jos\u00e9 Bonif\u00e1cio, 1016 &#8211; Centro. &#8211; 12h30 \u00e0s 17h30<\/p>\n\n\n\n<p>\u25cf&nbsp;&nbsp;&nbsp;&nbsp;&nbsp;&nbsp;&nbsp;EMEI Homero B. Calvoso &#8211; Av. Rio Grande do Sul &#8211; Jd. das \u00c1guas. &#8211; 12h30 \u00e0s 17h30<\/p>\n\n\n\n<p>Oficina Professores<\/p>\n\n\n\n<p>\u25cf&nbsp;&nbsp;&nbsp;&nbsp;&nbsp;&nbsp;&nbsp;EMEI Homero B. Calvoso &#8211; Av. Rio Grande do Sul &#8211; Jd. das \u00c1guas. &#8211; 17h40 \u00e0s 19h20<\/p>\n\n\n\n<p>Castilho<\/p>\n\n\n\n<p>Dia 30 de agosto<\/p>\n\n\n\n<p>&nbsp;<br>Oficina Crian\u00e7a<\/p>\n\n\n\n<p>\u25cf&nbsp;&nbsp;&nbsp;&nbsp;&nbsp;&nbsp;&nbsp;EMEF DR. YOUSSEF NEIF KASSAB &#8211; Rua Jos\u00e9 Leandro de Souza, 719 \u2013 Centro &#8211; Castilho &#8211; SP &#8211; 07h00 \u00e0s 08h00<\/p>\n\n\n\n<p>Espet\u00e1culo Bonecos Ritmos e M\u00fasica<\/p>\n\n\n\n<p>\u25cf&nbsp;&nbsp;&nbsp;&nbsp;&nbsp;&nbsp;&nbsp;Centro Integrado de Educa\u00e7\u00e3o e Cultura&nbsp;&nbsp;&#8211; Av. Adnaldo Rodrigues de Medeiros 72 &#8211; 09h00 \u00e0s 10h00<\/p>\n\n\n\n<p>Oficina Crian\u00e7a<\/p>\n\n\n\n<p>\u25cf&nbsp;&nbsp;&nbsp;&nbsp;&nbsp;&nbsp;&nbsp;EMEIEF PROF\u00aa DIJANIRA BOZZO JORGE &#8211; Rua 08, n\u00ba 15 \u2013 Bairro Nova York &#8211; 10h30 \u00e0s 11h30<\/p>\n\n\n\n<p>\u25cf&nbsp;&nbsp;&nbsp;&nbsp;&nbsp;&nbsp;&nbsp;EMEF DR. YOUSSEF NEIF KASSAB &#8211; Rua Jos\u00e9 Leandro de Souza, 719 \u2013 Centro &#8211; 13h00 \u00e0s 14h00<\/p>\n\n\n\n<p>\u25cf&nbsp;&nbsp;&nbsp;&nbsp;&nbsp;&nbsp;&nbsp;EMEF DR. YOUSSEF NEIF KASSAB&nbsp;&nbsp;&#8211;&nbsp;&nbsp;Rua Jos\u00e9 Leandro de Souza, 719 \u2013 Centro &#8211; 14h00 \u00e0s 15h00<\/p>\n\n\n\n<p>\u25cf&nbsp;&nbsp;&nbsp;&nbsp;&nbsp;&nbsp;&nbsp;EMEF PROF. MAURO ROBERTO MANOEL &#8211;&nbsp;&nbsp;Rua Duque de Caxias, 505 \u2013 Laranjeiras &#8211; 15h30 \u00e0s 17h30<\/p>\n\n\n\n<p>31 de agosto<\/p>\n\n\n\n<p>&nbsp;<br>Oficina Crian\u00e7a<\/p>\n\n\n\n<p>\u25cf&nbsp;&nbsp;&nbsp;&nbsp;&nbsp;&nbsp;&nbsp;EMEF PROF. MAURO ROBERTO MANOEL&nbsp;&nbsp;&nbsp;Rua Duque de Caxias, 505 \u2013 Laranjeiras &#8211; 07h00 \u00e0s 08h00<\/p>\n\n\n\n<p>\u25cf&nbsp;&nbsp;&nbsp;&nbsp;&nbsp;&nbsp;&nbsp;EMEIEF PROF\u00aa MARIA APARECIDA BUZACHERO BANDEIRA&nbsp;&nbsp;&#8211; Assentamento Nossa Senhora Aparecida \u2013 Bairro Buriti &#8211; 09h00 \u00e0s 10h00<\/p>\n\n\n\n<p>\u25cf&nbsp;&nbsp;&nbsp;&nbsp;&nbsp;&nbsp;&nbsp;EMEF DR. YOUSSEF NEIF KASSAB &#8211; Rua Jos\u00e9 Leandro de Souza, 719 \u2013 Centro &#8211; 07h30 \u00e0s 08h30<\/p>\n\n\n\n<p>\u25cf&nbsp;&nbsp;&nbsp;&nbsp;&nbsp;&nbsp;&nbsp;EMEIEF PROF\u00aa MARIA DAURIA SILVA OLIVEIRA &#8211; Km 667 \u2013 Rod. Marechal Rondon &#8211; 10h00 \u00e0s 11h00<\/p>\n\n\n\n<p>Espet\u00e1culo No Curso do Rio<\/p>\n\n\n\n<p>\u25cf&nbsp;&nbsp;&nbsp;&nbsp;&nbsp;&nbsp;&nbsp;Centro Integrado de Educa\u00e7\u00e3o e Cultura&nbsp;&nbsp;&#8211; Av. Adnaldo Rodrigues de Medeiros 72 &#8211; 13h00 \u00e0s 14h00<\/p>\n\n\n\n<p><em><strong>Participe da comunidade do Canal Roni Paparazzi no Whatsapp e receba as principais not\u00edcias do dia direto no seu celular.<\/strong>\u00a0<a rel=\"noreferrer noopener\" href=\"https:\/\/chat.whatsapp.com\/GsG1XKo0jPOEfjzudWQcml\" target=\"_blank\">\u00a0Clique aqui e se inscreva.<\/a><\/em><\/p>\n","protected":false},"excerpt":{"rendered":"<p>Esta semana, a companhia de teatro paulistana Bonecos Urbanos voltou a Andradina e chega em Castilho para mais uma s\u00e9rie de oficinas do projeto Bonecos Urbanos em A\u00e7\u00e3o &#8211; uma iniciativa apoiada pela Igu\u00e1 Saneamento, uma das controladoras da \u00c1guas Andradina e da \u00c1guas Castilho. O principal objetivo \u00e9 ensinar os participantes a confeccionar bonecos\/fantoches &hellip;<\/p>\n","protected":false},"author":1,"featured_media":5252,"comment_status":"open","ping_status":"open","sticky":false,"template":"","format":"standard","meta":{"_jetpack_memberships_contains_paid_content":false,"footnotes":"","jetpack_publicize_message":"","jetpack_publicize_feature_enabled":true,"jetpack_social_post_already_shared":false,"jetpack_social_options":{"image_generator_settings":{"template":"highway","default_image_id":0,"enabled":false},"version":2}},"categories":[6],"tags":[],"class_list":["post-5251","post","type-post","status-publish","format-standard","has-post-thumbnail","hentry","category-entretenimento"],"jetpack_publicize_connections":[],"jetpack_featured_media_url":"https:\/\/i0.wp.com\/www.paparazzinews.com.br\/wp-content\/uploads\/2023\/08\/Bonecos-Urbanos-Ensaio_EspetaculoNo-CURSO-DO-RIO_foto_ricardoBoni-e1693321802186.jpg?fit=1000%2C667&ssl=1","views":"2843","jetpack_likes_enabled":true,"jetpack_sharing_enabled":true,"_links":{"self":[{"href":"https:\/\/www.paparazzinews.com.br\/index.php?rest_route=\/wp\/v2\/posts\/5251","targetHints":{"allow":["GET"]}}],"collection":[{"href":"https:\/\/www.paparazzinews.com.br\/index.php?rest_route=\/wp\/v2\/posts"}],"about":[{"href":"https:\/\/www.paparazzinews.com.br\/index.php?rest_route=\/wp\/v2\/types\/post"}],"author":[{"embeddable":true,"href":"https:\/\/www.paparazzinews.com.br\/index.php?rest_route=\/wp\/v2\/users\/1"}],"replies":[{"embeddable":true,"href":"https:\/\/www.paparazzinews.com.br\/index.php?rest_route=%2Fwp%2Fv2%2Fcomments&post=5251"}],"version-history":[{"count":1,"href":"https:\/\/www.paparazzinews.com.br\/index.php?rest_route=\/wp\/v2\/posts\/5251\/revisions"}],"predecessor-version":[{"id":5253,"href":"https:\/\/www.paparazzinews.com.br\/index.php?rest_route=\/wp\/v2\/posts\/5251\/revisions\/5253"}],"wp:featuredmedia":[{"embeddable":true,"href":"https:\/\/www.paparazzinews.com.br\/index.php?rest_route=\/wp\/v2\/media\/5252"}],"wp:attachment":[{"href":"https:\/\/www.paparazzinews.com.br\/index.php?rest_route=%2Fwp%2Fv2%2Fmedia&parent=5251"}],"wp:term":[{"taxonomy":"category","embeddable":true,"href":"https:\/\/www.paparazzinews.com.br\/index.php?rest_route=%2Fwp%2Fv2%2Fcategories&post=5251"},{"taxonomy":"post_tag","embeddable":true,"href":"https:\/\/www.paparazzinews.com.br\/index.php?rest_route=%2Fwp%2Fv2%2Ftags&post=5251"}],"curies":[{"name":"wp","href":"https:\/\/api.w.org\/{rel}","templated":true}]}}