{"id":5231,"date":"2023-08-28T17:25:26","date_gmt":"2023-08-28T20:25:26","guid":{"rendered":"https:\/\/www.paparazzinews.com.br\/?p=5231"},"modified":"2023-08-28T17:28:43","modified_gmt":"2023-08-28T20:28:43","slug":"cadeia-de-pereira-barreto-e-fechada-por-falta-de-quantidade-de-presos-saiba-onde-vao-ficar","status":"publish","type":"post","link":"https:\/\/www.paparazzinews.com.br\/?p=5231","title":{"rendered":"Cadeia de Pereira Barreto \u00e9 fechada por falta de presos, saiba onde v\u00e3o ficar"},"content":{"rendered":"\n<p>A cadeia de Pereira Barreto, que funcionava como unidade de transi\u00e7\u00e3o para receber os presos nos munic\u00edpios 12 munic\u00edpios da \u00e1rea da Delegacia Seccional de Andradina, suspendeu as atividades. A informa\u00e7\u00e3o \u00e9 do Hojemais Andradina.<\/p>\n\n\n\n<p>Desde sexta-feira (4), os presos nestes munic\u00edpios passaram a ser encaminhados para a cadeia de Pen\u00e1polis, que passa a ser a \u00fanica unidade do tipo na \u00e1rea do Deinter-10 (Departamento de Pol\u00edcia Judici\u00e1ria) de Ara\u00e7atuba, que corresponde a 43 munic\u00edpios.<\/p>\n\n\n\n<p>As cadeias de transi\u00e7\u00e3o existem para receber os presos temporariamente, enquanto eles aguardam vagas em unidades da SAP (Secretaria de Administra\u00e7\u00e3o Penitenci\u00e1ria).<\/p>\n\n\n\n<p>O delegado Secional de Andradina, Jos\u00e9 Astolfo J\u00fanior, explica que o encerramento das atividades na cadeia de Pereira Barreto deve-se \u00e0 queda no n\u00famero de presos nessas situa\u00e7\u00f5es. De acordo com ele, a unidade tinha capacidade para abrigar at\u00e9 60 presos, mas na semana passada tinha apenas seis.<\/p>\n\n\n\n<p>Diante da pouca demanda, segundo o delegado, ficou invi\u00e1vel manter a unidade em funcionamento, at\u00e9 por n\u00e3o ser poss\u00edvel assinar contato com empresa para fornecimento de alimenta\u00e7\u00e3o para os presos, o que \u00e9 uma obriga\u00e7\u00e3o.&nbsp;<\/p>\n\n\n\n<p><strong>Expans\u00e3o<\/strong><\/p>\n\n\n\n<p>Um dos motivos para a redu\u00e7\u00e3o no n\u00famero de presos nas cadeias de transi\u00e7\u00e3o foi a expans\u00e3o das unidades da SAP, segundo o delegado, que passaram a disponibilizar vagas com maior agilidade.<\/p>\n\n\n\n<p>Al\u00e9m disso, em maio deste ano entrou em vigor resolu\u00e7\u00e3o da secretaria, determinando que os presos e presas em fun\u00e7\u00e3o de mandados expedidos por medidas administrativas, como o n\u00e3o pagamento de pens\u00e3o aliment\u00edcia, sejam encaminhados para unidades da SAP.<\/p>\n\n\n\n<p>Antes, os presos em decorr\u00eancia de pris\u00f5es civis permaneciam nas cadeias de transi\u00e7\u00e3o pelo prazo determinado pela Justi\u00e7a, que normalmente \u00e9 de 30 dias. Agora, eles devem ser automaticamente inclu\u00eddos no sistema penal, logo ap\u00f3s audi\u00eancia de cust\u00f3dia.<\/p>\n\n\n\n<p>Os presos em flagrante, nos casos em que seja decretada a pris\u00e3o preventiva; preventivamente; e em decorr\u00eancia de condena\u00e7\u00f5es tamb\u00e9m devem ser encaminhados para unidades prisionais logo ap\u00f3s a audi\u00eancia de cust\u00f3dia.<\/p>\n\n\n\n<p><em><strong>Participe da comunidade do Canal Roni Paparazzi no Whatsapp e receba as principais not\u00edcias do dia direto no seu celular.<\/strong>&nbsp;<a rel=\"noreferrer noopener\" href=\"https:\/\/chat.whatsapp.com\/GsG1XKo0jPOEfjzudWQcml\" target=\"_blank\">&nbsp;Clique aqui e se inscreva.<\/a><\/em><\/p>\n","protected":false},"excerpt":{"rendered":"<p>A cadeia de Pereira Barreto, que funcionava como unidade de transi\u00e7\u00e3o para receber os presos nos munic\u00edpios 12 munic\u00edpios da \u00e1rea da Delegacia Seccional de Andradina, suspendeu as atividades. A informa\u00e7\u00e3o \u00e9 do Hojemais Andradina. Desde sexta-feira (4), os presos nestes munic\u00edpios passaram a ser encaminhados para a cadeia de Pen\u00e1polis, que passa a ser &hellip;<\/p>\n","protected":false},"author":1,"featured_media":5232,"comment_status":"open","ping_status":"open","sticky":false,"template":"","format":"standard","meta":{"_jetpack_memberships_contains_paid_content":false,"footnotes":"","jetpack_publicize_message":"","jetpack_publicize_feature_enabled":true,"jetpack_social_post_already_shared":false,"jetpack_social_options":{"image_generator_settings":{"template":"highway","default_image_id":0,"enabled":false},"version":2}},"categories":[3],"tags":[],"class_list":["post-5231","post","type-post","status-publish","format-standard","has-post-thumbnail","hentry","category-policial"],"jetpack_publicize_connections":[],"jetpack_featured_media_url":"https:\/\/i0.wp.com\/www.paparazzinews.com.br\/wp-content\/uploads\/2023\/08\/IMG_4602.jpg?fit=1024%2C768&ssl=1","views":"3525","jetpack_likes_enabled":true,"jetpack_sharing_enabled":true,"_links":{"self":[{"href":"https:\/\/www.paparazzinews.com.br\/index.php?rest_route=\/wp\/v2\/posts\/5231","targetHints":{"allow":["GET"]}}],"collection":[{"href":"https:\/\/www.paparazzinews.com.br\/index.php?rest_route=\/wp\/v2\/posts"}],"about":[{"href":"https:\/\/www.paparazzinews.com.br\/index.php?rest_route=\/wp\/v2\/types\/post"}],"author":[{"embeddable":true,"href":"https:\/\/www.paparazzinews.com.br\/index.php?rest_route=\/wp\/v2\/users\/1"}],"replies":[{"embeddable":true,"href":"https:\/\/www.paparazzinews.com.br\/index.php?rest_route=%2Fwp%2Fv2%2Fcomments&post=5231"}],"version-history":[{"count":3,"href":"https:\/\/www.paparazzinews.com.br\/index.php?rest_route=\/wp\/v2\/posts\/5231\/revisions"}],"predecessor-version":[{"id":5237,"href":"https:\/\/www.paparazzinews.com.br\/index.php?rest_route=\/wp\/v2\/posts\/5231\/revisions\/5237"}],"wp:featuredmedia":[{"embeddable":true,"href":"https:\/\/www.paparazzinews.com.br\/index.php?rest_route=\/wp\/v2\/media\/5232"}],"wp:attachment":[{"href":"https:\/\/www.paparazzinews.com.br\/index.php?rest_route=%2Fwp%2Fv2%2Fmedia&parent=5231"}],"wp:term":[{"taxonomy":"category","embeddable":true,"href":"https:\/\/www.paparazzinews.com.br\/index.php?rest_route=%2Fwp%2Fv2%2Fcategories&post=5231"},{"taxonomy":"post_tag","embeddable":true,"href":"https:\/\/www.paparazzinews.com.br\/index.php?rest_route=%2Fwp%2Fv2%2Ftags&post=5231"}],"curies":[{"name":"wp","href":"https:\/\/api.w.org\/{rel}","templated":true}]}}