{"id":5119,"date":"2023-08-25T15:23:40","date_gmt":"2023-08-25T18:23:40","guid":{"rendered":"https:\/\/www.paparazzinews.com.br\/?p=5119"},"modified":"2023-08-25T15:23:41","modified_gmt":"2023-08-25T18:23:41","slug":"cesar-e-paulinho-gilberto-e-gilmar-vao-cantar-na-feira-da-industria-de-andradina","status":"publish","type":"post","link":"https:\/\/www.paparazzinews.com.br\/?p=5119","title":{"rendered":"Cesar e Paulinho, Gilberto e Gilmar v\u00e3o cantar na Feira da Industria de Andradina"},"content":{"rendered":"\n<p>A Feira da Ind\u00fastria, Com\u00e9rcio, Agro e Turismo (Ficat) divulgou sua grade de shows, para esta que ser\u00e1 uma exposi\u00e7\u00e3o que j\u00e1 nasce grande. A feira, realizada com parceria entre a Associa\u00e7\u00e3o Comercial e industrial de Andradina (ACIA), Sindicato Rural, CIENSP, SEBRAE e Prefeitura Municipal, \u00e9 uma atualiza\u00e7\u00e3o da antiga FICAR que era voltada somente para Ind\u00fastria e Com\u00e9rcio, por isso a contagem \u00e9 da 8\u00aa edi\u00e7\u00e3o. &#8220;Este ano a Feira foi totalmente reformulada e foram inclu\u00eddos o Agro e o Turismo como seus focos principais&#8221; afirmou o Presidente da Associa\u00e7\u00e3o Comercial de Andradina Maker Bento de Souza.<\/p>\n\n\n\n<p>A Feira acontecer\u00e1 de 12 a 15 de outubro no recinto de exposi\u00e7\u00e3o EXPOAN, durante a feira ser\u00e1 realizado tamb\u00e9m o 1\u00b0 Congresso Regional de Turismo, que pretende atrair todos os munic\u00edpios da regi\u00e3o dos grandes lagos para um grande evento com foco no desenvolvimento tur\u00edstico regional.<\/p>\n\n\n\n<p>A Feira ser\u00e1 um dos maiores eventos gerador de neg\u00f3cios j\u00e1 realizado em Andradina, teremos o maior Outlet de toda a regi\u00e3o noroeste do Estado de S\u00e3o Paulo, al\u00e9m de shows, parque de divers\u00f5es e nossa pra\u00e7a de alimenta\u00e7\u00e3o sediar\u00e1 o encerramento do Festival Gastron\u00f4mico Comida de Boteco.<\/p>\n\n\n\n<p><strong>FICAT<\/strong><br>DATA: DE 12 a 15 de Outubro<br>LOCAL: Recinto de Exposi\u00e7\u00e3o Miguel Rodrigues da Silva EXPOAN.<br><br><strong>SHOWS:<br><\/strong>DIA 12\/10 (DIA DA CRIAN\u00c7A)<br>BANDA KOMBINADOS e MEL ROCCA<br><br>DIA 13\/10<br>C\u00c9ZAR &amp; PAULINHO e MARCO T\u00daLIO &amp; LUCIANO<br><br>DIA 14\/10<br>GILBERTO &amp; GILMAR e ORQUESTRA DE VIOLA CAIPIRA \u201cREI DO GADO\u201d<br><br>DIA 15\/10<br>SUNSET DA FICAT com BANDA SWINGUEIRA DA BAHIA<br><br><strong>1\u00ba FORUM REGIONAL DE TURISMO<br><\/strong>Acontecer\u00e1 no dia 13, com a participa\u00e7\u00e3o dos munic\u00edpios da Regi\u00e3o Noroeste Paulista.<br>Um grande evento com foco no desenvolvimento tur\u00edstico regional, com a participa\u00e7\u00e3o de grandes palestrantes.<br><br>DIA 15\/10 LEIL\u00c3O DE GADO<br>Acontecer\u00e1 no dia 15 a partir das 10 horas, evento promovido pelo Sindicato Rural de Andradina.<\/p>\n\n\n\n<p><em><strong>Participe da comunidade do Canal Roni Paparazzi no Whatsapp e receba as principais not\u00edcias do dia direto no seu celular.<\/strong>\u00a0<a rel=\"noreferrer noopener\" href=\"https:\/\/chat.whatsapp.com\/GsG1XKo0jPOEfjzudWQcml\" target=\"_blank\">\u00a0Clique aqui e se inscreva.<\/a><\/em><\/p>\n\n\n\n<p><a href=\"https:\/\/www.paparazzinews.com.br\/wp-admin\/post.php?post=5116&amp;action=edit\"><\/a><\/p>\n","protected":false},"excerpt":{"rendered":"<p>A Feira da Ind\u00fastria, Com\u00e9rcio, Agro e Turismo (Ficat) divulgou sua grade de shows, para esta que ser\u00e1 uma exposi\u00e7\u00e3o que j\u00e1 nasce grande. A feira, realizada com parceria entre a Associa\u00e7\u00e3o Comercial e industrial de Andradina (ACIA), Sindicato Rural, CIENSP, SEBRAE e Prefeitura Municipal, \u00e9 uma atualiza\u00e7\u00e3o da antiga FICAR que era voltada somente &hellip;<\/p>\n","protected":false},"author":1,"featured_media":5120,"comment_status":"open","ping_status":"open","sticky":false,"template":"","format":"standard","meta":{"_jetpack_memberships_contains_paid_content":false,"footnotes":"","jetpack_publicize_message":"","jetpack_publicize_feature_enabled":true,"jetpack_social_post_already_shared":false,"jetpack_social_options":{"image_generator_settings":{"template":"highway","default_image_id":0,"enabled":false},"version":2}},"categories":[6],"tags":[],"class_list":["post-5119","post","type-post","status-publish","format-standard","has-post-thumbnail","hentry","category-entretenimento"],"jetpack_publicize_connections":[],"jetpack_featured_media_url":"https:\/\/i0.wp.com\/www.paparazzinews.com.br\/wp-content\/uploads\/2023\/08\/maxresdefault-e1692987809788.jpg?fit=1000%2C563&ssl=1","views":"3533","jetpack_likes_enabled":true,"jetpack_sharing_enabled":true,"_links":{"self":[{"href":"https:\/\/www.paparazzinews.com.br\/index.php?rest_route=\/wp\/v2\/posts\/5119","targetHints":{"allow":["GET"]}}],"collection":[{"href":"https:\/\/www.paparazzinews.com.br\/index.php?rest_route=\/wp\/v2\/posts"}],"about":[{"href":"https:\/\/www.paparazzinews.com.br\/index.php?rest_route=\/wp\/v2\/types\/post"}],"author":[{"embeddable":true,"href":"https:\/\/www.paparazzinews.com.br\/index.php?rest_route=\/wp\/v2\/users\/1"}],"replies":[{"embeddable":true,"href":"https:\/\/www.paparazzinews.com.br\/index.php?rest_route=%2Fwp%2Fv2%2Fcomments&post=5119"}],"version-history":[{"count":1,"href":"https:\/\/www.paparazzinews.com.br\/index.php?rest_route=\/wp\/v2\/posts\/5119\/revisions"}],"predecessor-version":[{"id":5121,"href":"https:\/\/www.paparazzinews.com.br\/index.php?rest_route=\/wp\/v2\/posts\/5119\/revisions\/5121"}],"wp:featuredmedia":[{"embeddable":true,"href":"https:\/\/www.paparazzinews.com.br\/index.php?rest_route=\/wp\/v2\/media\/5120"}],"wp:attachment":[{"href":"https:\/\/www.paparazzinews.com.br\/index.php?rest_route=%2Fwp%2Fv2%2Fmedia&parent=5119"}],"wp:term":[{"taxonomy":"category","embeddable":true,"href":"https:\/\/www.paparazzinews.com.br\/index.php?rest_route=%2Fwp%2Fv2%2Fcategories&post=5119"},{"taxonomy":"post_tag","embeddable":true,"href":"https:\/\/www.paparazzinews.com.br\/index.php?rest_route=%2Fwp%2Fv2%2Ftags&post=5119"}],"curies":[{"name":"wp","href":"https:\/\/api.w.org\/{rel}","templated":true}]}}