{"id":5116,"date":"2023-08-25T14:16:24","date_gmt":"2023-08-25T17:16:24","guid":{"rendered":"https:\/\/www.paparazzinews.com.br\/?p=5116"},"modified":"2023-08-25T14:16:25","modified_gmt":"2023-08-25T17:16:25","slug":"atencao-andradina-obras-da-av-bandeirantes-comecam-em-4-de-setembro","status":"publish","type":"post","link":"https:\/\/www.paparazzinews.com.br\/?p=5116","title":{"rendered":"Aten\u00e7\u00e3o Andradina! Obras da Av Bandeirantes come\u00e7am em 4 de setembro"},"content":{"rendered":"\n<p>As obras no principal acesso ao Bairro Santa Cec\u00edlia, pela avenida Bandeirantes v\u00e3o come\u00e7ar no pr\u00f3ximo dia 4 de setembro, uma segunda-feira. \u00a0O local, que \u00e9 campe\u00e3o de acidentes com mortes no per\u00edmetro urbano de Andradina, onde est\u00e1 localizado o viaduto da avenida Bandeirantes vai passar por mudan\u00e7as que v\u00e3o garantir mais seguran\u00e7a.<br>\u00a0<br>Durante o per\u00edodo das obras elas poder\u00e3o acontecer 24 horas por dia, sendo iniciadas do lado dos bairro Vila Rica e Piscina. Segundo o engenheiro Geraldo Pilla, secret\u00e1rio de Obras do Governo de Andradina, durante o dia haver\u00e3o funcion\u00e1rios controlando o tr\u00e2nsito no sistema \u201cpare e siga\u201d e, durante as noites, o acesso pelo bairro dever\u00e1 ser feita pela passagem de n\u00edvel entre o Santa Cec\u00edlia e o Benfica (em frente a ADPM, na rua Guara\u00e7a\u00ed). Esse acesso, e as sa\u00eddas pela General Euclides Figueiredo e Marechal Rondon, dever\u00e3o ser as principais vias utilizadas pelos moradores at\u00e9 o final das obras, em caso de interdi\u00e7\u00e3o.<br>\u00a0<br>A passagem sob o viaduto, que por d\u00e9cadas foi a \u00fanica liga\u00e7\u00e3o urbana entre o Bairro Santa Cec\u00edlia e outros adjacentes, ao restante da cidade, vai ganhar nova rotat\u00f3ria. A obra or\u00e7ada em aproximadamente R$ 200 mil \u00e9 uma aposta para fim ao ciclo de mortes em acidentes no local.<br>\u00a0<br>O local faz acesso direto a rodovia General Euclides de Oliveira Figueiredo (SP-563), \u201cA constru\u00e7\u00e3o \u00e9 considerada de vital import\u00e2ncia urban\u00edstica devido ao grande aumento do transito no local, fomentado pela expans\u00e3o habitacional da \u00e1rea do Jardim Santa Cec\u00edlia, que ainda possui os bairros Jardim Bela Vista, e loteamentos como o Residencial Quinta dos Castanheira, Residencial \u00c1gua Viva, Jardim Bandeirantes.<\/p>\n\n\n\n<p><em><strong>Participe da comunidade do Canal Roni Paparazzi no Whatsapp e receba as principais not\u00edcias do dia direto no seu celular.<\/strong>\u00a0<a rel=\"noreferrer noopener\" href=\"https:\/\/chat.whatsapp.com\/GsG1XKo0jPOEfjzudWQcml\" target=\"_blank\">\u00a0Clique aqui e se inscreva.<\/a><\/em><\/p>\n","protected":false},"excerpt":{"rendered":"<p>As obras no principal acesso ao Bairro Santa Cec\u00edlia, pela avenida Bandeirantes v\u00e3o come\u00e7ar no pr\u00f3ximo dia 4 de setembro, uma segunda-feira. \u00a0O local, que \u00e9 campe\u00e3o de acidentes com mortes no per\u00edmetro urbano de Andradina, onde est\u00e1 localizado o viaduto da avenida Bandeirantes vai passar por mudan\u00e7as que v\u00e3o garantir mais seguran\u00e7a.\u00a0Durante o per\u00edodo &hellip;<\/p>\n","protected":false},"author":1,"featured_media":5117,"comment_status":"open","ping_status":"open","sticky":false,"template":"","format":"standard","meta":{"_jetpack_memberships_contains_paid_content":false,"footnotes":"","jetpack_publicize_message":"","jetpack_publicize_feature_enabled":true,"jetpack_social_post_already_shared":false,"jetpack_social_options":{"image_generator_settings":{"template":"highway","default_image_id":0,"enabled":false},"version":2}},"categories":[4],"tags":[],"class_list":["post-5116","post","type-post","status-publish","format-standard","has-post-thumbnail","hentry","category-regiao"],"jetpack_publicize_connections":[],"jetpack_featured_media_url":"https:\/\/i0.wp.com\/www.paparazzinews.com.br\/wp-content\/uploads\/2023\/08\/756eee0a41e761911ba6027c8a6af647.jpg?fit=800%2C532&ssl=1","views":"1509","jetpack_likes_enabled":true,"jetpack_sharing_enabled":true,"_links":{"self":[{"href":"https:\/\/www.paparazzinews.com.br\/index.php?rest_route=\/wp\/v2\/posts\/5116","targetHints":{"allow":["GET"]}}],"collection":[{"href":"https:\/\/www.paparazzinews.com.br\/index.php?rest_route=\/wp\/v2\/posts"}],"about":[{"href":"https:\/\/www.paparazzinews.com.br\/index.php?rest_route=\/wp\/v2\/types\/post"}],"author":[{"embeddable":true,"href":"https:\/\/www.paparazzinews.com.br\/index.php?rest_route=\/wp\/v2\/users\/1"}],"replies":[{"embeddable":true,"href":"https:\/\/www.paparazzinews.com.br\/index.php?rest_route=%2Fwp%2Fv2%2Fcomments&post=5116"}],"version-history":[{"count":1,"href":"https:\/\/www.paparazzinews.com.br\/index.php?rest_route=\/wp\/v2\/posts\/5116\/revisions"}],"predecessor-version":[{"id":5118,"href":"https:\/\/www.paparazzinews.com.br\/index.php?rest_route=\/wp\/v2\/posts\/5116\/revisions\/5118"}],"wp:featuredmedia":[{"embeddable":true,"href":"https:\/\/www.paparazzinews.com.br\/index.php?rest_route=\/wp\/v2\/media\/5117"}],"wp:attachment":[{"href":"https:\/\/www.paparazzinews.com.br\/index.php?rest_route=%2Fwp%2Fv2%2Fmedia&parent=5116"}],"wp:term":[{"taxonomy":"category","embeddable":true,"href":"https:\/\/www.paparazzinews.com.br\/index.php?rest_route=%2Fwp%2Fv2%2Fcategories&post=5116"},{"taxonomy":"post_tag","embeddable":true,"href":"https:\/\/www.paparazzinews.com.br\/index.php?rest_route=%2Fwp%2Fv2%2Ftags&post=5116"}],"curies":[{"name":"wp","href":"https:\/\/api.w.org\/{rel}","templated":true}]}}