{"id":5095,"date":"2023-08-24T16:53:15","date_gmt":"2023-08-24T19:53:15","guid":{"rendered":"https:\/\/www.paparazzinews.com.br\/?p=5095"},"modified":"2023-08-24T16:53:16","modified_gmt":"2023-08-24T19:53:16","slug":"andradinense-em-sua-primeira-competicao-internacional-leva-medalha-de-ouro-do-judo","status":"publish","type":"post","link":"https:\/\/www.paparazzinews.com.br\/?p=5095","title":{"rendered":"Andradinense em sua primeira competi\u00e7\u00e3o internacional leva medalha de ouro do Jud\u00f4"},"content":{"rendered":"\n<p>Uma andradinense fez o Brasil voltar a brilhar neste domingo (20) nas disputas do\u00a0Grand Prix de Zagreb de Jud\u00f4.\u00a0Karol Gimenes, a carateca que mudou de modalidade e est\u00e1 conquistando o mundo do Jud\u00f4,\u00a0ganhou a\u00a0medalha de ouro\u00a0na categoria at\u00e9 78kg e assegurou ao Brasil o topo do ranking de medalhas da competi\u00e7\u00e3o.\u00a0Rafael Macedo, na categoria at\u00e9 90kg, e\u00a0Leonardo Gon\u00e7alves, na categoria at\u00e9 100kg, asseguraram mais duas\u00a0medalhas de bronze, e assim o Brasil encerrou o Grand Prix com\u00a0cinco medalhas\u00a0conquistadas.<br>\u00a0<br>Competindo na categoria at\u00e9 78kg, a brasileira, que pela primeira vez competiu em um torneio internacional, venceu a sua luta de estreia contra Khuslen Otgonbayar, da Mong\u00f3lia. Em seguida superou Moira De Villiers, da Nova Zel\u00e2ndia e se classificou para as quartas de final, se colocando na disputa por medalhas. A advers\u00e1ria foi a brit\u00e2nica\u00a0Emma Reid\u00a0e Karol venceu mais uma, carimbando a vaga nas semifinais.<br>\u00a0<br>O combate das semifinais foi contra a Lieke Derks, dos Pa\u00edses Baixos. Karol Gimenes encaixou um belo ippon na metade do combate e se garantiu na final da categoria, contra a ucraniana Yullia Khurchenko. Na luta final, a brasileira vinha fazendo uma disputa equilibrada at\u00e9 encaixar um belo wazari, j\u00e1 imobilizando a ucraniana at\u00e9 o ippon, que assegurou Karol como a campe\u00e3 da categoria at\u00e9 78kg. Samanta Soares tamb\u00e9m competiu na categoria e foi superada na sua segunda luta.<br>\u00a0<br>Trajet\u00f3ria<br>A judoca andradinense Karol Priscila Bueno Salvador Gimenez come\u00e7ou no Karat\u00ea na escola Shobukan, em Andradina e em Barretos migrou para o Jud\u00f4.<br>\u00a0<br>Karol sempre teve voca\u00e7\u00e3o para o esporte\u00a0orientada por seus primeiros professores, o J\u00fanior Pedrosa e o Lucas Borges.<br>Quando a fam\u00edlia de Karol se mudou para Barretos n\u00e3o havia escolas de Karat\u00ea dispon\u00edveis e ela migrou para o Jud\u00f4, apaixonando-se de vez pela nobre arte de origem oriental.<br>\u00a0<br>Mesmo enfrentando muitas dificuldades e muita falta de apoio no in\u00edcio, a menina prod\u00edgio persistiu e neste domingo (20), foi coroada por todo seu esfor\u00e7o desde muito nova. Ela representa o E. C. Pinheiros e est\u00e1 rumo \u00e0s Olimp\u00edadas. (Com informa\u00e7\u00f5es de Manoel Messias)<\/p>\n\n\n\n<p><em><strong>Participe da comunidade do Canal Roni Paparazzi no Whatsapp e receba as principais not\u00edcias do dia direto no seu celular.<\/strong>\u00a0<a rel=\"noreferrer noopener\" href=\"https:\/\/chat.whatsapp.com\/GsG1XKo0jPOEfjzudWQcml\" target=\"_blank\">\u00a0Clique aqui e se inscreva.<\/a><\/em><\/p>\n","protected":false},"excerpt":{"rendered":"<p>Uma andradinense fez o Brasil voltar a brilhar neste domingo (20) nas disputas do\u00a0Grand Prix de Zagreb de Jud\u00f4.\u00a0Karol Gimenes, a carateca que mudou de modalidade e est\u00e1 conquistando o mundo do Jud\u00f4,\u00a0ganhou a\u00a0medalha de ouro\u00a0na categoria at\u00e9 78kg e assegurou ao Brasil o topo do ranking de medalhas da competi\u00e7\u00e3o.\u00a0Rafael Macedo, na categoria at\u00e9 &hellip;<\/p>\n","protected":false},"author":1,"featured_media":5096,"comment_status":"open","ping_status":"open","sticky":false,"template":"","format":"standard","meta":{"_jetpack_memberships_contains_paid_content":false,"footnotes":"","jetpack_publicize_message":"","jetpack_publicize_feature_enabled":true,"jetpack_social_post_already_shared":false,"jetpack_social_options":{"image_generator_settings":{"template":"highway","default_image_id":0,"enabled":false},"version":2}},"categories":[6],"tags":[],"class_list":["post-5095","post","type-post","status-publish","format-standard","has-post-thumbnail","hentry","category-entretenimento"],"jetpack_publicize_connections":[],"jetpack_featured_media_url":"https:\/\/i0.wp.com\/www.paparazzinews.com.br\/wp-content\/uploads\/2023\/08\/final78ukr-bra6-1692554648-1692554648-e1692906778826.jpg?fit=1000%2C598&ssl=1","views":"4631","jetpack_likes_enabled":true,"jetpack_sharing_enabled":true,"_links":{"self":[{"href":"https:\/\/www.paparazzinews.com.br\/index.php?rest_route=\/wp\/v2\/posts\/5095","targetHints":{"allow":["GET"]}}],"collection":[{"href":"https:\/\/www.paparazzinews.com.br\/index.php?rest_route=\/wp\/v2\/posts"}],"about":[{"href":"https:\/\/www.paparazzinews.com.br\/index.php?rest_route=\/wp\/v2\/types\/post"}],"author":[{"embeddable":true,"href":"https:\/\/www.paparazzinews.com.br\/index.php?rest_route=\/wp\/v2\/users\/1"}],"replies":[{"embeddable":true,"href":"https:\/\/www.paparazzinews.com.br\/index.php?rest_route=%2Fwp%2Fv2%2Fcomments&post=5095"}],"version-history":[{"count":1,"href":"https:\/\/www.paparazzinews.com.br\/index.php?rest_route=\/wp\/v2\/posts\/5095\/revisions"}],"predecessor-version":[{"id":5097,"href":"https:\/\/www.paparazzinews.com.br\/index.php?rest_route=\/wp\/v2\/posts\/5095\/revisions\/5097"}],"wp:featuredmedia":[{"embeddable":true,"href":"https:\/\/www.paparazzinews.com.br\/index.php?rest_route=\/wp\/v2\/media\/5096"}],"wp:attachment":[{"href":"https:\/\/www.paparazzinews.com.br\/index.php?rest_route=%2Fwp%2Fv2%2Fmedia&parent=5095"}],"wp:term":[{"taxonomy":"category","embeddable":true,"href":"https:\/\/www.paparazzinews.com.br\/index.php?rest_route=%2Fwp%2Fv2%2Fcategories&post=5095"},{"taxonomy":"post_tag","embeddable":true,"href":"https:\/\/www.paparazzinews.com.br\/index.php?rest_route=%2Fwp%2Fv2%2Ftags&post=5095"}],"curies":[{"name":"wp","href":"https:\/\/api.w.org\/{rel}","templated":true}]}}