{"id":509,"date":"2022-08-24T17:34:28","date_gmt":"2022-08-24T20:34:28","guid":{"rendered":"https:\/\/www.paparazzinews.com.br\/?p=509"},"modified":"2022-08-24T17:34:30","modified_gmt":"2022-08-24T20:34:30","slug":"festival-de-inverno-ocorre-em-castilho-por-dois-dias","status":"publish","type":"post","link":"https:\/\/www.paparazzinews.com.br\/?p=509","title":{"rendered":"Festival de Inverno ocorre em Castilho por dois dias"},"content":{"rendered":"\n<p>Com uma ampla programa\u00e7\u00e3o musical e muitas dan\u00e7as, a Secretaria de Educa\u00e7\u00e3o, Cultura e Desporto de Castilho ser\u00e1 respons\u00e1vel por um dos maiores atrativos das comemora\u00e7\u00f5es do 69\u00ba anivers\u00e1rio do munic\u00edpio.<\/p>\n\n\n\n<p>Marcado para os pr\u00f3ximos dias 25 e 26 de agosto, o I FICA \u2013 Festival de Inverno de Castilho, reunir\u00e1 no palco do CIEC alguns dos maiores nomes da m\u00fasica instrumental e tamb\u00e9m o renomado dan\u00e7arino de m\u00fasicas \u00e1rabes \u201cTarik\u201d, que representa o pa\u00eds em v\u00e1rias apresenta\u00e7\u00f5es pelo mundo inteiro.<\/p>\n\n\n\n<p><strong>ATRA\u00c7\u00d5ES ART\u00cdSTICAS<\/strong><\/p>\n\n\n\n<p>A programa\u00e7\u00e3o musical do evento contar\u00e1 com a presen\u00e7a do Maestro&nbsp;<strong>Alexandre Soares<\/strong>, formado pela Universidade Metropolitana de Santos e que carrega em seu curr\u00edculo o aprendizado com alguns dos maiores violonistas do Brasil, Cro\u00e1cia, Espanha e Argentina, por exemplo. Tamb\u00e9m possui vasta experi\u00eancia em Reg\u00eancia e m\u00fasica de c\u00e2mara, al\u00e9m de ser produtor musical e manter a \u00fanica gravadora e distribuidora de fonogramas na regi\u00e3o de Ara\u00e7atuba.<\/p>\n\n\n\n<p>Outro convidado \u00e9 o professor&nbsp;<strong>Saulo Nardo Bertolino<\/strong>, que \u00e9 Mestre em Educa\u00e7\u00e3o pela Universidad Europeia Del Atl\u00e2ntico (Espa\u00f1a), Especialista em Educa\u00e7\u00e3o Musical Novas Metodologias -USC- Bauru, Baterista e percussionista. Atualmente desenvolve o trabalho como Supervisor Educacional do Projeto Guri na regi\u00e3o de Ara\u00e7atuba e atua em projetos musicais como festivais, workshops, capacita\u00e7\u00f5es entre outros.<\/p>\n\n\n\n<p><strong>Ederson Veloso<\/strong>&nbsp;(ou Edy Brazuka, como \u00e9 conhecido no cen\u00e1rio art\u00edstico), iniciou sua carreira musical com a famosa e respeitada Banda Marcial Cristo Redentor, de Tr\u00eas Lagoas\/MS. De l\u00e1 foi aprofundar seus estudos no conservat\u00f3rio \u201cDr. Carlos Campos\u201d, em Tatu\u00ed. Em sua carreira, j\u00e1 atuou como m\u00fasico percussionista na banda de Mariana Fagundes e tamb\u00e9m da dupla Pedro Henrique e Fernando, de S\u00e3o Jos\u00e9 do Rio Preto. Edy possui vasto conhecimento em ritmos latinos e brasileiros, al\u00e9m de ser produtor musical e especialista em Bandas Marciais.<\/p>\n\n\n\n<p>O trompetista<strong>&nbsp;Wladimir Junior<\/strong>&nbsp;iniciou seus estudos aos 07 anos de idade na Escola de Artes \u201cJupyra Cunha Marcondes\u201d. Participou de v\u00e1rios projetos musicais no Munic\u00edpio de Pres. Prudente, como Banda Marcial, Banda Sinf\u00f4nica, Orquestra Sinf\u00f4nica e Quinteto de Metais. A partir de 1993, seu curr\u00edculo lista uma s\u00e9rie impressionante de participa\u00e7\u00e3o em grandes Festivais de Inverno de cidades como Tatu\u00ed, Londrina, Campos do Jord\u00e3o. Tamb\u00e9m participou de importantes concertos com Maestros e Concertistas de v\u00e1rias partes do mundo, como Charles Schlueter (1\u00ba Trompete Boston Simphonic) no Festival Internacional de Londrina deste ano. Tem em comum com outros m\u00fasicos convidados por Castilho, a passagem por diferentes Polos do Projeto Guri e Bandas Marciais.<\/p>\n\n\n\n<p>Murilo Possebom \u00e9 mais conhecido pelo nome art\u00edstico \u201c<strong>Tarik<\/strong>\u201d e provavelmente \u00e9 um dos maiores dan\u00e7arinos brasileiros de M\u00fasica \u00c1rabe Folcl\u00f3rica na atualidade, tendo representado o pa\u00eds em in\u00fameros Festivais pelo mundo. Ele tamb\u00e9m \u00e9 ator profissional e core\u00f3grafo com um curr\u00edculo invej\u00e1vel que inclui v\u00e1rias pe\u00e7as e produ\u00e7\u00f5es famosas, algumas das quais permaneceram anos em cartaz\/turn\u00ea. Al\u00e9m das m\u00fasicas \u00e1rabes, seu curr\u00edculo inclui especializa\u00e7\u00f5es em Bal\u00e9 Cl\u00e1ssico, Moderno e Contempor\u00e2neo, no Jazz, Flamenco, Sapateado e Dan\u00e7a de Sal\u00e3o. A dan\u00e7a j\u00e1 o levou a pa\u00edses como Chile, Peru, Argentina, Egito, Portugal, Espanha, Jap\u00e3o, Uruguai e Estados Unidos. O seu bom trabalho e estudos baseiam-se no aprofundamento das coreografias e t\u00e9cnicas do renomado estudioso e core\u00f3grafo eg\u00edpcio Mahmoud Reda.<\/p>\n\n\n\n<p>Para o pequeno concerto que ter\u00e1 in\u00edcio \u00e0s 19h do dia 25, os m\u00fasicos e dan\u00e7arino convidados pela Secretaria de Educa\u00e7\u00e3o, Cultura e Desporto receberam a proposta de apresentar o resultado das oficinas que ser\u00e3o ministradas por eles durante as manh\u00e3s e tardes dos dois dias de eventos (<em><strong>confira a programa\u00e7\u00e3o completa nas imagens que acompanham essa reportagem<\/strong><\/em>). Assim, os alunos e professores executar\u00e3o pe\u00e7as de estilos e per\u00edodos diferentes, em v\u00e1rias forma\u00e7\u00f5es. O mesmo acontecer\u00e1 com Tarik, que brindar\u00e1 a plateia com um show exclusivo. Tamb\u00e9m ser\u00e1 apresentado uma pequena p\u00edlula de viol\u00e3o solo, onde na ocasi\u00e3o o formador Alexandre Soares apresentar\u00e1 3 pe\u00e7as solo que s\u00e3o referenciais para o estudo do instrumento, de compositores como Dilermando Reis, F. T\u00e1rrega e H. Villa Lobos. Ederson Veloso incluir\u00e1 em seu repert\u00f3rio de percuss\u00e3o composi\u00e7\u00f5es como Groove wronzi SNARE drums e Basses away SNARE drums. J\u00e1 o professor de metais &#8211; Wladimir Jr, apresentar\u00e1 no palco suas performances para Concert Study, de Alexander Goedicke, e Intrada, de Otto Ketting. Tarik promete um show \u00e0 parte, levando ao palco do CIEC onde a leitura e a tradu\u00e7\u00e3o teatral, inerentes de sua personalidade se tornar\u00e3o ainda mais vis\u00edveis, o revelando como fonte de estudo, experi\u00eancia e inspira\u00e7\u00e3o para as novas gera\u00e7\u00f5es.<\/p>\n\n\n\n<p><strong>TALENTOS LOCAIS<\/strong><\/p>\n\n\n\n<p>Para encerrar o 1\u00ba FICA, a programa\u00e7\u00e3o noturna de sexta-feira est\u00e1 repleta de apresenta\u00e7\u00f5es dos artistas locais que fazem parte das Oficinas Culturais mantidas pela Prefeitura de Castilho. De acordo com a secret\u00e1ria Silv\u00e2nia Cintra, o palco ser\u00e1 ocupado pela BAMAC &#8211; Banda Marcial de Castilho, pela Orquestra de Violeiros, pelo grupo de Catira \u201cP\u00e9 na T\u00e1bua\u201d, e por uma s\u00e9rie de dan\u00e7as produzidas pela professora Denizy Barsante e suas alunas.<\/p>\n\n\n\n<blockquote class=\"wp-block-quote is-layout-flow wp-block-quote-is-layout-flow\"><p>\u201c<em><strong>Neste espet\u00e1culo, os nossos alunos tentar\u00e3o transmitir \u00e0 plateia alguns dos aprendizados que obtiveram nos dois dias de cursos que tiveram com nossos cinco ilustres professores de dan\u00e7a e m\u00fasica. \u00c9 um evento para todas as idades e para todas as fam\u00edlias castilhenses<\/strong><\/em>\u201d, anunciou Silv\u00e2nia.<\/p><\/blockquote>\n\n\n\n<p><strong>WORKSHOPS<\/strong><\/p>\n\n\n\n<p>Voltados aos dan\u00e7arinos e m\u00fasicos dedicados a instrumentos de cordas dedilhadas, sopro e percussionistas, o 1\u00ba FICA \u2013 FESTIVAL DE INVERNO DE CASTILHO, reservar\u00e1 duas manh\u00e3s e tardes inteiras de oficinas com os mesmos artistas que durante a noite de quinta-feira (25), ir\u00e3o se apresentar \u00e0 popula\u00e7\u00e3o castilhense no palco do CIEC.<\/p>\n\n\n\n<p>Em m\u00e9dia, cada m\u00f3dulo dos Workshops atender\u00e1 30 alunos. A expectativa da Secretaria Municipal de Educa\u00e7\u00e3o e Cultura \u00e9 que mais de 400 castilhenses sejam certificados ap\u00f3s a participa\u00e7\u00e3o nestas oficinas totalmente gratuitas. As op\u00e7\u00f5es de cursos e hor\u00e1rios est\u00e3o nas imagens que acompanham esta reportagem, e os interessados podem se inscrever pelo formul\u00e1rio online dispon\u00edvel no endere\u00e7o:&nbsp;<a href=\"https:\/\/forms.gle\/GsqGAEkJzfhUoK3H6\">https:\/\/forms.gle\/GsqGAEkJzfhUoK3H6<\/a>. Outra op\u00e7\u00e3o \u00e9 o aluno ir at\u00e9 o setor de Cultura do CIEC e realizar sua inscri\u00e7\u00e3o pessoalmente.&nbsp;<strong>MAS ATEN\u00c7\u00c3O: SEJA R\u00c1PIDO, POIS AS VAGAS S\u00c3O LIMITADAS<\/strong>!<\/p>\n\n\n\n<p>Para que voc\u00ea possa conhecer um pouco mais sobre os artistas que compartilhar\u00e3o seus conhecimentos com o p\u00fablico castilhense, preparamos uma s\u00e9rie de pequenos v\u00eddeos com o convite pessoal dos mesmos a todos voc\u00eas:<\/p>\n","protected":false},"excerpt":{"rendered":"<p>Com uma ampla programa\u00e7\u00e3o musical e muitas dan\u00e7as, a Secretaria de Educa\u00e7\u00e3o, Cultura e Desporto de Castilho ser\u00e1 respons\u00e1vel por um dos maiores atrativos das comemora\u00e7\u00f5es do 69\u00ba anivers\u00e1rio do munic\u00edpio. Marcado para os pr\u00f3ximos dias 25 e 26 de agosto, o I FICA \u2013 Festival de Inverno de Castilho, reunir\u00e1 no palco do CIEC &hellip;<\/p>\n","protected":false},"author":1,"featured_media":510,"comment_status":"open","ping_status":"open","sticky":false,"template":"","format":"standard","meta":{"_jetpack_memberships_contains_paid_content":false,"footnotes":"","jetpack_publicize_message":"","jetpack_publicize_feature_enabled":true,"jetpack_social_post_already_shared":false,"jetpack_social_options":{"image_generator_settings":{"template":"highway","default_image_id":0,"enabled":false},"version":2}},"categories":[6],"tags":[],"class_list":["post-509","post","type-post","status-publish","format-standard","has-post-thumbnail","hentry","category-entretenimento"],"jetpack_publicize_connections":[],"jetpack_featured_media_url":"https:\/\/i0.wp.com\/www.paparazzinews.com.br\/wp-content\/uploads\/2022\/08\/29cbc272e3a6aab9e71552391b8173c3.jpg?fit=571%2C800&ssl=1","views":"2680","jetpack_likes_enabled":true,"jetpack_sharing_enabled":true,"_links":{"self":[{"href":"https:\/\/www.paparazzinews.com.br\/index.php?rest_route=\/wp\/v2\/posts\/509","targetHints":{"allow":["GET"]}}],"collection":[{"href":"https:\/\/www.paparazzinews.com.br\/index.php?rest_route=\/wp\/v2\/posts"}],"about":[{"href":"https:\/\/www.paparazzinews.com.br\/index.php?rest_route=\/wp\/v2\/types\/post"}],"author":[{"embeddable":true,"href":"https:\/\/www.paparazzinews.com.br\/index.php?rest_route=\/wp\/v2\/users\/1"}],"replies":[{"embeddable":true,"href":"https:\/\/www.paparazzinews.com.br\/index.php?rest_route=%2Fwp%2Fv2%2Fcomments&post=509"}],"version-history":[{"count":1,"href":"https:\/\/www.paparazzinews.com.br\/index.php?rest_route=\/wp\/v2\/posts\/509\/revisions"}],"predecessor-version":[{"id":511,"href":"https:\/\/www.paparazzinews.com.br\/index.php?rest_route=\/wp\/v2\/posts\/509\/revisions\/511"}],"wp:featuredmedia":[{"embeddable":true,"href":"https:\/\/www.paparazzinews.com.br\/index.php?rest_route=\/wp\/v2\/media\/510"}],"wp:attachment":[{"href":"https:\/\/www.paparazzinews.com.br\/index.php?rest_route=%2Fwp%2Fv2%2Fmedia&parent=509"}],"wp:term":[{"taxonomy":"category","embeddable":true,"href":"https:\/\/www.paparazzinews.com.br\/index.php?rest_route=%2Fwp%2Fv2%2Fcategories&post=509"},{"taxonomy":"post_tag","embeddable":true,"href":"https:\/\/www.paparazzinews.com.br\/index.php?rest_route=%2Fwp%2Fv2%2Ftags&post=509"}],"curies":[{"name":"wp","href":"https:\/\/api.w.org\/{rel}","templated":true}]}}