{"id":503,"date":"2022-08-24T17:24:38","date_gmt":"2022-08-24T20:24:38","guid":{"rendered":"https:\/\/www.paparazzinews.com.br\/?p=503"},"modified":"2022-08-24T17:24:40","modified_gmt":"2022-08-24T20:24:40","slug":"comeca-o-campeonato-de-atletismo-das-escolas-de-andradina","status":"publish","type":"post","link":"https:\/\/www.paparazzinews.com.br\/?p=503","title":{"rendered":"Come\u00e7a o campeonato de atletismo das escolas de Andradina"},"content":{"rendered":"\n<p>A Secretaria de Educa\u00e7\u00e3o de Andradina abriu a 13\u00aa Edi\u00e7\u00e3o do CAEMA, esse ano de maneira especial por ser o primeiro evento esportivo entre as escolas da cidade ap\u00f3s a pandemia. A Cerim\u00f4nia de abertura dos jogos realizada na EMEF Josepha de Jesus Carreira, al\u00e9m gerar muito entusiasmo e euforia nas crian\u00e7as proporcionou um momento de muita emo\u00e7\u00e3o principalmente no acendimento da Pira Ol\u00edmpica, tendo como respons\u00e1vel pelo ato simb\u00f3lico de levar a tocha ol\u00edmpica e declarar aberto os jogos a professora de Educa\u00e7\u00e3o F\u00edsica Joicy Maira Pereira Rom\u00e3o, uma homenagem para bravura na qual ela lutou pela vida no ano de 2020, ap\u00f3s ser acometida por Meningite, e contrariando a medicina voltou a dar aula na rede municipal.<\/p>\n\n\n\n<p>O CAEMA (Campeonato de Atletismo das Escolas Municipais de Andradina), \u00e9 um projeto da Secretaria Municipal de Educa\u00e7\u00e3o, sob supervis\u00e3o da coordena\u00e7\u00e3o de Projetos e Parcerias, na pessoa da coordenadora Talita Sanches.<\/p>\n\n\n\n<p>\u201cTodas as escolas municipais est\u00e3o envolvidas nas competi\u00e7\u00f5es, inclusive as escolas rurais Jo\u00e3o Carreira e Paulo Freire dos assentamentos Primavera e Timbor\u00e9\u201d, explicou a Secretaria de Educa\u00e7\u00e3o de Andradina, Estala Goda.<\/p>\n\n\n\n<p>Aproximadamente 150 crian\u00e7as competem nas modalidades de Salto em Dist\u00e2ncia, Corridas Rasas e Corridas em Revezamento (masculino e feminino), as provas ocorrem com todos os anos do ensino fundamental (1\u00ba ao 5\u00ba Ano), sendo as crian\u00e7as de 6 a 10 anos.<\/p>\n\n\n\n<p>Os jogos ocorrem de 23 a 25 de agosto, tendo as provas de saltos realizadas na EMEF Josepha de Jesus Carreiras e as provas de corridas no est\u00e1dio municipal Evandro Brembatti Calvoso das 8h \u00e0s 10h.<\/p>\n\n\n\n<p>Para Estela Goda momentos como esse s\u00e3o primordiais para o amadurecimento dos alunos, e que certamente ficar\u00e3o marcadas na lembran\u00e7a das crian\u00e7as como um acontecimento inesquec\u00edvel.<\/p>\n\n\n\n<p>O subsecretario Kleberson dos Santos ressaltou os esfor\u00e7os dos professores de educa\u00e7\u00e3o f\u00edsica da rede, que treinam os alunos nos projetos esportivos oferecidos pela Secretaria municipal de Educa\u00e7\u00e3o em contra turno escolar, o que proporcionam campeonatos de melhor qualidade, finalizou dizendo da import\u00e2ncia do esporte associada a educa\u00e7\u00e3o para o desenvolvimento de pessoas melhores para o futuro.<\/p>\n\n\n\n<p>A organiza\u00e7\u00e3o do CAEMA \u00e9 de responsabilidade da Secretaria Municipal de Educa\u00e7\u00e3o, com o Apoio da Secretaria de Esportes.<\/p>\n","protected":false},"excerpt":{"rendered":"<p>A Secretaria de Educa\u00e7\u00e3o de Andradina abriu a 13\u00aa Edi\u00e7\u00e3o do CAEMA, esse ano de maneira especial por ser o primeiro evento esportivo entre as escolas da cidade ap\u00f3s a pandemia. A Cerim\u00f4nia de abertura dos jogos realizada na EMEF Josepha de Jesus Carreira, al\u00e9m gerar muito entusiasmo e euforia nas crian\u00e7as proporcionou um momento &hellip;<\/p>\n","protected":false},"author":1,"featured_media":504,"comment_status":"open","ping_status":"open","sticky":false,"template":"","format":"standard","meta":{"_jetpack_memberships_contains_paid_content":false,"footnotes":"","jetpack_publicize_message":"","jetpack_publicize_feature_enabled":true,"jetpack_social_post_already_shared":false,"jetpack_social_options":{"image_generator_settings":{"template":"highway","default_image_id":0,"enabled":false},"version":2}},"categories":[4],"tags":[],"class_list":["post-503","post","type-post","status-publish","format-standard","has-post-thumbnail","hentry","category-regiao"],"jetpack_publicize_connections":[],"jetpack_featured_media_url":"https:\/\/i0.wp.com\/www.paparazzinews.com.br\/wp-content\/uploads\/2022\/08\/615d0a3d-a6d7-462a-8241-13462ce55a93-e1661372507116.jpg?fit=1000%2C666&ssl=1","views":"3458","jetpack_likes_enabled":true,"jetpack_sharing_enabled":true,"_links":{"self":[{"href":"https:\/\/www.paparazzinews.com.br\/index.php?rest_route=\/wp\/v2\/posts\/503","targetHints":{"allow":["GET"]}}],"collection":[{"href":"https:\/\/www.paparazzinews.com.br\/index.php?rest_route=\/wp\/v2\/posts"}],"about":[{"href":"https:\/\/www.paparazzinews.com.br\/index.php?rest_route=\/wp\/v2\/types\/post"}],"author":[{"embeddable":true,"href":"https:\/\/www.paparazzinews.com.br\/index.php?rest_route=\/wp\/v2\/users\/1"}],"replies":[{"embeddable":true,"href":"https:\/\/www.paparazzinews.com.br\/index.php?rest_route=%2Fwp%2Fv2%2Fcomments&post=503"}],"version-history":[{"count":1,"href":"https:\/\/www.paparazzinews.com.br\/index.php?rest_route=\/wp\/v2\/posts\/503\/revisions"}],"predecessor-version":[{"id":505,"href":"https:\/\/www.paparazzinews.com.br\/index.php?rest_route=\/wp\/v2\/posts\/503\/revisions\/505"}],"wp:featuredmedia":[{"embeddable":true,"href":"https:\/\/www.paparazzinews.com.br\/index.php?rest_route=\/wp\/v2\/media\/504"}],"wp:attachment":[{"href":"https:\/\/www.paparazzinews.com.br\/index.php?rest_route=%2Fwp%2Fv2%2Fmedia&parent=503"}],"wp:term":[{"taxonomy":"category","embeddable":true,"href":"https:\/\/www.paparazzinews.com.br\/index.php?rest_route=%2Fwp%2Fv2%2Fcategories&post=503"},{"taxonomy":"post_tag","embeddable":true,"href":"https:\/\/www.paparazzinews.com.br\/index.php?rest_route=%2Fwp%2Fv2%2Ftags&post=503"}],"curies":[{"name":"wp","href":"https:\/\/api.w.org\/{rel}","templated":true}]}}