{"id":5002,"date":"2023-08-21T14:07:24","date_gmt":"2023-08-21T17:07:24","guid":{"rendered":"https:\/\/www.paparazzinews.com.br\/?p=5002"},"modified":"2023-08-21T14:07:24","modified_gmt":"2023-08-21T17:07:24","slug":"homem-armado-de-faca-e-preso-em-tres-lagoas","status":"publish","type":"post","link":"https:\/\/www.paparazzinews.com.br\/?p=5002","title":{"rendered":"Homem armado de faca \u00e9 preso em Tr\u00eas Lagoas"},"content":{"rendered":"\n<p>Tr\u00eas Lagoas \u2013 MS, no dia 20 de agosto, \u00e0s 11h20, uma guarni\u00e7\u00e3o da For\u00e7a T\u00e1tica do 2\u00ba Batalh\u00e3o de Pol\u00edcia Militar durante rondas no Jardim Flamboyant, quando no cruzamento da rua E com a viela Dois visualizou um indiv\u00edduo de 25 anos.<\/p>\n\n\n\n<p>Ele sentado em frente de uma resid\u00eancia, instante em perceber a aproxima\u00e7\u00e3o da equipe policial veio a arremessar uma faca ao solo e tentou levantar bruscamente. Diante do comportamento suspeito realizaram a abordagem policial e durante consulta nos sistemas policiais localizaram mandado de pris\u00e3o em seu desfavor pendente de cumprimento.<\/p>\n\n\n\n<p>Ante o fato ap\u00f3s ser dada voz de pris\u00e3o foi realizado sua apresenta\u00e7\u00e3o na Delegacia de Pol\u00edcia onde entregue a autoridade policial.<\/p>\n\n\n\n<p><em><strong>Participe da comunidade do Canal Roni Paparazzi no Whatsapp e receba as principais not\u00edcias do dia direto no seu celular.<\/strong>\u00a0<a rel=\"noreferrer noopener\" href=\"https:\/\/chat.whatsapp.com\/GsG1XKo0jPOEfjzudWQcml\" target=\"_blank\">\u00a0Clique aqui e se inscreva.<\/a><\/em><\/p>\n\n\n\n<p><a href=\"https:\/\/www.paparazzinews.com.br\/wp-admin\/post.php?post=4990&amp;action=edit\"><\/a><\/p>\n\n\n\n<p><a href=\"https:\/\/www.paparazzinews.com.br\/wp-admin\/post.php?post=4996&amp;action=edit\"><\/a><\/p>\n","protected":false},"excerpt":{"rendered":"<p>Tr\u00eas Lagoas \u2013 MS, no dia 20 de agosto, \u00e0s 11h20, uma guarni\u00e7\u00e3o da For\u00e7a T\u00e1tica do 2\u00ba Batalh\u00e3o de Pol\u00edcia Militar durante rondas no Jardim Flamboyant, quando no cruzamento da rua E com a viela Dois visualizou um indiv\u00edduo de 25 anos. Ele sentado em frente de uma resid\u00eancia, instante em perceber a aproxima\u00e7\u00e3o &hellip;<\/p>\n","protected":false},"author":1,"featured_media":5003,"comment_status":"open","ping_status":"open","sticky":false,"template":"","format":"standard","meta":{"_jetpack_memberships_contains_paid_content":false,"footnotes":"","jetpack_publicize_message":"","jetpack_publicize_feature_enabled":true,"jetpack_social_post_already_shared":false,"jetpack_social_options":{"image_generator_settings":{"template":"highway","default_image_id":0,"enabled":false},"version":2}},"categories":[3],"tags":[],"class_list":["post-5002","post","type-post","status-publish","format-standard","has-post-thumbnail","hentry","category-policial"],"jetpack_publicize_connections":[],"jetpack_featured_media_url":"https:\/\/i0.wp.com\/www.paparazzinews.com.br\/wp-content\/uploads\/2023\/08\/6451a177-7628-44a2-9d0f-d8a5e7449da5.jpg?fit=721%2C1600&ssl=1","views":"1754","jetpack_likes_enabled":true,"jetpack_sharing_enabled":true,"_links":{"self":[{"href":"https:\/\/www.paparazzinews.com.br\/index.php?rest_route=\/wp\/v2\/posts\/5002","targetHints":{"allow":["GET"]}}],"collection":[{"href":"https:\/\/www.paparazzinews.com.br\/index.php?rest_route=\/wp\/v2\/posts"}],"about":[{"href":"https:\/\/www.paparazzinews.com.br\/index.php?rest_route=\/wp\/v2\/types\/post"}],"author":[{"embeddable":true,"href":"https:\/\/www.paparazzinews.com.br\/index.php?rest_route=\/wp\/v2\/users\/1"}],"replies":[{"embeddable":true,"href":"https:\/\/www.paparazzinews.com.br\/index.php?rest_route=%2Fwp%2Fv2%2Fcomments&post=5002"}],"version-history":[{"count":1,"href":"https:\/\/www.paparazzinews.com.br\/index.php?rest_route=\/wp\/v2\/posts\/5002\/revisions"}],"predecessor-version":[{"id":5004,"href":"https:\/\/www.paparazzinews.com.br\/index.php?rest_route=\/wp\/v2\/posts\/5002\/revisions\/5004"}],"wp:featuredmedia":[{"embeddable":true,"href":"https:\/\/www.paparazzinews.com.br\/index.php?rest_route=\/wp\/v2\/media\/5003"}],"wp:attachment":[{"href":"https:\/\/www.paparazzinews.com.br\/index.php?rest_route=%2Fwp%2Fv2%2Fmedia&parent=5002"}],"wp:term":[{"taxonomy":"category","embeddable":true,"href":"https:\/\/www.paparazzinews.com.br\/index.php?rest_route=%2Fwp%2Fv2%2Fcategories&post=5002"},{"taxonomy":"post_tag","embeddable":true,"href":"https:\/\/www.paparazzinews.com.br\/index.php?rest_route=%2Fwp%2Fv2%2Ftags&post=5002"}],"curies":[{"name":"wp","href":"https:\/\/api.w.org\/{rel}","templated":true}]}}