{"id":500,"date":"2022-08-24T17:09:26","date_gmt":"2022-08-24T20:09:26","guid":{"rendered":"https:\/\/www.paparazzinews.com.br\/?p=500"},"modified":"2022-08-24T17:09:27","modified_gmt":"2022-08-24T20:09:27","slug":"governo-de-andradina-faz-consulta-publica-sobre-distrito-turistico","status":"publish","type":"post","link":"https:\/\/www.paparazzinews.com.br\/?p=500","title":{"rendered":"Governo de Andradina faz Consulta P\u00fablica sobre Distrito Tur\u00edstico"},"content":{"rendered":"\n<p>Tendo em vista a fase de implanta\u00e7\u00e3o do Distrito Tur\u00edstico de Andradina, A Secretaria de Desenvolvimento Econ\u00f4mico, Turismo e Economia Criativa vai realizar no pr\u00f3ximo dia 26 de agosto de 2022, \u00e0s 15h, uma Consulta P\u00fablica de cria\u00e7\u00e3o do distrito tur\u00edstico, que ser\u00e1 realizada na sede da ACIA \u2013 Associa\u00e7\u00e3o Comercial e Industrial de Andradina.<\/p>\n\n\n\n<p><br>Segundo a subsecret\u00e1ria de Turismo, Viviane Castro Elois, o evento tem o objetivo de apresentar as caracter\u00edsticas do distrito, bem como \u00e1rea de abrang\u00eancia e fomento ao turismo. \u201cA participa\u00e7\u00e3o popular \u00e9 fundamental nesta oportunidade em que teremos para juntos continuar ajudando Andradina a se desenvolver ainda mais no Turismo\u201d, disse.<\/p>\n\n\n\n<p><strong>Entenda<\/strong><br>O anuncio do projeto do Distrito tur\u00edstico para Andradina foi anunciado durante visita do Secret\u00e1rio de Turismo do Governo do Estado de S\u00e3o Paulo, Vin\u00edcius Lummertz, na \u00faltima sexta-feira (19). A cria\u00e7\u00e3o do distrito deve acontecer na primeira quinzena de setembro atrav\u00e9s de decreto governamental.<\/p>\n\n\n\n<p>O Distrito Tur\u00edstico de Andradina vai abranger a \u00e1rea de desenvolvimento hoteleiro, na zona urbana, e outras \u00e1reas de interesse de desenvolvimento tur\u00edstico de Andradina.<\/p>\n\n\n\n<p>Entre as regras mais importantes est\u00e1 a necessidade de estar situado em uma \u00e1rea que contemple um ou mais munic\u00edpios que contenham relev\u00e2ncia paisag\u00edstica, natural, arquitet\u00f4nica, hist\u00f3rica, cultural, \u00e9tnica, complexos de lazer ou parques tem\u00e1ticos e praias.<\/p>\n\n\n\n<p>Ao se instalar em um distrito se tem a facilidade de financiamento e a contrapartida de investimento e infraestrutura urbana e tur\u00edstica \u2013 Aeroporto, estradas, \u00e1gua, luz, esgoto, telefone, celular, internet, TV a cabo, fibra \u00f3tica, entre outros.<\/p>\n","protected":false},"excerpt":{"rendered":"<p>Tendo em vista a fase de implanta\u00e7\u00e3o do Distrito Tur\u00edstico de Andradina, A Secretaria de Desenvolvimento Econ\u00f4mico, Turismo e Economia Criativa vai realizar no pr\u00f3ximo dia 26 de agosto de 2022, \u00e0s 15h, uma Consulta P\u00fablica de cria\u00e7\u00e3o do distrito tur\u00edstico, que ser\u00e1 realizada na sede da ACIA \u2013 Associa\u00e7\u00e3o Comercial e Industrial de Andradina. &hellip;<\/p>\n","protected":false},"author":1,"featured_media":501,"comment_status":"open","ping_status":"open","sticky":false,"template":"","format":"standard","meta":{"_jetpack_memberships_contains_paid_content":false,"footnotes":"","jetpack_publicize_message":"","jetpack_publicize_feature_enabled":true,"jetpack_social_post_already_shared":false,"jetpack_social_options":{"image_generator_settings":{"template":"highway","default_image_id":0,"enabled":false},"version":2}},"categories":[4],"tags":[],"class_list":["post-500","post","type-post","status-publish","format-standard","has-post-thumbnail","hentry","category-regiao"],"jetpack_publicize_connections":[],"jetpack_featured_media_url":"https:\/\/i0.wp.com\/www.paparazzinews.com.br\/wp-content\/uploads\/2022\/08\/72260776-8cdf-4695-8b03-993e629b5f09-e1661371754768.jpg?fit=1000%2C666&ssl=1","views":"3481","jetpack_likes_enabled":true,"jetpack_sharing_enabled":true,"_links":{"self":[{"href":"https:\/\/www.paparazzinews.com.br\/index.php?rest_route=\/wp\/v2\/posts\/500","targetHints":{"allow":["GET"]}}],"collection":[{"href":"https:\/\/www.paparazzinews.com.br\/index.php?rest_route=\/wp\/v2\/posts"}],"about":[{"href":"https:\/\/www.paparazzinews.com.br\/index.php?rest_route=\/wp\/v2\/types\/post"}],"author":[{"embeddable":true,"href":"https:\/\/www.paparazzinews.com.br\/index.php?rest_route=\/wp\/v2\/users\/1"}],"replies":[{"embeddable":true,"href":"https:\/\/www.paparazzinews.com.br\/index.php?rest_route=%2Fwp%2Fv2%2Fcomments&post=500"}],"version-history":[{"count":1,"href":"https:\/\/www.paparazzinews.com.br\/index.php?rest_route=\/wp\/v2\/posts\/500\/revisions"}],"predecessor-version":[{"id":502,"href":"https:\/\/www.paparazzinews.com.br\/index.php?rest_route=\/wp\/v2\/posts\/500\/revisions\/502"}],"wp:featuredmedia":[{"embeddable":true,"href":"https:\/\/www.paparazzinews.com.br\/index.php?rest_route=\/wp\/v2\/media\/501"}],"wp:attachment":[{"href":"https:\/\/www.paparazzinews.com.br\/index.php?rest_route=%2Fwp%2Fv2%2Fmedia&parent=500"}],"wp:term":[{"taxonomy":"category","embeddable":true,"href":"https:\/\/www.paparazzinews.com.br\/index.php?rest_route=%2Fwp%2Fv2%2Fcategories&post=500"},{"taxonomy":"post_tag","embeddable":true,"href":"https:\/\/www.paparazzinews.com.br\/index.php?rest_route=%2Fwp%2Fv2%2Ftags&post=500"}],"curies":[{"name":"wp","href":"https:\/\/api.w.org\/{rel}","templated":true}]}}