{"id":4956,"date":"2023-08-17T17:50:34","date_gmt":"2023-08-17T20:50:34","guid":{"rendered":"https:\/\/www.paparazzinews.com.br\/?p=4956"},"modified":"2023-08-17T17:50:35","modified_gmt":"2023-08-17T20:50:35","slug":"educacao-regional-assisti-palestra-de-callegari-em-castilho","status":"publish","type":"post","link":"https:\/\/www.paparazzinews.com.br\/?p=4956","title":{"rendered":"Educa\u00e7\u00e3o Regional assisti palestra de Callegari em Castilho"},"content":{"rendered":"\n<p>A presen\u00e7a em Castilho do renomado palestrante Cesar Callegari, que \u00e9 consultor em educa\u00e7\u00e3o, soci\u00f3logo e um dos principais contribuintes \u00e0 evolu\u00e7\u00e3o do Ensino P\u00fablico tanto em \u00e2mbito estadual quanto nacional, atraiu ao CIEC delega\u00e7\u00f5es de gestores educacionais de v\u00e1rias cidades da regi\u00e3o.<\/p>\n\n\n\n<p>Promovido pelo Governo de Castilho atrav\u00e9s da Secretaria Municipal de Educa\u00e7\u00e3o, Cultura e Desporto e com total apoio do CPP \u2013 Centro do Professorado Paulista, a palestra teve como tema central:&nbsp;<strong>O FUNDEB E O FINANCIAMENTO DA EDUCA\u00c7\u00c3O NO ESTADO DE S\u00c3O PAULO E SEUS MUNIC\u00cdPIOS<\/strong>.<\/p>\n\n\n\n<p>Municiado com importantes dados sobre a distribui\u00e7\u00e3o de recursos feitas pelo Governo Federal \u00e0s cidades da regi\u00e3o, Callegari foi claro e capaz de apresentar at\u00e9 mesmo previs\u00f5es de futuros repasses aos cofres municipais. Encerrada a palestra cujos dados foram colocados \u00e0 disposi\u00e7\u00e3o de todos os cerca de 160 participantes deste primeiro encontro regional promovido em parceria com o CPP, Cesar Callegari aproveitou para responder algumas d\u00favidas dos gestores e membros de conselhos municipais ligados ao Fundeb, Educa\u00e7\u00e3o, Primeira Inf\u00e2ncia e Alimenta\u00e7\u00e3o Escolar.<\/p>\n\n\n\n<p>O soci\u00f3logo tamb\u00e9m destacou a import\u00e2ncia dos educadores brasileiros se unirem para defender a qualidade do ensino superior, sob pena da falta de ativismo atual comprometer seriamente o futuro da educa\u00e7\u00e3o p\u00fablica em todo o pa\u00eds.<\/p>\n\n\n\n<blockquote class=\"wp-block-quote is-layout-flow wp-block-quote-is-layout-flow\">\n<p>\u201c<em><strong>Infelizmente, nem todas as faculdades que oferecem cursos de forma\u00e7\u00e3o para o magist\u00e9rio, prezam pela qualidade do ensino.&nbsp;<\/strong><\/em><em><strong>Por isso, p<\/strong><\/em><em><strong>recisamos consolidar nossas institui\u00e7\u00f5es p\u00fablicas e refor\u00e7ar sua qualidade para evitarmos um colapso que se agiganta diariamente \u00e0 nossa frente<\/strong><\/em>\u201d, defendeu.<\/p>\n<\/blockquote>\n\n\n\n<p><strong>DELEGA\u00c7\u00d5ES<\/strong>&nbsp;\u2013 Gestores municipais e educadores de cidades como Tr\u00eas Lagoas\/MS, Pereira Barreto, Itapura, Nova Independ\u00eancia, Andradina, Mirand\u00f3polis, Lav\u00ednia, Ara\u00e7atuba e outras, marcaram presen\u00e7a neste importante encontro. Tamb\u00e9m foram registradas as presen\u00e7as de representantes da UNDIME regional de Andradina, da Diretoria Regional de Educa\u00e7\u00e3o, da APEOESP e at\u00e9 mesmo da UFMS de Tr\u00eas Lagoas.<\/p>\n\n\n\n<p>Para recepcion\u00e1-los, a secret\u00e1ria de Educa\u00e7\u00e3o castilhense, Silv\u00e2nia Cintra, proporcionou uma bel\u00edssima apresenta\u00e7\u00e3o cultural de Jazz executada pelos professores Alex Aniceto (Violonista) e Luis (Violinista), ambos ex-alunos castilhenses que atualmente ministram aulas em diferentes polos do Projeto Guri em v\u00e1rias cidades da regi\u00e3o.<\/p>\n\n\n\n<p>Um farto caf\u00e9 da manh\u00e3 tamb\u00e9m foi servido aos participantes, possibilitando v\u00e1rias trocas de experi\u00eancias e contatos que provavelmente resultar\u00e3o em grandes projetos futuros.<\/p>\n\n\n\n<p>Sel\u00eania Silvia Witter de Melo &#8211; ex-dirigente regional de Educa\u00e7\u00e3o e atual Secretaria do Centro Professorado Paulista na regi\u00e3o de Andradina e tamb\u00e9m Presidente da Comiss\u00e3o Consultiva Mista Municipal de Andradina \u2013 IAMSPE, informou a todos os gestores que o CPP possui uma grade imensa de profissionais renomados em todo o estado e aptos a conduzir palestras e workshops sobre variados temas ligados \u00e0 Educa\u00e7\u00e3o no Brasil. Ela tamb\u00e9m agradeceu a sempre pr\u00f3spera parceria com a Prefeitura de Castilho, afirmando que o Munic\u00edpio segue firme no prop\u00f3sito de dinamizar o sistema de ensino em sua rede de Educa\u00e7\u00e3o:<\/p>\n\n\n\n<blockquote class=\"wp-block-quote is-layout-flow wp-block-quote-is-layout-flow\">\n<p>\u201c<em><strong>Castilho tem a felicidade de ter em seu Governo um l\u00edder como o prefeito Paulo Boaventura que sabe que a Educa\u00e7\u00e3o \u00e9 a base para transformar qualquer sociedade. E para isso, ele convidou ningu\u00e9m menos do que uma das profissionais mais capacitadas de todo o Estado e que tamb\u00e9m \u00e9 filha de Castilho, assim como eu: nossa querida e competente Silv\u00e2nia Cintra<\/strong><\/em>\u201d, afirmou.<\/p>\n\n\n\n<p><em style=\"color: rgb(44, 47, 52); font-family: -apple-system, BlinkMacSystemFont, &quot;Segoe UI&quot;, Roboto, Oxygen, Oxygen-Sans, Ubuntu, Cantarell, &quot;Helvetica Neue&quot;, &quot;Open Sans&quot;, sans-serif; font-size: 15px; white-space: normal; padding: 0px; margin: 0px; list-style: none; border: 0px none; outline: none; box-sizing: border-box;\"><span style=\"padding: 0px; margin: 0px; list-style: none; border: 0px none; outline: none; box-sizing: border-box; font-weight: 600;\"><strong>Participe da comunidade do Canal Roni Paparazzi no Whatsapp e receba as principais not\u00edcias do dia direto no seu celular<\/strong>.<\/span>\u00a0<a rel=\"noreferrer noopener\" style=\"padding: 0px; margin: 0px; list-style: none; border: 0px none; outline-style: none; outline-width: initial; box-sizing: border-box; background-color: transparent; color: rgb(0, 136, 255); text-decoration-line: none; transition-duration: 0.15s; transition-property: all;\" href=\"https:\/\/chat.whatsapp.com\/GsG1XKo0jPOEfjzudWQcml\" target=\"_blank\">\u00a0Clique aqui e se inscreva.<\/a><\/em><\/p>\n<\/blockquote>\n","protected":false},"excerpt":{"rendered":"<p>A presen\u00e7a em Castilho do renomado palestrante Cesar Callegari, que \u00e9 consultor em educa\u00e7\u00e3o, soci\u00f3logo e um dos principais contribuintes \u00e0 evolu\u00e7\u00e3o do Ensino P\u00fablico tanto em \u00e2mbito estadual quanto nacional, atraiu ao CIEC delega\u00e7\u00f5es de gestores educacionais de v\u00e1rias cidades da regi\u00e3o. Promovido pelo Governo de Castilho atrav\u00e9s da Secretaria Municipal de Educa\u00e7\u00e3o, Cultura &hellip;<\/p>\n","protected":false},"author":1,"featured_media":4957,"comment_status":"open","ping_status":"open","sticky":false,"template":"","format":"standard","meta":{"_jetpack_memberships_contains_paid_content":false,"footnotes":"","jetpack_publicize_message":"","jetpack_publicize_feature_enabled":true,"jetpack_social_post_already_shared":false,"jetpack_social_options":{"image_generator_settings":{"template":"highway","default_image_id":0,"enabled":false},"version":2}},"categories":[4],"tags":[],"class_list":["post-4956","post","type-post","status-publish","format-standard","has-post-thumbnail","hentry","category-regiao"],"jetpack_publicize_connections":[],"jetpack_featured_media_url":"https:\/\/i0.wp.com\/www.paparazzinews.com.br\/wp-content\/uploads\/2023\/08\/a52dfe2b51da6d4518adda14b2d9d23d.jpg?fit=800%2C360&ssl=1","views":"3907","jetpack_likes_enabled":true,"jetpack_sharing_enabled":true,"_links":{"self":[{"href":"https:\/\/www.paparazzinews.com.br\/index.php?rest_route=\/wp\/v2\/posts\/4956","targetHints":{"allow":["GET"]}}],"collection":[{"href":"https:\/\/www.paparazzinews.com.br\/index.php?rest_route=\/wp\/v2\/posts"}],"about":[{"href":"https:\/\/www.paparazzinews.com.br\/index.php?rest_route=\/wp\/v2\/types\/post"}],"author":[{"embeddable":true,"href":"https:\/\/www.paparazzinews.com.br\/index.php?rest_route=\/wp\/v2\/users\/1"}],"replies":[{"embeddable":true,"href":"https:\/\/www.paparazzinews.com.br\/index.php?rest_route=%2Fwp%2Fv2%2Fcomments&post=4956"}],"version-history":[{"count":1,"href":"https:\/\/www.paparazzinews.com.br\/index.php?rest_route=\/wp\/v2\/posts\/4956\/revisions"}],"predecessor-version":[{"id":4958,"href":"https:\/\/www.paparazzinews.com.br\/index.php?rest_route=\/wp\/v2\/posts\/4956\/revisions\/4958"}],"wp:featuredmedia":[{"embeddable":true,"href":"https:\/\/www.paparazzinews.com.br\/index.php?rest_route=\/wp\/v2\/media\/4957"}],"wp:attachment":[{"href":"https:\/\/www.paparazzinews.com.br\/index.php?rest_route=%2Fwp%2Fv2%2Fmedia&parent=4956"}],"wp:term":[{"taxonomy":"category","embeddable":true,"href":"https:\/\/www.paparazzinews.com.br\/index.php?rest_route=%2Fwp%2Fv2%2Fcategories&post=4956"},{"taxonomy":"post_tag","embeddable":true,"href":"https:\/\/www.paparazzinews.com.br\/index.php?rest_route=%2Fwp%2Fv2%2Ftags&post=4956"}],"curies":[{"name":"wp","href":"https:\/\/api.w.org\/{rel}","templated":true}]}}