{"id":4947,"date":"2023-08-17T09:36:24","date_gmt":"2023-08-17T12:36:24","guid":{"rendered":"https:\/\/www.paparazzinews.com.br\/?p=4947"},"modified":"2023-08-17T09:36:25","modified_gmt":"2023-08-17T12:36:25","slug":"jovem-tres-lagoense-e-ouro-no-atletismo-de-arremesso-de-peso","status":"publish","type":"post","link":"https:\/\/www.paparazzinews.com.br\/?p=4947","title":{"rendered":"Jovem tr\u00eas-lagoense \u00e9 ouro no Atletismo de arremesso de peso"},"content":{"rendered":"\n<p>O Campeonato Brasileiro de Atletismo Loterias Caixa Sub-18 deste ano teve uma tr\u00eas-lagoense de apenas 16 anos como campe\u00e3 de arremesso de peso. A dedicada e consagrada Vit\u00f3ria Barreto conquistou mais uma medalha de ouro para a honra de Tr\u00eas Lagoas.<\/p>\n\n\n\n<p>A competi\u00e7\u00e3o aconteceu no \u00faltimo domingo (13 de agosto) em Aracaju\/SE, reunindo mais de 640 atletas de todo pa\u00eds. Em sua prova, Vit\u00f3ria foi a melhor e quebrou mais um recorde pessoal, atingindo a marca dos 14 metros e 90 cent\u00edmetros, motivo da alegria do professor Reynaldo Abr\u00e3o Camargo e da Secretaria Municipal de Esporte, Juventude e Lazer (SEJUVEL) em geral.<\/p>\n\n\n\n<p>O secret\u00e1rio da pasta, Rialino Medeiros, declarou que est\u00e1 sempre fortalecendo a torcida de Vit\u00f3ria, \u201csendo ela uma das nossas atletas que iniciou nos projetos da SEJUVEL e nos enche de orgulho, mostrando que o trabalho dos nossos professores d\u00e1 excelentes resultados. Em nome do prefeito Angelo Guerreiro, quero parabenizar a todos os envolvidos por esta premia\u00e7\u00e3o e garantir apoio sempre que for preciso\u201d, disse.<\/p>\n\n\n\n<p>Para Reynaldo, Vit\u00f3ria \u00e9 um exemplo de dedica\u00e7\u00e3o, tendo treinado com outras atletas que j\u00e1 est\u00e3o em categorias adultas e foram destaques na SEJUVEL, tendo absorvido toda a positividade de uma atleta profissional. Muito orgulho dessa menina\u201d, discursou.<\/p>\n\n\n\n<p>Vit\u00f3ria est\u00e1 intensificando os treinos, pois, gra\u00e7as aos seus bons resultados, a agenda de competi\u00e7\u00f5es est\u00e1 bastante cheia.<br>Nos dias 26 a 27 de agosto ela disputar\u00e1 o Torneio Federa\u00e7\u00e3o de Atletismo de MS-FAMS sub 18 em Campo Grande; de 02 a 04 de setembro tem Jogos Escolares Brasileiros em Ribeir\u00e3o Preto\/SP e de 15 a 17 de setembro, ela vai para Bragan\u00e7a Paulista \u2013 SP mostrar suas habilidades no Campeonato Brasileiro de Atletismo Sub 23.<\/p>\n\n\n\n<p>O professor e a atleta t\u00eam o apoio da Federa\u00e7\u00e3o de Atletismo de MS (FAMS) e do Governo do Estado por meio da FUNDESPORTE.<\/p>\n\n\n\n<p><em><strong>Participe da comunidade do Canal Roni Paparazzi no Whatsapp e receba as principais not\u00edcias do dia direto no seu celular.<\/strong>\u00a0<a rel=\"noreferrer noopener\" href=\"https:\/\/chat.whatsapp.com\/GsG1XKo0jPOEfjzudWQcml\" target=\"_blank\">\u00a0Clique aqui e se inscreva.<\/a><\/em><\/p>\n","protected":false},"excerpt":{"rendered":"<p>O Campeonato Brasileiro de Atletismo Loterias Caixa Sub-18 deste ano teve uma tr\u00eas-lagoense de apenas 16 anos como campe\u00e3 de arremesso de peso. A dedicada e consagrada Vit\u00f3ria Barreto conquistou mais uma medalha de ouro para a honra de Tr\u00eas Lagoas. A competi\u00e7\u00e3o aconteceu no \u00faltimo domingo (13 de agosto) em Aracaju\/SE, reunindo mais de &hellip;<\/p>\n","protected":false},"author":1,"featured_media":4948,"comment_status":"open","ping_status":"open","sticky":false,"template":"","format":"standard","meta":{"_jetpack_memberships_contains_paid_content":false,"footnotes":"","jetpack_publicize_message":"","jetpack_publicize_feature_enabled":true,"jetpack_social_post_already_shared":false,"jetpack_social_options":{"image_generator_settings":{"template":"highway","default_image_id":0,"enabled":false},"version":2}},"categories":[6],"tags":[],"class_list":["post-4947","post","type-post","status-publish","format-standard","has-post-thumbnail","hentry","category-entretenimento"],"jetpack_publicize_connections":[],"jetpack_featured_media_url":"https:\/\/i0.wp.com\/www.paparazzinews.com.br\/wp-content\/uploads\/2023\/08\/vitoria-barreto-2-scaled-1.jpeg?fit=920%2C690&ssl=1","views":"4052","jetpack_likes_enabled":true,"jetpack_sharing_enabled":true,"_links":{"self":[{"href":"https:\/\/www.paparazzinews.com.br\/index.php?rest_route=\/wp\/v2\/posts\/4947","targetHints":{"allow":["GET"]}}],"collection":[{"href":"https:\/\/www.paparazzinews.com.br\/index.php?rest_route=\/wp\/v2\/posts"}],"about":[{"href":"https:\/\/www.paparazzinews.com.br\/index.php?rest_route=\/wp\/v2\/types\/post"}],"author":[{"embeddable":true,"href":"https:\/\/www.paparazzinews.com.br\/index.php?rest_route=\/wp\/v2\/users\/1"}],"replies":[{"embeddable":true,"href":"https:\/\/www.paparazzinews.com.br\/index.php?rest_route=%2Fwp%2Fv2%2Fcomments&post=4947"}],"version-history":[{"count":1,"href":"https:\/\/www.paparazzinews.com.br\/index.php?rest_route=\/wp\/v2\/posts\/4947\/revisions"}],"predecessor-version":[{"id":4949,"href":"https:\/\/www.paparazzinews.com.br\/index.php?rest_route=\/wp\/v2\/posts\/4947\/revisions\/4949"}],"wp:featuredmedia":[{"embeddable":true,"href":"https:\/\/www.paparazzinews.com.br\/index.php?rest_route=\/wp\/v2\/media\/4948"}],"wp:attachment":[{"href":"https:\/\/www.paparazzinews.com.br\/index.php?rest_route=%2Fwp%2Fv2%2Fmedia&parent=4947"}],"wp:term":[{"taxonomy":"category","embeddable":true,"href":"https:\/\/www.paparazzinews.com.br\/index.php?rest_route=%2Fwp%2Fv2%2Fcategories&post=4947"},{"taxonomy":"post_tag","embeddable":true,"href":"https:\/\/www.paparazzinews.com.br\/index.php?rest_route=%2Fwp%2Fv2%2Ftags&post=4947"}],"curies":[{"name":"wp","href":"https:\/\/api.w.org\/{rel}","templated":true}]}}