{"id":4944,"date":"2023-08-17T09:21:36","date_gmt":"2023-08-17T12:21:36","guid":{"rendered":"https:\/\/www.paparazzinews.com.br\/?p=4944"},"modified":"2023-08-17T09:21:37","modified_gmt":"2023-08-17T12:21:37","slug":"medica-andradinense-anuncia-que-vai-escalar-o-monte-everest","status":"publish","type":"post","link":"https:\/\/www.paparazzinews.com.br\/?p=4944","title":{"rendered":"M\u00e9dica andradinense anuncia que vai escalar o monte Everest"},"content":{"rendered":"\n<p>Marise Cestari Paulo, 40, natural de Guara\u00e7ai, m\u00e9dica neurologista, p\u00f3s graduada em psiquiatria, formada h\u00e1 16 anos, atualmente atendendo em Andradina e Ilha Solteira, praticante de trekking [atividade f\u00edsica, aer\u00f3bica, que consiste no ato de caminhar em trilhas naturais, buscando maior contato com a natureza], solteira, m\u00e3e de Jo\u00e3ozinho, de dois anos e meio e dona de tr\u00eas gatos. A informa\u00e7\u00e3o \u00e9 do Impacto Online.<\/p>\n\n\n\n<p>Esse \u00e9 o perfil da aventureira que em outubro vai escalar o Monte Everest, a montanha mais alta da&nbsp;<a href=\"https:\/\/pt.wikipedia.org\/wiki\/Terra\">Terra<\/a>. Seu pico est\u00e1 a 8.848,86 metros acima do&nbsp;<a href=\"https:\/\/pt.wikipedia.org\/wiki\/N%C3%ADvel_do_mar\">n\u00edvel do mar<\/a>, na&nbsp;<a href=\"https:\/\/pt.wikipedia.org\/wiki\/Cordilheira\">subcordilheira<\/a>&nbsp;<a href=\"https:\/\/pt.wikipedia.org\/wiki\/Mahalangur_Himal\">Mahalangur Himal<\/a>&nbsp;dos&nbsp;<a href=\"https:\/\/pt.wikipedia.org\/wiki\/Himalaias\">Himalaias<\/a>, no Nepal.&nbsp;<\/p>\n\n\n\n<p>O Everest atrai muitos\u00a0<a href=\"https:\/\/pt.wikipedia.org\/wiki\/Alpinista\">alpinistas<\/a>, alguns deles experientes. Existem duas rotas principais de escalada: uma que se aproxima ao cume pela face sudeste, no Nepal (conhecida como a rota padr\u00e3o) e outra pela face norte, no Tibete.<\/p>\n\n\n\n<p>Embora a rota padr\u00e3o n\u00e3o colocar desafios substanciais na t\u00e9cnica de escalada, o Everest apresenta perigos, tais como&nbsp;<a href=\"https:\/\/pt.wikipedia.org\/wiki\/Mal_da_montanha\">mal da montanha<\/a>, condi\u00e7\u00f5es clim\u00e1ticas, vento, bem como os perigos objetivos importantes, como&nbsp;<a href=\"https:\/\/pt.wikipedia.org\/wiki\/Avalanche\">avalanches<\/a>. Em 2016, havia bem mais de 200 cad\u00e1veres na montanha, sendo que alguns deles chegam a servir como pontos de refer\u00eancia.<\/p>\n\n\n\n<p>Apesar dos riscos, Marise pretende chegar a um dos Acampamentos Base, a uma altitude superior a 5 mil metros, o que n\u00e3o deixa de ser um grande desafio. <\/p>\n\n\n\n<p>A aventureira foi descoberta por nossa reportagem quando caminhava na Prociss\u00e3o do Bom Jesus da Lapa, dia 6 de agosto, entre Andradina e Paran\u00e1polis, usando bast\u00f5es, carregando o filho \u00e0s costas e acompanhada da m\u00e3e Cl\u00e9lia Cestari. N\u00e3o estava pagando nenhuma promessa, mas treinando pesado para os desafios \u00e0 frente.<\/p>\n\n\n\n<p><strong>COMO SURGIU A IDEIA DE ESCALAR O EVEREST?<\/strong><\/p>\n\n\n\n<p>\u201cTive um problema de dor cr\u00f4nica, dor miofascial. Iniciou em 2011 e at\u00e9 2014 busquei todos os tratamentos \u00b4de ponta\u00b4 em S\u00e3o Paulo e nada melhorava a dor. Procurava colegas m\u00e9dicos, usava medicamentos, fazia tratamentos, mas n\u00e3o queria de forma alguma fazer esporte. Suportei dores dia e noite por anos seguidos, entrei no Pilates e comecei a caminhar\u201d, narrou.<\/p>\n\n\n\n<p>\u201cA dor come\u00e7ou a me dar uma tr\u00e9gua. Vi que esporte era o que eu precisava pra n\u00e3o ter dor at\u00e9 que ela foi lentamente desaparecendo. Depois das caminhadas de longas dist\u00e2ncias decidi que queria subir montanhas e foi assim que iniciou minha paix\u00e3o pelo montanhismo\u201d, acrescentou.<\/p>\n\n\n\n<p>Marise come\u00e7ou a se aventurar em 2014, no Caminho de Santiago de Compostela, onde descobriu que o trekking \u00e9 uma terapia para o corpo e a alma. Desde ent\u00e3o n\u00e3o parou mais, j\u00e1 tendo realizando diversos trekkings e ascens\u00f5es nos Andes e Venezuela, inclusive curso de escalada em rocha.<\/p>\n\n\n\n<p>\u201cJ\u00e1 escalei v\u00e1rias montanhas no Brasil, Argentina, Portugal, Alemanha, Venezuela, na Tanz\u00e2nia [\u00c1frica] e prometi pra mim que quando fizesse 40 anos iria fazer o Acampamento Base do Everest\u201d, relata. \u201cN\u00e3o tem explica\u00e7\u00e3o pra subir uma montanha. Com meus colegas que praticam o esporte, a gente fala que escalar a montanha porque ela est\u00e1 \u00e0 nossa frente\u201d, comenta. E destaca uma frase de Guimar\u00e3es Rosa: \u201cViver \u00e9 muito perigoso\u201d.<\/p>\n\n\n\n<p>Em seu preparo para aventuras e trekking, a m\u00e9dica lembra que a pandemia da Covid a atrapalhou muito. Agora, morando distante dos locais montanhosos no Brasil, ela treina muscula\u00e7\u00e3o com personal quatro vezes por semana, faz Yoga e sempre que pode sobe uma montanha.<\/p>\n\n\n\n<p><strong>DESAFIO EM SERRA FINA ESSE M\u00caS<\/strong><\/p>\n\n\n\n<p>\u201cNeste ano fiz o Pico do Paran\u00e1, montanha mais alta do sul do pa\u00eds. E neste final de m\u00eas farei a travessia mais desafiadora, considerada por alguns mais dif\u00edcil do Brasil, a Serra Fina. No trajeto est\u00e3o duas das dez montanhas mais altas do pa\u00eds (pedra da Mina e Pico dos 3 Estados)\u201d, sinaliza a m\u00e9dica.<\/p>\n\n\n\n<p>Para chegar ao acampamento base do Everest ela ir\u00e1 atrav\u00e9s de uma empresa especializada nesse tipo de trekking, a Soul Outdoor. As aventuras t\u00eam o apoio dos pais pra cuidar do filho e dos gatos. <\/p>\n\n\n\n<p>Sobre a caminhada na prociss\u00e3o de Bom Jesus da Lapa, a m\u00e9dica enfatiza que \u201ccarregar o Jo\u00e3ozinho, minha carga mais preciosa, fez ver que meu condicionamento est\u00e1 muito bom\u201d. E compara que o peso da crian\u00e7a [13 kg], mais da mochila [3 kg], \u00e9 semelhante ao que carregar\u00e1 no desafio em Serra Fina, onde passar\u00e1 quatro dias andando em montanha.<\/p>\n\n\n\n<p><em><strong>Participe da comunidade do Canal Roni Paparazzi no Whatsapp e receba as principais not\u00edcias do dia direto no seu celular.<\/strong>\u00a0<a rel=\"noreferrer noopener\" href=\"https:\/\/chat.whatsapp.com\/GsG1XKo0jPOEfjzudWQcml\" target=\"_blank\">\u00a0Clique aqui e se inscreva.<\/a><\/em><\/p>\n","protected":false},"excerpt":{"rendered":"<p>Marise Cestari Paulo, 40, natural de Guara\u00e7ai, m\u00e9dica neurologista, p\u00f3s graduada em psiquiatria, formada h\u00e1 16 anos, atualmente atendendo em Andradina e Ilha Solteira, praticante de trekking [atividade f\u00edsica, aer\u00f3bica, que consiste no ato de caminhar em trilhas naturais, buscando maior contato com a natureza], solteira, m\u00e3e de Jo\u00e3ozinho, de dois anos e meio e &hellip;<\/p>\n","protected":false},"author":1,"featured_media":4945,"comment_status":"open","ping_status":"open","sticky":false,"template":"","format":"standard","meta":{"_jetpack_memberships_contains_paid_content":false,"footnotes":"","jetpack_publicize_message":"","jetpack_publicize_feature_enabled":true,"jetpack_social_post_already_shared":false,"jetpack_social_options":{"image_generator_settings":{"template":"highway","default_image_id":0,"enabled":false},"version":2}},"categories":[4],"tags":[],"class_list":["post-4944","post","type-post","status-publish","format-standard","has-post-thumbnail","hentry","category-regiao"],"jetpack_publicize_connections":[],"jetpack_featured_media_url":"https:\/\/i0.wp.com\/www.paparazzinews.com.br\/wp-content\/uploads\/2023\/08\/2bca3560-172d-49e3-a248-238de643d5f3.jpg?fit=800%2C443&ssl=1","views":"3829","jetpack_likes_enabled":true,"jetpack_sharing_enabled":true,"_links":{"self":[{"href":"https:\/\/www.paparazzinews.com.br\/index.php?rest_route=\/wp\/v2\/posts\/4944","targetHints":{"allow":["GET"]}}],"collection":[{"href":"https:\/\/www.paparazzinews.com.br\/index.php?rest_route=\/wp\/v2\/posts"}],"about":[{"href":"https:\/\/www.paparazzinews.com.br\/index.php?rest_route=\/wp\/v2\/types\/post"}],"author":[{"embeddable":true,"href":"https:\/\/www.paparazzinews.com.br\/index.php?rest_route=\/wp\/v2\/users\/1"}],"replies":[{"embeddable":true,"href":"https:\/\/www.paparazzinews.com.br\/index.php?rest_route=%2Fwp%2Fv2%2Fcomments&post=4944"}],"version-history":[{"count":1,"href":"https:\/\/www.paparazzinews.com.br\/index.php?rest_route=\/wp\/v2\/posts\/4944\/revisions"}],"predecessor-version":[{"id":4946,"href":"https:\/\/www.paparazzinews.com.br\/index.php?rest_route=\/wp\/v2\/posts\/4944\/revisions\/4946"}],"wp:featuredmedia":[{"embeddable":true,"href":"https:\/\/www.paparazzinews.com.br\/index.php?rest_route=\/wp\/v2\/media\/4945"}],"wp:attachment":[{"href":"https:\/\/www.paparazzinews.com.br\/index.php?rest_route=%2Fwp%2Fv2%2Fmedia&parent=4944"}],"wp:term":[{"taxonomy":"category","embeddable":true,"href":"https:\/\/www.paparazzinews.com.br\/index.php?rest_route=%2Fwp%2Fv2%2Fcategories&post=4944"},{"taxonomy":"post_tag","embeddable":true,"href":"https:\/\/www.paparazzinews.com.br\/index.php?rest_route=%2Fwp%2Fv2%2Ftags&post=4944"}],"curies":[{"name":"wp","href":"https:\/\/api.w.org\/{rel}","templated":true}]}}