{"id":494,"date":"2022-08-24T17:04:37","date_gmt":"2022-08-24T20:04:37","guid":{"rendered":"https:\/\/www.paparazzinews.com.br\/?p=494"},"modified":"2022-08-24T17:04:38","modified_gmt":"2022-08-24T20:04:38","slug":"comeca-a-quarta-dose-em-pessoas-com-mais-de-30-em-andradina","status":"publish","type":"post","link":"https:\/\/www.paparazzinews.com.br\/?p=494","title":{"rendered":"Come\u00e7a a quarta dose em pessoas com mais de 30 em Andradina"},"content":{"rendered":"\n<p>Pessoas com mais de 30 anos e que vivem na cidade de Andradina podem tomar, a partir desta quarta-feira (25), a segunda quarta dose da de vacina contra a covid-19.<\/p>\n\n\n\n<p><br>Segundo a Coordenadora de Aten\u00e7\u00e3o B\u00e1sica da Secretaria de Sa\u00fade, Carla Back, a vacina\u00e7\u00e3o contra a Covid 19 passar\u00e1 a ser centralizada na UBS 3 (Antigo PAM) na rua Paes Leme.<\/p>\n\n\n\n<p><br>&#8220;As doses de refor\u00e7o s\u00e3o essenciais para proporcionar o aumento da quantidade de anticorpos no organismo. Isso reduz a chance de um desfecho mais grave em caso de covid-19\u201d, disse o secret\u00e1rio da Sa\u00fade, Jo\u00e3o Leme.<\/p>\n\n\n\n<p><br>Segundo o secret\u00e1rio as pessoas que est\u00e3o adequadamente vacinadas e que est\u00e3o pegando covid-19, est\u00e3o tendo formas leves. No m\u00e1ximo, moderadas. Mas n\u00e3o est\u00e3o internadas, entubadas ou morrendo. \u201cIsso \u00e9 indiscut\u00edvel. Isso ocorre no mundo inteiro\u201d, disse.<\/p>\n","protected":false},"excerpt":{"rendered":"<p>Pessoas com mais de 30 anos e que vivem na cidade de Andradina podem tomar, a partir desta quarta-feira (25), a segunda quarta dose da de vacina contra a covid-19. Segundo a Coordenadora de Aten\u00e7\u00e3o B\u00e1sica da Secretaria de Sa\u00fade, Carla Back, a vacina\u00e7\u00e3o contra a Covid 19 passar\u00e1 a ser centralizada na UBS 3 &hellip;<\/p>\n","protected":false},"author":1,"featured_media":495,"comment_status":"open","ping_status":"open","sticky":false,"template":"","format":"standard","meta":{"_jetpack_memberships_contains_paid_content":false,"footnotes":"","jetpack_publicize_message":"","jetpack_publicize_feature_enabled":true,"jetpack_social_post_already_shared":false,"jetpack_social_options":{"image_generator_settings":{"template":"highway","default_image_id":0,"enabled":false},"version":2}},"categories":[4],"tags":[],"class_list":["post-494","post","type-post","status-publish","format-standard","has-post-thumbnail","hentry","category-regiao"],"jetpack_publicize_connections":[],"jetpack_featured_media_url":"https:\/\/i0.wp.com\/www.paparazzinews.com.br\/wp-content\/uploads\/2022\/08\/f276a9c4-b389-40d8-a532-50868054b796.jpg?fit=1024%2C683&ssl=1","views":"3439","jetpack_likes_enabled":true,"jetpack_sharing_enabled":true,"_links":{"self":[{"href":"https:\/\/www.paparazzinews.com.br\/index.php?rest_route=\/wp\/v2\/posts\/494","targetHints":{"allow":["GET"]}}],"collection":[{"href":"https:\/\/www.paparazzinews.com.br\/index.php?rest_route=\/wp\/v2\/posts"}],"about":[{"href":"https:\/\/www.paparazzinews.com.br\/index.php?rest_route=\/wp\/v2\/types\/post"}],"author":[{"embeddable":true,"href":"https:\/\/www.paparazzinews.com.br\/index.php?rest_route=\/wp\/v2\/users\/1"}],"replies":[{"embeddable":true,"href":"https:\/\/www.paparazzinews.com.br\/index.php?rest_route=%2Fwp%2Fv2%2Fcomments&post=494"}],"version-history":[{"count":1,"href":"https:\/\/www.paparazzinews.com.br\/index.php?rest_route=\/wp\/v2\/posts\/494\/revisions"}],"predecessor-version":[{"id":496,"href":"https:\/\/www.paparazzinews.com.br\/index.php?rest_route=\/wp\/v2\/posts\/494\/revisions\/496"}],"wp:featuredmedia":[{"embeddable":true,"href":"https:\/\/www.paparazzinews.com.br\/index.php?rest_route=\/wp\/v2\/media\/495"}],"wp:attachment":[{"href":"https:\/\/www.paparazzinews.com.br\/index.php?rest_route=%2Fwp%2Fv2%2Fmedia&parent=494"}],"wp:term":[{"taxonomy":"category","embeddable":true,"href":"https:\/\/www.paparazzinews.com.br\/index.php?rest_route=%2Fwp%2Fv2%2Fcategories&post=494"},{"taxonomy":"post_tag","embeddable":true,"href":"https:\/\/www.paparazzinews.com.br\/index.php?rest_route=%2Fwp%2Fv2%2Ftags&post=494"}],"curies":[{"name":"wp","href":"https:\/\/api.w.org\/{rel}","templated":true}]}}