{"id":4920,"date":"2023-08-16T17:58:34","date_gmt":"2023-08-16T20:58:34","guid":{"rendered":"https:\/\/www.paparazzinews.com.br\/?p=4920"},"modified":"2023-08-16T17:58:35","modified_gmt":"2023-08-16T20:58:35","slug":"castilho-recebera-curso-inedito-e-gratuito-do-projeto-conecta-mundo-inscricoes-ja-estao-abertas","status":"publish","type":"post","link":"https:\/\/www.paparazzinews.com.br\/?p=4920","title":{"rendered":"Castilho receber\u00e1 curso in\u00e9dito e gratuito do projeto \u201cCONECTA MUNDO\u201d. Inscri\u00e7\u00f5es j\u00e1 est\u00e3o abertas!"},"content":{"rendered":"\n<p>A Prefeitura de Castilho confirmou nesta ter\u00e7a-feira (15), mais uma excelente oportunidade de curso de tecnologia totalmente gratuito para crian\u00e7as e adolescentes castilhenses acima de 13 anos de idade.<\/p>\n\n\n\n<p>Realizado atrav\u00e9s da Secretaria Municipal de Educa\u00e7\u00e3o em parceria com a Secretaria Estadual de Cultura, Economia e Ind\u00fastria Criativas e Grupo Comerc Energia, o Projeto Conecta Mundo abrir\u00e1 duas turmas de 20 alunos cada, para participarem de oficinas de tecnologia focadas no desenvolvimento de aplicativo.<\/p>\n\n\n\n<p><strong>SOBRE O CURSO<\/strong>&nbsp;\u2013 Como a tecnologia \u00e9 tema central do Projeto Conecta Mundo, o principal objetivo \u00e9 desenvolver nos participantes a capacidade de produzirem um aplicativo que concentrar\u00e1 informa\u00e7\u00f5es hist\u00f3ricas e tur\u00edsticas da cidade de Castilho.<\/p>\n\n\n\n<p>Nas aulas, os jovens obter\u00e3o informa\u00e7\u00f5es sobre prototipa\u00e7\u00e3o;&nbsp;<em>back end; front end&nbsp;<\/em>e capta\u00e7\u00e3o de imagens para aplicativo. O conte\u00fado ser\u00e1 transmitido por meio de apostilas e de um site espec\u00edfico. A ideia \u00e9 fazer com que os jovens possam ter acesso a uma \u00e1rea que se desenvolve cada dia mais, contribuindo para levar informa\u00e7\u00f5es sobre a cidade de Castilho, explica Thatiana de Abreu Faria, Gerente de Comunica\u00e7\u00e3o Corporativa e Responsabilidade Social no Grupo Comerc Energia.<\/p>\n\n\n\n<blockquote class=\"wp-block-quote is-layout-flow wp-block-quote-is-layout-flow\">\n<p>\u201c<em><strong>Estamos no m\u00eas de anivers\u00e1rio desta cidade maravilhosa que \u00e9 Castilho e n\u00e3o poder\u00edamos receber um presente melhor do que esse: ensinar nossos jovens a produzirem um App capaz de contar nossa rica hist\u00f3ria ao mesmo tempo em que apresenta nossos principais pontos tur\u00edsticos. \u00c9 realmente um presente de anivers\u00e1rio tanto para a cidade, quanto para os nossos jovens<\/strong><\/em>\u201d, comemora a secret\u00e1ria de Educa\u00e7\u00e3o, Silv\u00e2nia Cintra.<\/p>\n<\/blockquote>\n\n\n\n<p><strong>TURMAS E DURA\u00c7\u00c3O<\/strong>&nbsp;\u2013 As aulas ser\u00e3o presenciais e come\u00e7ar\u00e3o no pr\u00f3ximo dia 11 de Setembro, nas salas do Centro de Tecnologias e Criatividades do CIEC. O curso \u00e9 di\u00e1rio e terminar\u00e1 somente no dia 06 de Outubro, com duas op\u00e7\u00f5es de hor\u00e1rios:<\/p>\n\n\n\n<p><strong>Turma 1 \u2013&nbsp;<\/strong>das 8 \u00e0s 10 horas<\/p>\n\n\n\n<p><strong>Turma 2 \u2013&nbsp;<\/strong>das 14h30 \u00e0s 16h30<\/p>\n\n\n\n<p><strong>INSCRI\u00c7\u00d5ES<\/strong>&nbsp;\u2013 Para participar, os candidatos devem acessar o Link:&nbsp;<a href=\"http:\/\/mr2cultural.com\/conectamundo\/inscricao\" target=\"_blank\" rel=\"noreferrer noopener\">mr2cultural.com\/conectamundo\/inscricao<\/a>&nbsp;e preencherem o Formul\u00e1rio de Inscri\u00e7\u00f5es Online. Caso o adolescente n\u00e3o possua e-mail pessoal ativo, precisar\u00e1 estar acompanhado por um adulto respons\u00e1vel que o tenha. Tamb\u00e9m \u00e9 obrigat\u00f3rio informar o n\u00famero do CPF do candidato, para evitar dupla inscri\u00e7\u00e3o. Mas a inscri\u00e7\u00e3o deve ser realizada rapidamente, pois a quantidade de vagas \u00e9 limitada a 20 estudantes por turma. Al\u00e9m disso, as inscri\u00e7\u00f5es ser\u00e3o aceitas somente at\u00e9 o dia 10\/09<em>.<\/em><\/p>\n\n\n\n<p><em style=\"color: rgb(44, 47, 52); font-family: -apple-system, BlinkMacSystemFont, &quot;Segoe UI&quot;, Roboto, Oxygen, Oxygen-Sans, Ubuntu, Cantarell, &quot;Helvetica Neue&quot;, &quot;Open Sans&quot;, sans-serif; font-size: 15px; white-space: normal; padding: 0px; margin: 0px; list-style: none; border: 0px none; outline: none; box-sizing: border-box;\"><span style=\"padding: 0px; margin: 0px; list-style: none; border: 0px none; outline: none; box-sizing: border-box; font-weight: 600;\">Participe da comunidade do Canal Roni Paparazzi no Whatsapp e receba as principais not\u00edcias do dia direto no seu celular<\/span>.\u00a0<a rel=\"noreferrer noopener\" style=\"padding: 0px; margin: 0px; list-style: none; border: 0px none; outline-style: none; outline-width: initial; box-sizing: border-box; background-color: transparent; color: rgb(0, 136, 255); text-decoration-line: none; transition-duration: 0.15s; transition-property: all;\" href=\"https:\/\/chat.whatsapp.com\/GsG1XKo0jPOEfjzudWQcml\" target=\"_blank\">\u00a0Clique aqui e se inscreva.<\/a><\/em><p style=\"padding: 0px; margin: 0px 0px 25px; list-style: none; border: 0px none; outline: none; box-sizing: border-box; line-height: 26px; color: rgb(44, 47, 52); font-family: -apple-system, BlinkMacSystemFont, &quot;Segoe UI&quot;, Roboto, Oxygen, Oxygen-Sans, Ubuntu, Cantarell, &quot;Helvetica Neue&quot;, &quot;Open Sans&quot;, sans-serif; font-size: 15px; white-space: normal;\"><a style=\"padding: 0px; margin: 0px; list-style: none; border: 0px none; outline-style: none; outline-width: initial; box-sizing: border-box; background-color: transparent; color: rgb(0, 136, 255); text-decoration-line: none; transition-duration: 0.15s; transition-property: all;\" href=\"https:\/\/www.paparazzinews.com.br\/wp-admin\/post.php?post=4914&amp;action=edit\"><\/a><div class=\"post-bottom-meta-title\" style=\"padding: 0px 6px; margin: 5px 5px 0px 0px; list-style: none; border: 1px solid rgba(0, 0, 0, 0.1); outline-style: none; outline-width: initial; box-sizing: border-box; float: left; background: rgb(44, 47, 52); border-radius: 2px; color: rgb(255, 255, 255);\"><a class=\"post-edit-link\" style=\"padding: 0px; margin: 0px; list-style: none; border: 1px solid rgba(0, 0, 0, 0.1); outline-style: none; outline-width: initial; box-sizing: border-box; background: rgba(0, 0, 0, 0.03); color: rgb(44, 47, 52); text-decoration-line: none; transition-duration: 0.15s; transition-property: all; float: left; border-radius: 2px;\" href=\"https:\/\/www.paparazzinews.com.br\/wp-admin\/post.php?post=4917&amp;action=edit\"><span class=\"fa fa-edit\" aria-hidden=\"true\" style=\"padding: 0px; margin: 0px; list-style: none; border: 0px none; outline: none; box-sizing: border-box;\"><\/span><\/a><\/div><\/p><\/p>\n","protected":false},"excerpt":{"rendered":"<p>A Prefeitura de Castilho confirmou nesta ter\u00e7a-feira (15), mais uma excelente oportunidade de curso de tecnologia totalmente gratuito para crian\u00e7as e adolescentes castilhenses acima de 13 anos de idade. Realizado atrav\u00e9s da Secretaria Municipal de Educa\u00e7\u00e3o em parceria com a Secretaria Estadual de Cultura, Economia e Ind\u00fastria Criativas e Grupo Comerc Energia, o Projeto Conecta &hellip;<\/p>\n","protected":false},"author":1,"featured_media":4921,"comment_status":"open","ping_status":"open","sticky":false,"template":"","format":"standard","meta":{"_jetpack_memberships_contains_paid_content":false,"footnotes":"","jetpack_publicize_message":"","jetpack_publicize_feature_enabled":true,"jetpack_social_post_already_shared":false,"jetpack_social_options":{"image_generator_settings":{"template":"highway","default_image_id":0,"enabled":false},"version":2}},"categories":[4],"tags":[],"class_list":["post-4920","post","type-post","status-publish","format-standard","has-post-thumbnail","hentry","category-regiao"],"jetpack_publicize_connections":[],"jetpack_featured_media_url":"https:\/\/i0.wp.com\/www.paparazzinews.com.br\/wp-content\/uploads\/2023\/08\/f9b604458465f6881659f924047a48de.jpg?fit=800%2C800&ssl=1","views":"3993","jetpack_likes_enabled":true,"jetpack_sharing_enabled":true,"_links":{"self":[{"href":"https:\/\/www.paparazzinews.com.br\/index.php?rest_route=\/wp\/v2\/posts\/4920","targetHints":{"allow":["GET"]}}],"collection":[{"href":"https:\/\/www.paparazzinews.com.br\/index.php?rest_route=\/wp\/v2\/posts"}],"about":[{"href":"https:\/\/www.paparazzinews.com.br\/index.php?rest_route=\/wp\/v2\/types\/post"}],"author":[{"embeddable":true,"href":"https:\/\/www.paparazzinews.com.br\/index.php?rest_route=\/wp\/v2\/users\/1"}],"replies":[{"embeddable":true,"href":"https:\/\/www.paparazzinews.com.br\/index.php?rest_route=%2Fwp%2Fv2%2Fcomments&post=4920"}],"version-history":[{"count":1,"href":"https:\/\/www.paparazzinews.com.br\/index.php?rest_route=\/wp\/v2\/posts\/4920\/revisions"}],"predecessor-version":[{"id":4922,"href":"https:\/\/www.paparazzinews.com.br\/index.php?rest_route=\/wp\/v2\/posts\/4920\/revisions\/4922"}],"wp:featuredmedia":[{"embeddable":true,"href":"https:\/\/www.paparazzinews.com.br\/index.php?rest_route=\/wp\/v2\/media\/4921"}],"wp:attachment":[{"href":"https:\/\/www.paparazzinews.com.br\/index.php?rest_route=%2Fwp%2Fv2%2Fmedia&parent=4920"}],"wp:term":[{"taxonomy":"category","embeddable":true,"href":"https:\/\/www.paparazzinews.com.br\/index.php?rest_route=%2Fwp%2Fv2%2Fcategories&post=4920"},{"taxonomy":"post_tag","embeddable":true,"href":"https:\/\/www.paparazzinews.com.br\/index.php?rest_route=%2Fwp%2Fv2%2Ftags&post=4920"}],"curies":[{"name":"wp","href":"https:\/\/api.w.org\/{rel}","templated":true}]}}