{"id":4849,"date":"2023-08-15T14:38:28","date_gmt":"2023-08-15T17:38:28","guid":{"rendered":"https:\/\/www.paparazzinews.com.br\/?p=4849"},"modified":"2023-08-15T14:39:14","modified_gmt":"2023-08-15T17:39:14","slug":"confira-a-programacao-da-festa-do-folclore-de-tres-lagoas-com-roberta-miranda-mato-grosso-e-mathias","status":"publish","type":"post","link":"https:\/\/www.paparazzinews.com.br\/?p=4849","title":{"rendered":"CONFIRA A PROGRAMA\u00c7\u00c3O da Festa do Folclore de Tr\u00eas Lagoas com Roberta Miranda, Mato Grosso e Mathias"},"content":{"rendered":"\n<p>A Festa do Folclore de Tr\u00eas Lagoas (MS) realizada pela administra\u00e7\u00e3o do prefeito \u00c2ngelo Guerreiro, vai come\u00e7ar nesta quinta-feira (17) e segue at\u00e9 domingo (20), de port\u00f5es abertos o primeiro show \u00e9 com Mato Grosso e Mathias.<\/p>\n\n\n\n<p><strong>Antes do show principal, a partir das 19h, s\u00e3o eles que animam e aquecem a galera presente.<\/strong> O Roni Paparazzi apurou que essa 33\u00ba edi\u00e7\u00e3o da festa, na sexta-feira (18), Ra\u00e7a Negra, s\u00e1bado (19), Roberta Miranda e no domingo (20), Guilherme e Santiago enceram o evento.<\/p>\n\n\n\n<p><strong>Dia 17 (quinta-feira)<br><\/strong>19h \u2013 Banda Cristo Redentor<br>19h30 \u2013 Coral de Idosos \u201cTia Nega\u201d<br>Coral Municipal Renascer<br>Orquestra Municipal de Tr\u00eas Lagoas<br>19h30 \u2013 Grupo Parceiros do Ukulele<br>20h \u2013 Anderson E Claudinho<br>20h30 \u2013 Grupo do Mato<br>21h \u2013 Azes do Chamam\u00e9<br>21h30 \u2013 Edivan &amp; Gisele<br>22h30 (Previs\u00e3o) Matogrosso &amp; Mathias<\/p>\n\n\n\n<p><strong>DIA 18 (sexta-feira)<\/strong><br>19h \u2013 Grupo Du\u2019month<br>20h \u2013 Grupo Ki-Sorriso<br>21h \u2013 Projeto Nossa Vibe<br>22h \u2013 Grupo Karaka 22h<br>23h (previs\u00e3o) Ra\u00e7a Negra<\/p>\n\n\n\n<p><strong>Dia 19 (s\u00e1bado)<\/strong><br>19h \u2013 Escolas Municipais e CEIS<br>Projeto Proteja<br>Dan\u00e7as Locais<br>20h \u2013 Silvia Rodrigues<br>20h30 \u2013 Fran Soares<br>21h \u2013 Dinho Ouro<br>21h15- Fernando Amarilha<br>21h30 \u2013 Paulo Cesar e Eduardo<br>22h \u2013 Ottoni<br>22h30 Caio e Fael<br>23h (previs\u00e3o) Roberta Miranda<\/p>\n\n\n\n<p><strong>Dia 20 (domingo)<\/strong><br>19h \u2013 Apresenta\u00e7\u00e3o da Folia de Reis \u201cMarcos Marques\u201d<br>19h30 \u2013 Trio Karap\u00e9 19h30min<br>20h \u2013 Carol e Gustavo<br>20h30 \u2013 Camargo e Eduardo<br>21h- Grupo Os Ecl\u00e9ticos<br>21h30 \u2013 Tato e Nando<br>22h \u2013 Grupo Os Ca\u00e7ulas<\/p>\n\n\n\n<p>23h (previs\u00e3o) Guilherme e Santiago<\/p>\n\n\n\n<p><em><strong>Participe da comunidade do Canal Roni Paparazzi no Whatsapp e receba as principais not\u00edcias do dia direto no seu celular<\/strong>.&nbsp;<a rel=\"noreferrer noopener\" href=\"https:\/\/chat.whatsapp.com\/GsG1XKo0jPOEfjzudWQcml\" target=\"_blank\">&nbsp;Clique aqui e se inscreva.<\/a><\/em><\/p>\n\n\n\n<p><a href=\"https:\/\/www.paparazzinews.com.br\/wp-admin\/post.php?post=4841&amp;action=edit\"><\/a><\/p>\n\n\n\n<p><a href=\"https:\/\/www.paparazzinews.com.br\/wp-admin\/post.php?post=4844&amp;action=edit\"><\/a><\/p>\n\n\n\n<p><a href=\"https:\/\/www.paparazzinews.com.br\/wp-admin\/post.php?post=4846&amp;action=edit\"><\/a><\/p>\n","protected":false},"excerpt":{"rendered":"<p>A Festa do Folclore de Tr\u00eas Lagoas (MS) realizada pela administra\u00e7\u00e3o do prefeito \u00c2ngelo Guerreiro, vai come\u00e7ar nesta quinta-feira (17) e segue at\u00e9 domingo (20), de port\u00f5es abertos o primeiro show \u00e9 com Mato Grosso e Mathias. Antes do show principal, a partir das 19h, s\u00e3o eles que animam e aquecem a galera presente. O &hellip;<\/p>\n","protected":false},"author":1,"featured_media":4850,"comment_status":"open","ping_status":"open","sticky":false,"template":"","format":"standard","meta":{"_jetpack_memberships_contains_paid_content":false,"footnotes":"","jetpack_publicize_message":"","jetpack_publicize_feature_enabled":true,"jetpack_social_post_already_shared":false,"jetpack_social_options":{"image_generator_settings":{"template":"highway","default_image_id":0,"enabled":false},"version":2}},"categories":[6],"tags":[],"class_list":["post-4849","post","type-post","status-publish","format-standard","has-post-thumbnail","hentry","category-entretenimento"],"jetpack_publicize_connections":[],"jetpack_featured_media_url":"https:\/\/i0.wp.com\/www.paparazzinews.com.br\/wp-content\/uploads\/2023\/08\/366839356_1045153000147985_2767225542902614095_n.jpg?fit=1080%2C400&ssl=1","views":"1250","jetpack_likes_enabled":true,"jetpack_sharing_enabled":true,"_links":{"self":[{"href":"https:\/\/www.paparazzinews.com.br\/index.php?rest_route=\/wp\/v2\/posts\/4849","targetHints":{"allow":["GET"]}}],"collection":[{"href":"https:\/\/www.paparazzinews.com.br\/index.php?rest_route=\/wp\/v2\/posts"}],"about":[{"href":"https:\/\/www.paparazzinews.com.br\/index.php?rest_route=\/wp\/v2\/types\/post"}],"author":[{"embeddable":true,"href":"https:\/\/www.paparazzinews.com.br\/index.php?rest_route=\/wp\/v2\/users\/1"}],"replies":[{"embeddable":true,"href":"https:\/\/www.paparazzinews.com.br\/index.php?rest_route=%2Fwp%2Fv2%2Fcomments&post=4849"}],"version-history":[{"count":2,"href":"https:\/\/www.paparazzinews.com.br\/index.php?rest_route=\/wp\/v2\/posts\/4849\/revisions"}],"predecessor-version":[{"id":4852,"href":"https:\/\/www.paparazzinews.com.br\/index.php?rest_route=\/wp\/v2\/posts\/4849\/revisions\/4852"}],"wp:featuredmedia":[{"embeddable":true,"href":"https:\/\/www.paparazzinews.com.br\/index.php?rest_route=\/wp\/v2\/media\/4850"}],"wp:attachment":[{"href":"https:\/\/www.paparazzinews.com.br\/index.php?rest_route=%2Fwp%2Fv2%2Fmedia&parent=4849"}],"wp:term":[{"taxonomy":"category","embeddable":true,"href":"https:\/\/www.paparazzinews.com.br\/index.php?rest_route=%2Fwp%2Fv2%2Fcategories&post=4849"},{"taxonomy":"post_tag","embeddable":true,"href":"https:\/\/www.paparazzinews.com.br\/index.php?rest_route=%2Fwp%2Fv2%2Ftags&post=4849"}],"curies":[{"name":"wp","href":"https:\/\/api.w.org\/{rel}","templated":true}]}}