{"id":4846,"date":"2023-08-15T14:29:39","date_gmt":"2023-08-15T17:29:39","guid":{"rendered":"https:\/\/www.paparazzinews.com.br\/?p=4846"},"modified":"2023-08-15T14:29:39","modified_gmt":"2023-08-15T17:29:39","slug":"educacao-de-castilho-anuncia-palestra-com-especialista-em-ensino-publico-e-fundeb","status":"publish","type":"post","link":"https:\/\/www.paparazzinews.com.br\/?p=4846","title":{"rendered":"Educa\u00e7\u00e3o de Castilho anuncia palestra com especialista em Ensino P\u00fablico e Fundeb"},"content":{"rendered":"\n<p>A secret\u00e1ria municipal de Educa\u00e7\u00e3o, Cultura e Desporto de Castilho, Silv\u00e2nia Cintra, confirmou para a manh\u00e3 do pr\u00f3ximo dia 17 de agosto a realiza\u00e7\u00e3o de mais um importante treinamento para professores e gestores da rede municipal de ensino.<\/p>\n\n\n\n<p>A partir das 08h30, o Anfiteatro do CIEC recepcionar\u00e1 o soci\u00f3logo Cesar Callegari para falar sobre o tema \u201cO FUNDEB e o financiamento da Educa\u00e7\u00e3o no estado de S\u00e3o Paulo e seus Munic\u00edpios\u201d.  Este \u00e9 o segundo especialista no Fundo de Manuten\u00e7\u00e3o e Desenvolvimento da Educa\u00e7\u00e3o B\u00e1sica e de Valoriza\u00e7\u00e3o dos Profissionais da Educa\u00e7\u00e3o (Fundeb), que a Secretaria de Ensino traz a Castilho em menos de seis meses. Em 30 de mar\u00e7o, Selma Carneiro palestrou sobre \u201cO Conselho do Fundeb: Atribui\u00e7\u00f5es e Desafio para o Controle Social\u201d.<\/p>\n\n\n\n<p>\u201cA presen\u00e7a de nossos educadores \u00e9 fundamental, pois Cesar Callegari \u00e9 uma refer\u00eancia nacional sobre este e muitos outros assuntos relacionados ao ensino p\u00fablico do pa\u00eds, tendo, inclusive atuado junto ao MEC na elabora\u00e7\u00e3o de importantes propostas que impulsionaram a Educa\u00e7\u00e3o em todo o Brasil\u201d, explica Silv\u00e2nia.<\/p>\n\n\n\n<p><strong>CURR\u00cdCULO <\/strong>\u2013 De fato, o curr\u00edculo do soci\u00f3logo \u00e9 impressionante. Al\u00e9m da sociologia, atua como consultor educacional. \u00c9 presidente do Instituto Brasileiro de Sociologia Aplicada. Membro do Conselho Nacional de Educa\u00e7\u00e3o (CNE) por 12 anos, presidiu a Comiss\u00e3o de Elabora\u00e7\u00e3o da Base Nacional Comum Curricular (BNCC). <\/p>\n\n\n\n<p>Foi Secret\u00e1rio de Educa\u00e7\u00e3o B\u00e1sica do MEC e Secret\u00e1rio de Educa\u00e7\u00e3o do Munic\u00edpio de S\u00e3o Paulo; Diretor da Faculdade SESI\u2013SP de Educa\u00e7\u00e3o, Secret\u00e1rio Executivo do Minist\u00e9rio da Ci\u00eancia e Tecnologia e Secret\u00e1rio Estadual Adjunto da Cultura de S\u00e3o Paulo, entre outros cargos ocupados. \u00c9 autor de v\u00e1rios livros e trabalhos publicados sobre educa\u00e7\u00e3o p\u00fablica. Como Deputado Estadual em S\u00e3o Paulo, teve seus dois mandatos dedicados \u00e0 Cultura, Ci\u00eancia e Tecnologia.<\/p>\n\n\n\n<p><em><strong>Participe da comunidade do Canal Roni Paparazzi no Whatsapp e receba as principais not\u00edcias do dia direto no seu celular<\/strong>.\u00a0<a rel=\"noreferrer noopener\" href=\"https:\/\/chat.whatsapp.com\/GsG1XKo0jPOEfjzudWQcml\" target=\"_blank\">\u00a0Clique aqui e se inscreva.<\/a><\/em><\/p>\n\n\n\n<p><a href=\"https:\/\/www.paparazzinews.com.br\/wp-admin\/post.php?post=4841&amp;action=edit\"><\/a><\/p>\n\n\n\n<p><a href=\"https:\/\/www.paparazzinews.com.br\/wp-admin\/post.php?post=4844&amp;action=edit\"><\/a><\/p>\n","protected":false},"excerpt":{"rendered":"<p>A secret\u00e1ria municipal de Educa\u00e7\u00e3o, Cultura e Desporto de Castilho, Silv\u00e2nia Cintra, confirmou para a manh\u00e3 do pr\u00f3ximo dia 17 de agosto a realiza\u00e7\u00e3o de mais um importante treinamento para professores e gestores da rede municipal de ensino. A partir das 08h30, o Anfiteatro do CIEC recepcionar\u00e1 o soci\u00f3logo Cesar Callegari para falar sobre o &hellip;<\/p>\n","protected":false},"author":1,"featured_media":4847,"comment_status":"open","ping_status":"open","sticky":false,"template":"","format":"standard","meta":{"_jetpack_memberships_contains_paid_content":false,"footnotes":"","jetpack_publicize_message":"","jetpack_publicize_feature_enabled":true,"jetpack_social_post_already_shared":false,"jetpack_social_options":{"image_generator_settings":{"template":"highway","default_image_id":0,"enabled":false},"version":2}},"categories":[6],"tags":[],"class_list":["post-4846","post","type-post","status-publish","format-standard","has-post-thumbnail","hentry","category-entretenimento"],"jetpack_publicize_connections":[],"jetpack_featured_media_url":"https:\/\/i0.wp.com\/www.paparazzinews.com.br\/wp-content\/uploads\/2023\/08\/cesarcallegari-cred-marcosoliveira-agenciasenado.jpg?fit=600%2C400&ssl=1","views":"3482","jetpack_likes_enabled":true,"jetpack_sharing_enabled":true,"_links":{"self":[{"href":"https:\/\/www.paparazzinews.com.br\/index.php?rest_route=\/wp\/v2\/posts\/4846","targetHints":{"allow":["GET"]}}],"collection":[{"href":"https:\/\/www.paparazzinews.com.br\/index.php?rest_route=\/wp\/v2\/posts"}],"about":[{"href":"https:\/\/www.paparazzinews.com.br\/index.php?rest_route=\/wp\/v2\/types\/post"}],"author":[{"embeddable":true,"href":"https:\/\/www.paparazzinews.com.br\/index.php?rest_route=\/wp\/v2\/users\/1"}],"replies":[{"embeddable":true,"href":"https:\/\/www.paparazzinews.com.br\/index.php?rest_route=%2Fwp%2Fv2%2Fcomments&post=4846"}],"version-history":[{"count":1,"href":"https:\/\/www.paparazzinews.com.br\/index.php?rest_route=\/wp\/v2\/posts\/4846\/revisions"}],"predecessor-version":[{"id":4848,"href":"https:\/\/www.paparazzinews.com.br\/index.php?rest_route=\/wp\/v2\/posts\/4846\/revisions\/4848"}],"wp:featuredmedia":[{"embeddable":true,"href":"https:\/\/www.paparazzinews.com.br\/index.php?rest_route=\/wp\/v2\/media\/4847"}],"wp:attachment":[{"href":"https:\/\/www.paparazzinews.com.br\/index.php?rest_route=%2Fwp%2Fv2%2Fmedia&parent=4846"}],"wp:term":[{"taxonomy":"category","embeddable":true,"href":"https:\/\/www.paparazzinews.com.br\/index.php?rest_route=%2Fwp%2Fv2%2Fcategories&post=4846"},{"taxonomy":"post_tag","embeddable":true,"href":"https:\/\/www.paparazzinews.com.br\/index.php?rest_route=%2Fwp%2Fv2%2Ftags&post=4846"}],"curies":[{"name":"wp","href":"https:\/\/api.w.org\/{rel}","templated":true}]}}