{"id":4841,"date":"2023-08-15T14:17:04","date_gmt":"2023-08-15T17:17:04","guid":{"rendered":"https:\/\/www.paparazzinews.com.br\/?p=4841"},"modified":"2023-08-15T14:17:05","modified_gmt":"2023-08-15T17:17:05","slug":"blogueira-de-73-anos-e-condenada-e-nao-pode-usar-internet","status":"publish","type":"post","link":"https:\/\/www.paparazzinews.com.br\/?p=4841","title":{"rendered":"Blogueira de 73 anos \u00e9 condenada e n\u00e3o pode usar internet"},"content":{"rendered":"\n<p>A influencer, presa em julho, \u00e9 acusada da pr\u00e1tica dos crimes de cal\u00fania, difama\u00e7\u00e3o e inj\u00faria. Ela teria utilizado seu canal no YouTube para acusar a ju\u00edza da 1\u00aa vara C\u00edvel de Macei\u00f3\/AL de liga\u00e7\u00e3o com fraudes envolvendo uma empresa de minera\u00e7\u00e3o e para proferir outras ofensas contra a honra da magistrada.<\/p>\n\n\n\n<p>Na decis\u00e3o, Zanin acolheu o parecer PGR, segundo o qual o decreto de pris\u00e3o preventiva n\u00e3o indicou concretamente que as medidas cautelares diversas da pris\u00e3o seriam insuficientes para a manuten\u00e7\u00e3o da ordem p\u00fablica.&nbsp;<\/p>\n\n\n\n<p>Conforme o parecer, a restri\u00e7\u00e3o ao direito de acesso \u00e0 internet \u00e9 medida adequada \u00e0s circunst\u00e2ncias concretas do caso, impedindo que a acusada cometa novos crimes. O parecer aponta tamb\u00e9m que a blogueira \u00e9 idosa, 73 anos, e o crime foi praticado sem viol\u00eancia ou grave amea\u00e7a.<\/p>\n\n\n\n<p>O ministro destacou, ainda, que o ju\u00edzo de origem, caso julgue necess\u00e1rio, pode fixar outras medidas cautelares previstas no art. 319 do CPP.<\/p>\n\n\n\n<p>Processo: HC 231.212<br>Confira a decis\u00e3o.&nbsp;<\/p>\n\n\n\n<p>Informa\u00e7\u00f5es: STF e Migalhas<\/p>\n\n\n\n<p><em><strong>Participe da comunidade do Canal Roni Paparazzi no Whatsapp e receba as principais not\u00edcias do dia direto no seu celular<\/strong>.\u00a0<a rel=\"noreferrer noopener\" href=\"https:\/\/chat.whatsapp.com\/GsG1XKo0jPOEfjzudWQcml\" target=\"_blank\">\u00a0Clique aqui e se inscreva.<\/a><\/em><\/p>\n","protected":false},"excerpt":{"rendered":"<p>A influencer, presa em julho, \u00e9 acusada da pr\u00e1tica dos crimes de cal\u00fania, difama\u00e7\u00e3o e inj\u00faria. Ela teria utilizado seu canal no YouTube para acusar a ju\u00edza da 1\u00aa vara C\u00edvel de Macei\u00f3\/AL de liga\u00e7\u00e3o com fraudes envolvendo uma empresa de minera\u00e7\u00e3o e para proferir outras ofensas contra a honra da magistrada. Na decis\u00e3o, Zanin &hellip;<\/p>\n","protected":false},"author":1,"featured_media":4842,"comment_status":"open","ping_status":"open","sticky":false,"template":"","format":"standard","meta":{"_jetpack_memberships_contains_paid_content":false,"footnotes":"","jetpack_publicize_message":"","jetpack_publicize_feature_enabled":true,"jetpack_social_post_already_shared":false,"jetpack_social_options":{"image_generator_settings":{"template":"highway","default_image_id":0,"enabled":false},"version":2}},"categories":[3],"tags":[],"class_list":["post-4841","post","type-post","status-publish","format-standard","has-post-thumbnail","hentry","category-policial"],"jetpack_publicize_connections":[],"jetpack_featured_media_url":"https:\/\/i0.wp.com\/www.paparazzinews.com.br\/wp-content\/uploads\/2023\/08\/https__img.migalhas.com_.br__SL__gf_base__SL__empresas__SL__MIGA__SL__imagens__SL__2023__SL__08__SL__15__SL__27bf3ae0-9278-40cf-b044-3bd1522fd170.jpg._PROC_CP65.jpg?fit=880%2C489&ssl=1","views":"2469","jetpack_likes_enabled":true,"jetpack_sharing_enabled":true,"_links":{"self":[{"href":"https:\/\/www.paparazzinews.com.br\/index.php?rest_route=\/wp\/v2\/posts\/4841","targetHints":{"allow":["GET"]}}],"collection":[{"href":"https:\/\/www.paparazzinews.com.br\/index.php?rest_route=\/wp\/v2\/posts"}],"about":[{"href":"https:\/\/www.paparazzinews.com.br\/index.php?rest_route=\/wp\/v2\/types\/post"}],"author":[{"embeddable":true,"href":"https:\/\/www.paparazzinews.com.br\/index.php?rest_route=\/wp\/v2\/users\/1"}],"replies":[{"embeddable":true,"href":"https:\/\/www.paparazzinews.com.br\/index.php?rest_route=%2Fwp%2Fv2%2Fcomments&post=4841"}],"version-history":[{"count":1,"href":"https:\/\/www.paparazzinews.com.br\/index.php?rest_route=\/wp\/v2\/posts\/4841\/revisions"}],"predecessor-version":[{"id":4843,"href":"https:\/\/www.paparazzinews.com.br\/index.php?rest_route=\/wp\/v2\/posts\/4841\/revisions\/4843"}],"wp:featuredmedia":[{"embeddable":true,"href":"https:\/\/www.paparazzinews.com.br\/index.php?rest_route=\/wp\/v2\/media\/4842"}],"wp:attachment":[{"href":"https:\/\/www.paparazzinews.com.br\/index.php?rest_route=%2Fwp%2Fv2%2Fmedia&parent=4841"}],"wp:term":[{"taxonomy":"category","embeddable":true,"href":"https:\/\/www.paparazzinews.com.br\/index.php?rest_route=%2Fwp%2Fv2%2Fcategories&post=4841"},{"taxonomy":"post_tag","embeddable":true,"href":"https:\/\/www.paparazzinews.com.br\/index.php?rest_route=%2Fwp%2Fv2%2Ftags&post=4841"}],"curies":[{"name":"wp","href":"https:\/\/api.w.org\/{rel}","templated":true}]}}