{"id":4809,"date":"2023-08-10T00:00:00","date_gmt":"2023-08-10T03:00:00","guid":{"rendered":"https:\/\/www.paparazzinews.com.br\/?p=4809"},"modified":"2023-08-08T09:41:04","modified_gmt":"2023-08-08T12:41:04","slug":"cronica-raizes-na-velha-senhora-1953-2023","status":"publish","type":"post","link":"https:\/\/www.paparazzinews.com.br\/?p=4809","title":{"rendered":"CR\u00d4NICA                                                           Ra\u00edzes na \u201cVelha Senhora\u201d (1953-2023)"},"content":{"rendered":"\n<p>Por <em>Disnei Ferreira Rodrigues *<\/em><\/p>\n\n\n\n<p>Vamos ao puro saudosismo em homenagem aos 70 anos de Castilho comemorado neste 10 de agosto de 2023.<\/p>\n\n\n\n<p>Junho de 1940. Chegamos! \u00c9 o que relata a \u201carque\u00f3loga\u201d familiar &#8211;&nbsp; sempre precisa nestas hist\u00f3rias &#8211; tia paterna Deraldina Rodrigues Neves, 86 anos de idade, dos quais 83 nestas plagas, desde os remotos tempos da Vila Cau\u00ea, quando aqui estabelecemos resid\u00eancia, advindos pela antiga estrada de ferro Noroeste do Brasil.<\/p>\n\n\n\n<p>S\u00f3 um aparte, merecido, a ela. Como ama esta cidade! Um arquivo vivo! Adora relembrar hist\u00f3rias do munic\u00edpio e exercer sua cidadania. Faz quest\u00e3o de votar, mais ardorosamente quando das elei\u00e7\u00f5es municipais. Veste-se com pompa pra exercer seu direito, embora j\u00e1 desobrigada. O voto, como sabido, \u00e9 facultativo aos maiores de 70 anos. &nbsp;<\/p>\n\n\n\n<p>A \u201carque\u00f3loga\u201d j\u00e1 me detalhou quando ouviu, no long\u00ednquo 30 de dezembro de 1953, o an\u00fancio no antigo alto falante na Pra\u00e7a da Matriz a alvissareira not\u00edcia da san\u00e7\u00e3o da Lei Estadual n\u00ba 2.456 emancipando Castilho, tornando-o, derradeiramente, um munic\u00edpio independente da Comarca de Andradina.<\/p>\n\n\n\n<p>Foi imensa festa para os orgulhosos desbravadores, ela contou. Roj\u00f5es pipocaram! A pra\u00e7a estava lotada, em polvorosa. Foram anos de luta, caminh\u00f5es em estrada de terra, poeira ou lama\u00e7al, em dire\u00e7\u00e3o \u00e0 C\u00e2mara Municipal de Andradina para manifestar desejo pela emancipa\u00e7\u00e3o.<\/p>\n\n\n\n<p>Meu av\u00f4 chegou a arrancar meu pai ainda pr\u00e9-adolescente da ca\u00e7amba de um caminh\u00e3o que iria a Andradina para o levante castilhense. Era muito pequeno na vis\u00e3o dele \u2013 meu av\u00f4 \u2013 para que seu rebento fosse participar da vida pol\u00edtica do ent\u00e3o distrito. &nbsp;<\/p>\n\n\n\n<p>Dias destes, meu pai recordou do plebiscito posto aos primeiros cidad\u00e3os em 1953, anterior \u00e0 norma paulista, que definiria nosso destino como munic\u00edpio. Resultado acachapante: 220 votos pelo \u201csim\u201d, contra 2 \u201cn\u00e3o\u201d. Todo mundo da ent\u00e3o aldeia queria saber quem eram os dois moradores que votaram contra a almejada cis\u00e3o administrativa e territorial.<\/p>\n\n\n\n<p>Os av\u00f3s paternos foram os primeiros. Desembarcaram na esta\u00e7\u00e3o \u201cAlfredo de Castilho\u201d naquele outono\/inverno (e l\u00e1 temos frio nesta t\u00f3rrida regi\u00e3o?) de 1940 para fincarem ra\u00edzes eternas no lugar que afirmamos sempre: \u201cEstamos no melhor planeta do Universo, no melhor pa\u00eds deste planeta, no melhor Estado deste pa\u00eds, e na melhor cidade deste Estado.\u201d<\/p>\n\n\n\n<p>Como \u00e9 bom ter ra\u00edzes, e a ver placa na Marechal Rondon informando a dist\u00e2ncia para chegar a Castilho. A come\u00e7ar pela sa\u00edda de Ara\u00e7atuba, l\u00e1 est\u00e1: Castilho 119 km. Opa! Estamos chegando em casa! Castilho \u00e0 vista, gra\u00e7as a Deus!<\/p>\n\n\n\n<p>H\u00e1 mais de duas d\u00e9cadas ressaltei a uma pessoa: Sou bairrista! Ela me questionou: o que \u00e9 bairrismo? \u00c9 o apego sentimental ao seu lugar, \u00e0 sua terra, \u00e0 sua cidade. Errado? Cada um pensa com o seu DNA.<\/p>\n\n\n\n<p>Ao t\u00edtulo desta cr\u00f4nica, o devido cr\u00e9dito: dos impec\u00e1veis textos \u201cCartas \u00e0 Velha Senhora\u201d, do saudoso professor de Direito Penal Jorge Napole\u00e3o Xavier, uma mente privilegiada, culto, carism\u00e1tico e simpl\u00f3rio que escrevia semanalmente no jornal \u201cFolha da Regi\u00e3o\u201d em Ara\u00e7atuba \u2013 onde trabalhei por anos &#8211; quando ele sempre escrevia todo 2 de dezembro sobre o passado (pessoas e lugares) de sua amada cidade no anivers\u00e1rio dela.<\/p>\n\n\n\n<p>O encontrava no espa\u00e7o do caf\u00e9 do jornal e ele sempre perguntava: \u201cComo vai, Castilho?\u201d. Meu torr\u00e3o natal havia se transformado no meu nome.<\/p>\n\n\n\n<p>Vila Cau\u00ea foi uma denomina\u00e7\u00e3o, segundo informa\u00e7\u00f5es, at\u00e9 1944, quando o ent\u00e3o distrito de Andradina, ganhou a denomina\u00e7\u00e3o \u201cAlfredo de Castilho\u201d, em homenagem ao antigo engenheiro-chefe da constru\u00e7\u00e3o da estrada de ferro.<\/p>\n\n\n\n<p>Quer saber o porqu\u00ea nosso munic\u00edpio foi denominado Castilho? No site oficial (<em>castilho.sp.gov.br<\/em>) consta a hist\u00f3ria, que obtive de uma carta publicada por um historiador de Bauru-SP na Folha da Regi\u00e3o. Meu dever, como nato, para a mem\u00f3ria local, para todo o sempre, torn\u00e1-la p\u00fablica.<\/p>\n\n\n\n<p>E ainda nos idos de 1945-1947 tamb\u00e9m chegaram aqui meus av\u00f3s e tios-av\u00f3s maternos para contribu\u00edrem com a povoa\u00e7\u00e3o desta urbe. &nbsp;&nbsp;<\/p>\n\n\n\n<p>Sempre disse aos meus: ainda bem que eles (av\u00f3s) escolheram esta terra para viver eternamente. Digo por a\u00ed: \u201cCastilho n\u00e3o \u00e9 somente minha cidade natal, mas sim meu pa\u00eds\u201d. Sim, a p\u00e1tria \u00e9 o t\u00famulo dos antepassados.<\/p>\n\n\n\n<p>Das ch\u00e1caras deles nos cantos do bairro Laranjeiras para a antiga rua Ov\u00eddio Miranda (hoje Nagib Muhana Zhar), ainda sem pavimento, onde por centenas de dias jogamos futebol com os amigos da inf\u00e2ncia. N\u00e3o vou citar nomes para n\u00e3o ser injusto com nenhum deles por eventual esquecimento.<\/p>\n\n\n\n<p>Enfim, cada qual com seus sentimentos de bairrismo, sejam eles por quaisquer motivos. Os meus, incont\u00e1veis.<\/p>\n\n\n\n<p>Nestes 70 anos de emancipa\u00e7\u00e3o, rendamos todas as homenagens aos pioneiros (<em>in memoriam<\/em>) que enfrentaram as agruras daqueles tempos com destemor e \u00e0queles que nasceram ou n\u00e3o aqui, ficaram ou foram, mas se orgulham e defendem seu nome.<\/p>\n\n\n\n<p>As cidades s\u00e3o feitas, constru\u00eddas em cada tijolo, pelas pessoas que nelas vivem ou viveram.<\/p>\n\n\n\n<p>Sem pieguice, mas orgulho da minha c\u00e9dula de identidade: \u201cNaturalidade: Castilho-SP\u201d.<\/p>\n\n\n\n<p>A nossa cidade \u00e9 sempre a melhor cidade!<\/p>\n\n\n\n<p><strong><em>Post scriptum: Os 70 anos s\u00e3o de emancipa\u00e7\u00e3o, mas h\u00e1 not\u00edcias que os prim\u00f3rdios de Castilho, as primeiras casas, remontam a 1934. Tamb\u00e9m uma homenagem especial \u00e0 Escola Estadual Armel Miranda, primeira escola de Castilho e ber\u00e7o estudantil da grande maioria familiar.<\/em><\/strong><\/p>\n\n\n\n<p><em>*Advogado, jornalista, professor habilitado de L\u00edngua Portuguesa, Sociologia e Filosofia.<\/em><\/p>\n\n\n\n<p><em><strong>Participe da comunidade do Canal Roni Paparazzi no Whatsapp e receba as principais not\u00edcias do dia direto no seu celular<\/strong>.\u00a0<a rel=\"noreferrer noopener\" href=\"https:\/\/chat.whatsapp.com\/GsG1XKo0jPOEfjzudWQcml\" target=\"_blank\">\u00a0Clique aqui e se inscreva.<\/a><\/em><\/p>\n\n\n\n<figure class=\"wp-block-image size-large\"><img data-recalc-dims=\"1\" loading=\"lazy\" decoding=\"async\" width=\"708\" height=\"319\" src=\"https:\/\/i0.wp.com\/www.paparazzinews.com.br\/wp-content\/uploads\/2023\/08\/a86718e1-39e1-40d4-9f7c-269d0c962c8b.jpg?resize=708%2C319&#038;ssl=1\" alt=\"\" class=\"wp-image-4812\"\/><figcaption class=\"wp-element-caption\">Rua Os\u00f3rio Junqueira , em frente \u00e0 Pra\u00e7a da Matriz. Foto Reprodu\u00e7\u00e3o anos 40\/50.<\/figcaption><\/figure>\n\n\n\n<figure class=\"wp-block-gallery has-nested-images columns-default is-cropped wp-block-gallery-1 is-layout-flex wp-block-gallery-is-layout-flex\">\n<figure class=\"wp-block-image size-large\"><img data-recalc-dims=\"1\" loading=\"lazy\" decoding=\"async\" width=\"708\" height=\"319\" data-id=\"4811\" src=\"https:\/\/i0.wp.com\/www.paparazzinews.com.br\/wp-content\/uploads\/2023\/08\/e658f62e-04a5-4678-88c2-574a1d0f415a.jpg?resize=708%2C319&#038;ssl=1\" alt=\"\" class=\"wp-image-4811\"\/><figcaption class=\"wp-element-caption\">Rua Os\u00f3rio Junqueira, em foto registrada da frente do atual  supermercado Rede Pas. Foto Reprodu\u00e7\u00e3o anos 40\/50. <\/figcaption><\/figure>\n<\/figure>\n","protected":false},"excerpt":{"rendered":"<p>Por Disnei Ferreira Rodrigues * Vamos ao puro saudosismo em homenagem aos 70 anos de Castilho comemorado neste 10 de agosto de 2023. Junho de 1940. Chegamos! \u00c9 o que relata a \u201carque\u00f3loga\u201d familiar &#8211;&nbsp; sempre precisa nestas hist\u00f3rias &#8211; tia paterna Deraldina Rodrigues Neves, 86 anos de idade, dos quais 83 nestas plagas, desde &hellip;<\/p>\n","protected":false},"author":1,"featured_media":4810,"comment_status":"open","ping_status":"open","sticky":false,"template":"","format":"standard","meta":{"_jetpack_memberships_contains_paid_content":false,"footnotes":"","jetpack_publicize_message":"","jetpack_publicize_feature_enabled":true,"jetpack_social_post_already_shared":false,"jetpack_social_options":{"image_generator_settings":{"template":"highway","default_image_id":0,"enabled":false},"version":2}},"categories":[6],"tags":[],"class_list":["post-4809","post","type-post","status-publish","format-standard","has-post-thumbnail","hentry","category-entretenimento"],"jetpack_publicize_connections":[],"jetpack_featured_media_url":"https:\/\/i0.wp.com\/www.paparazzinews.com.br\/wp-content\/uploads\/2023\/08\/c889f5bb-ae0c-491a-b9f6-06df4e3e220c-e1691497966803.jpg?fit=1000%2C450&ssl=1","views":"3166","jetpack_likes_enabled":true,"jetpack_sharing_enabled":true,"_links":{"self":[{"href":"https:\/\/www.paparazzinews.com.br\/index.php?rest_route=\/wp\/v2\/posts\/4809","targetHints":{"allow":["GET"]}}],"collection":[{"href":"https:\/\/www.paparazzinews.com.br\/index.php?rest_route=\/wp\/v2\/posts"}],"about":[{"href":"https:\/\/www.paparazzinews.com.br\/index.php?rest_route=\/wp\/v2\/types\/post"}],"author":[{"embeddable":true,"href":"https:\/\/www.paparazzinews.com.br\/index.php?rest_route=\/wp\/v2\/users\/1"}],"replies":[{"embeddable":true,"href":"https:\/\/www.paparazzinews.com.br\/index.php?rest_route=%2Fwp%2Fv2%2Fcomments&post=4809"}],"version-history":[{"count":1,"href":"https:\/\/www.paparazzinews.com.br\/index.php?rest_route=\/wp\/v2\/posts\/4809\/revisions"}],"predecessor-version":[{"id":4813,"href":"https:\/\/www.paparazzinews.com.br\/index.php?rest_route=\/wp\/v2\/posts\/4809\/revisions\/4813"}],"wp:featuredmedia":[{"embeddable":true,"href":"https:\/\/www.paparazzinews.com.br\/index.php?rest_route=\/wp\/v2\/media\/4810"}],"wp:attachment":[{"href":"https:\/\/www.paparazzinews.com.br\/index.php?rest_route=%2Fwp%2Fv2%2Fmedia&parent=4809"}],"wp:term":[{"taxonomy":"category","embeddable":true,"href":"https:\/\/www.paparazzinews.com.br\/index.php?rest_route=%2Fwp%2Fv2%2Fcategories&post=4809"},{"taxonomy":"post_tag","embeddable":true,"href":"https:\/\/www.paparazzinews.com.br\/index.php?rest_route=%2Fwp%2Fv2%2Ftags&post=4809"}],"curies":[{"name":"wp","href":"https:\/\/api.w.org\/{rel}","templated":true}]}}