{"id":4802,"date":"2023-08-07T17:04:16","date_gmt":"2023-08-07T20:04:16","guid":{"rendered":"https:\/\/www.paparazzinews.com.br\/?p=4802"},"modified":"2023-08-08T09:16:43","modified_gmt":"2023-08-08T12:16:43","slug":"usina-viralcool-vai-expor-seu-trabalho-na-festa-do-pescador-de-castilho-e-distribuira-garapa","status":"publish","type":"post","link":"https:\/\/www.paparazzinews.com.br\/?p=4802","title":{"rendered":"Usina Viralcool vai expor seu trabalho na Festa do Pescador de Castilho e distribuir\u00e1 garapa"},"content":{"rendered":"\n<p>Pela segunda vez consecutiva o Grupo Viralcool unidade de Castilho (SP), est\u00e1 preparando seu estande tem\u00e1tico para se apresentar nesta ter\u00e7a-feira 8 at\u00e9 12 de agosto na 27\u00ba Festa do Pe\u00e3o e do Pescador que acontece no Recinto de Festas Ad\u00e3o Severino Batista.<\/p>\n\n\n\n<p>Nela o projeto vai reunir todos os elementos que incorporam a unidade em seu processo de opera\u00e7\u00e3o e uma maquete industrial. Na tenda a Viralcool instalou expositores com os produtos fabricados pela empresa, como milho, soja, etanol, a\u00e7\u00facar, al\u00e9m de manter especialistas da \u00e1rea agr\u00edcola explanando sobre o processo que envolve a \u00e1rea.<\/p>\n\n\n\n<p>Outro ponto bastante destacado \u00e9 a voltada para Brigada de Inc\u00eandio da unidade, onde deve expor os equipamento usados no combate as chamas.<\/p>\n\n\n\n<p><em><strong>Participe da comunidade do Canal Roni Paparazzi no Whatsapp e receba as principais not\u00edcias do dia direto no seu celular<\/strong>.&nbsp;<a rel=\"noreferrer noopener\" href=\"https:\/\/chat.whatsapp.com\/GsG1XKo0jPOEfjzudWQcml\" target=\"_blank\">&nbsp;Clique aqui e se inscreva.<\/a><\/em><\/p>\n\n\n\n<p><a href=\"https:\/\/www.paparazzinews.com.br\/wp-admin\/post.php?post=4799&amp;action=edit\"><\/a><\/p>\n","protected":false},"excerpt":{"rendered":"<p>Pela segunda vez consecutiva o Grupo Viralcool unidade de Castilho (SP), est\u00e1 preparando seu estande tem\u00e1tico para se apresentar nesta ter\u00e7a-feira 8 at\u00e9 12 de agosto na 27\u00ba Festa do Pe\u00e3o e do Pescador que acontece no Recinto de Festas Ad\u00e3o Severino Batista. Nela o projeto vai reunir todos os elementos que incorporam a unidade &hellip;<\/p>\n","protected":false},"author":1,"featured_media":4803,"comment_status":"open","ping_status":"open","sticky":false,"template":"","format":"standard","meta":{"_jetpack_memberships_contains_paid_content":false,"footnotes":"","jetpack_publicize_message":"","jetpack_publicize_feature_enabled":true,"jetpack_social_post_already_shared":false,"jetpack_social_options":{"image_generator_settings":{"template":"highway","default_image_id":0,"enabled":false},"version":2}},"categories":[6],"tags":[],"class_list":["post-4802","post","type-post","status-publish","format-standard","has-post-thumbnail","hentry","category-entretenimento"],"jetpack_publicize_connections":[],"jetpack_featured_media_url":"https:\/\/i0.wp.com\/www.paparazzinews.com.br\/wp-content\/uploads\/2023\/08\/2e7e25b2-2689-483b-80a0-89cafb05abc9-e1691438512236.jpg?fit=1000%2C474&ssl=1","views":"3712","jetpack_likes_enabled":true,"jetpack_sharing_enabled":true,"_links":{"self":[{"href":"https:\/\/www.paparazzinews.com.br\/index.php?rest_route=\/wp\/v2\/posts\/4802","targetHints":{"allow":["GET"]}}],"collection":[{"href":"https:\/\/www.paparazzinews.com.br\/index.php?rest_route=\/wp\/v2\/posts"}],"about":[{"href":"https:\/\/www.paparazzinews.com.br\/index.php?rest_route=\/wp\/v2\/types\/post"}],"author":[{"embeddable":true,"href":"https:\/\/www.paparazzinews.com.br\/index.php?rest_route=\/wp\/v2\/users\/1"}],"replies":[{"embeddable":true,"href":"https:\/\/www.paparazzinews.com.br\/index.php?rest_route=%2Fwp%2Fv2%2Fcomments&post=4802"}],"version-history":[{"count":2,"href":"https:\/\/www.paparazzinews.com.br\/index.php?rest_route=\/wp\/v2\/posts\/4802\/revisions"}],"predecessor-version":[{"id":4806,"href":"https:\/\/www.paparazzinews.com.br\/index.php?rest_route=\/wp\/v2\/posts\/4802\/revisions\/4806"}],"wp:featuredmedia":[{"embeddable":true,"href":"https:\/\/www.paparazzinews.com.br\/index.php?rest_route=\/wp\/v2\/media\/4803"}],"wp:attachment":[{"href":"https:\/\/www.paparazzinews.com.br\/index.php?rest_route=%2Fwp%2Fv2%2Fmedia&parent=4802"}],"wp:term":[{"taxonomy":"category","embeddable":true,"href":"https:\/\/www.paparazzinews.com.br\/index.php?rest_route=%2Fwp%2Fv2%2Fcategories&post=4802"},{"taxonomy":"post_tag","embeddable":true,"href":"https:\/\/www.paparazzinews.com.br\/index.php?rest_route=%2Fwp%2Fv2%2Ftags&post=4802"}],"curies":[{"name":"wp","href":"https:\/\/api.w.org\/{rel}","templated":true}]}}