{"id":474,"date":"2022-08-18T17:56:31","date_gmt":"2022-08-18T20:56:31","guid":{"rendered":"https:\/\/www.paparazzinews.com.br\/?p=474"},"modified":"2022-08-18T17:56:32","modified_gmt":"2022-08-18T20:56:32","slug":"parlamento-regional-de-aracatuba-discute-regimento-na-primeira-reuniao","status":"publish","type":"post","link":"https:\/\/www.paparazzinews.com.br\/?p=474","title":{"rendered":"Parlamento Regional de Ara\u00e7atuba discute regimento na primeira reuni\u00e3o"},"content":{"rendered":"\n<p>O Parlamento Regional de Ara\u00e7atuba, formado por 20 munic\u00edpios do novo Aglomerado Urbano, realizou a primeira reuni\u00e3o oficial ap\u00f3s a posse de sua diretoria. Na pauta, discuss\u00e3o e vota\u00e7\u00e3o do regimento interno. O encontro aconteceu na C\u00e2mara Municipal de Brejo Alegre (a 42,5 km de Ara\u00e7atuba), na manh\u00e3 desta sexta-feira (12\/08\/2022), com a presen\u00e7a de oito vereadores.<\/p>\n\n\n\n<p>A sess\u00e3o foi comandada pela mesa diretora, formada pelo presidente do Parlamento, Alceu Batista de Almeida J\u00fanior, o Dr. Alceu (Ara\u00e7atuba); o vice-presidente Andr\u00e9 Luiz Marques da Silva, o Du (Brejo Alegre); e o secret\u00e1rio-geral C\u00e9sar Pantarotto J\u00fanior, o Cesinha (Birigui).<\/p>\n\n\n\n<p>Tamb\u00e9m compareceram o segundo-vice-presidente Ant\u00f4nio Jos\u00e9 de Oliveira J\u00fanior, o Tonh\u00e3o da Editora (Buritama); o quarto-vice-presidente Ronaldo Maest\u00e1 (Coroados); o primeiro-secret\u00e1rio M\u00e1rcio Batista de Carvalho, o Zinho, (Turi\u00faba); al\u00e9m dos vereadores Benedito Daf\u00e9 Gon\u00e7alves Filho, o Daf\u00e9 (Birigui) e Jo\u00e3o Luiz Perez J\u00fanior (Buritama). As assessoras Viviane Franzoe e Susana Catarino auxiliaram como secret\u00e1rias.<\/p>\n\n\n\n<p>Durante quase tr\u00eas horas, os oito vereadores debateram cada artigo das regras do regimento que vai reger os trabalhos, mas n\u00e3o conseguiram concluir. Uma nova reuni\u00e3o ser\u00e1 marcada em breve para dar prosseguimento \u00e0 discuss\u00e3o.<\/p>\n\n\n\n<p>Ap\u00f3s a conclus\u00e3o dessa parte burocr\u00e1tica, o Parlamento Regional escolher\u00e1 integrantes de comiss\u00f5es, como sa\u00fade, meio ambiente, seguran\u00e7a, entre outros. O objetivo \u00e9 que o grupo possa, o mais breve poss\u00edvel, debater projetos e a\u00e7\u00f5es que possam beneficiar toda a regi\u00e3o e aumentar sua representatividade junto ao governo do Estado.<\/p>\n\n\n\n<p>POUCA ADES\u00c3O<br>Dr. Alceu afirmou que gostou muito da reuni\u00e3o, porque a equipe teve a oportunidade de se conhecer melhor. Mas lamentou a falta da participa\u00e7\u00e3o de representantes de outras C\u00e2maras. &#8220;O pessoal ainda n\u00e3o est\u00e1 aderindo; s\u00e3o poucos os interessados. Acredito que a maioria dos vereadores n\u00e3o vislumbrou a import\u00e2ncia do Parlamento para suas cidades&#8221;, avaliou.<\/p>\n\n\n\n<p>A diretoria do Parlamento Regional de Ara\u00e7atuba tomou posse no \u00faltimo dia 12 de julho, para um mandato de dois anos. \u00c9 formado por vereadores de Ara\u00e7atuba, Bento de Abreu, Bilac, Birigui, Bra\u00fana, Brejo Alegre, Buritama, Clementina, Coroados, Gabriel Monteiro, Glic\u00e9rio, Guararapes, Lourdes, Nova Lusit\u00e2nia, Piacatu, Rubi\u00e1cea, Santo Ant\u00f4nio do Aracangu\u00e1, Sant\u00f3polis do Aguape\u00ed, Turi\u00faba e Valpara\u00edso.<\/p>\n","protected":false},"excerpt":{"rendered":"<p>O Parlamento Regional de Ara\u00e7atuba, formado por 20 munic\u00edpios do novo Aglomerado Urbano, realizou a primeira reuni\u00e3o oficial ap\u00f3s a posse de sua diretoria. Na pauta, discuss\u00e3o e vota\u00e7\u00e3o do regimento interno. O encontro aconteceu na C\u00e2mara Municipal de Brejo Alegre (a 42,5 km de Ara\u00e7atuba), na manh\u00e3 desta sexta-feira (12\/08\/2022), com a presen\u00e7a de &hellip;<\/p>\n","protected":false},"author":1,"featured_media":475,"comment_status":"open","ping_status":"open","sticky":false,"template":"","format":"standard","meta":{"_jetpack_memberships_contains_paid_content":false,"footnotes":"","jetpack_publicize_message":"","jetpack_publicize_feature_enabled":true,"jetpack_social_post_already_shared":false,"jetpack_social_options":{"image_generator_settings":{"template":"highway","default_image_id":0,"enabled":false},"version":2}},"categories":[7],"tags":[],"class_list":["post-474","post","type-post","status-publish","format-standard","has-post-thumbnail","hentry","category-politica"],"jetpack_publicize_connections":[],"jetpack_featured_media_url":"https:\/\/i0.wp.com\/www.paparazzinews.com.br\/wp-content\/uploads\/2022\/08\/a5951a1c-6d60-41af-88d0-22420c88aae2.jpg?fit=1080%2C810&ssl=1","views":"3351","jetpack_likes_enabled":true,"jetpack_sharing_enabled":true,"_links":{"self":[{"href":"https:\/\/www.paparazzinews.com.br\/index.php?rest_route=\/wp\/v2\/posts\/474","targetHints":{"allow":["GET"]}}],"collection":[{"href":"https:\/\/www.paparazzinews.com.br\/index.php?rest_route=\/wp\/v2\/posts"}],"about":[{"href":"https:\/\/www.paparazzinews.com.br\/index.php?rest_route=\/wp\/v2\/types\/post"}],"author":[{"embeddable":true,"href":"https:\/\/www.paparazzinews.com.br\/index.php?rest_route=\/wp\/v2\/users\/1"}],"replies":[{"embeddable":true,"href":"https:\/\/www.paparazzinews.com.br\/index.php?rest_route=%2Fwp%2Fv2%2Fcomments&post=474"}],"version-history":[{"count":1,"href":"https:\/\/www.paparazzinews.com.br\/index.php?rest_route=\/wp\/v2\/posts\/474\/revisions"}],"predecessor-version":[{"id":476,"href":"https:\/\/www.paparazzinews.com.br\/index.php?rest_route=\/wp\/v2\/posts\/474\/revisions\/476"}],"wp:featuredmedia":[{"embeddable":true,"href":"https:\/\/www.paparazzinews.com.br\/index.php?rest_route=\/wp\/v2\/media\/475"}],"wp:attachment":[{"href":"https:\/\/www.paparazzinews.com.br\/index.php?rest_route=%2Fwp%2Fv2%2Fmedia&parent=474"}],"wp:term":[{"taxonomy":"category","embeddable":true,"href":"https:\/\/www.paparazzinews.com.br\/index.php?rest_route=%2Fwp%2Fv2%2Fcategories&post=474"},{"taxonomy":"post_tag","embeddable":true,"href":"https:\/\/www.paparazzinews.com.br\/index.php?rest_route=%2Fwp%2Fv2%2Ftags&post=474"}],"curies":[{"name":"wp","href":"https:\/\/api.w.org\/{rel}","templated":true}]}}