{"id":4731,"date":"2023-08-07T08:51:02","date_gmt":"2023-08-07T11:51:02","guid":{"rendered":"https:\/\/www.paparazzinews.com.br\/?p=4731"},"modified":"2023-08-07T08:51:03","modified_gmt":"2023-08-07T11:51:03","slug":"contra-as-cameras-corporais-em-policiais-zimbaldi-quer-derrite-para-debater-desinstalacao","status":"publish","type":"post","link":"https:\/\/www.paparazzinews.com.br\/?p=4731","title":{"rendered":"Contra as c\u00e2meras corporais em policiais, Zimbaldi quer Derrite para debater desinstala\u00e7\u00e3o\u00a0"},"content":{"rendered":"\n<p>O deputado estadual Rafa Zimbaldi (Cidadania-SP) quer debater com o secret\u00e1rio de Estado de Seguran\u00e7a P\u00fablica, Guilherme Derrite, a possibilidade de retirada das c\u00e2meras corporais dos policiais militares em servi\u00e7o. Um requerimento solicitando que Derrite se apresente \u00e0 Comiss\u00e3o Permanente de Seguran\u00e7a da Assembleia Legislativa do Estado de S\u00e3o Paulo (Alesp), da qual Zimbaldi \u00e9 membro, foi protocolado h\u00e1 poucas horas. O secret\u00e1rio do governador Tarc\u00edsio Gomes de Freitas (Republicanos) tem 30 dias para se apresentar, a partir da data de aprova\u00e7\u00e3o da convoca\u00e7\u00e3o. &nbsp;<\/p>\n\n\n\n<p>Zimbaldi \u00e9 contra os equipamentos corporais. Em seu entendimento, as c\u00e2meras desmotivam e inibem os agentes de seguran\u00e7a a exercerem suas atividades de maneira plena, sobretudo em situa\u00e7\u00f5es extremas de conflito: &nbsp;<\/p>\n\n\n\n<p>\u201cCaso venha \u00e0 Alesp, Derrite poder\u00e1 falar aos deputados se \u00e9 poss\u00edvel o Estado revogar a utiliza\u00e7\u00e3o desses equipamentos que, em muitos casos, s\u00e3o utilizados como ferramenta punitiva aos agentes de Seguran\u00e7a P\u00fablica da Pol\u00edcia Militar (PM). Desde a sua implanta\u00e7\u00e3o, ainda na gest\u00e3o anterior (Jo\u00e3o Doria-PSDB), as c\u00e2meras n\u00e3o s\u00e3o unanimidade e geram controv\u00e9rsia quanto a resultados efetivos. N\u00e3o podemos ter um BBB PM em S\u00e3o Paulo\u201d, refor\u00e7a Zimbaldi, fazendo analogia ao reality show Big Brother Brasil (BBB), no qual os participantes s\u00e3o monitorados 24 horas por dia.&nbsp;&nbsp;&nbsp;<\/p>\n\n\n\n<p>O pedido de Zimbaldi para que Derrite compare\u00e7a \u00e0 Comiss\u00e3o de Seguran\u00e7a P\u00fablica da Alesp acontece em meio \u00e0 opera\u00e7\u00e3o Escudo, desencadeada no Guaruj\u00e1-SP, na semana passada. Um confronto entre policiais e o crime organizado resultou na morte de um oficial da Rondas Ostensivas Tobias Aguiar (Rota). Ontem (1\u00ba de agosto), uma policial militar tamb\u00e9m foi alvejada por criminosos &#8211; desta vez, sem que houvesse enfrentamento. &nbsp;<\/p>\n\n\n\n<p>Para o deputado do Cidadania, a justificativa de diminuir a letalidade e de \u201cproteger\u201d o policial, al\u00e9m de distinguir o mal agente do bom servidor n\u00e3o parecem ser suficientes para se manter as c\u00e2meras corporais e, justamente por isso, o parlamentar n\u00e3o medir\u00e1 esfor\u00e7os para que Derrite compare\u00e7a \u00e0 Alesp, dentro dos pr\u00f3ximos dias: &nbsp;<\/p>\n\n\n\n<p>\u201cN\u00e3o podemos deixar o policial, em a\u00e7\u00e3o, desguarnecido, desprotegido. E, ao meu ver, as c\u00e2meras n\u00e3o auxiliam neste aspecto. Se o uso dos equipamentos desse resultado, n\u00e3o haveria mais roubo e invas\u00e3o em resid\u00eancias e em estabelecimentos comerciais. Afinal, hoje em dia, em todo lugar, existe uma c\u00e2mera\u201d. &nbsp;<\/p>\n\n\n\n<p>Zimbaldi lembra, inclusive, que a m\u00e1 conduta de policiais se apura e se pune por meio da Corregedoria, criada excepcionalmente para este fim: &nbsp;<\/p>\n\n\n\n<p>\u201cE n\u00e3o menos importante: \u00e9 preciso entender melhor que horas essas c\u00e2meras acopladas aos policiais s\u00e3o acionadas, se gravam at\u00e9 conversas pessoais e se exp\u00f5em de maneira desnecess\u00e1ria os agentes. Vigiar o servidor que tem f\u00e9 p\u00fablica e que j\u00e1 coloca a pr\u00f3pria vida em risco para proteger o cidad\u00e3o paulista n\u00e3o \u00e9 razo\u00e1vel\u201d, argumenta. &nbsp;<\/p>\n\n\n\n<p><strong>Despoliciamento&nbsp;<\/strong><\/p>\n\n\n\n<p>Zimbaldi lembra que, um estudo rec\u00e9m-divulgado por pesquisadores da Universidade de Stanford, na Calif\u00f3rnia (EUA), sobre o uso de c\u00e2meras acopladas \u00e0s fardas de policiais do Rio de Janeiro, concluiu que a utiliza\u00e7\u00e3o dos equipamentos produziu um efeito de \u201cdespoliciamento\u201d, desencorajando os agentes da Seguran\u00e7a P\u00fablica a se envolverem em atividades como abordagens complexas: &nbsp;<\/p>\n\n\n\n<p>\u201cCom a c\u00e2mera, muitos policiais ficam intimidados, com medo de san\u00e7\u00f5es dentro da pr\u00f3pria Corpora\u00e7\u00e3o, e isso encoraja criminosos a atacarem nossos agentes, sem direito \u00e0 defesa e, muitas das vezes, sendo pegos em emboscadas, n\u00e3o dando tempo nem para os equipamentos captarem imagens da a\u00e7\u00e3o dos bandidos\u201d.&nbsp;<\/p>\n\n\n\n<p>Ainda de acordo com o estudo acad\u00eamico, houve redu\u00e7\u00e3o de 46% nos tipos de fiscaliza\u00e7\u00e3o proativas, como abordagens e revistas. Tamb\u00e9m foi registrada no levantamento uma redu\u00e7\u00e3o de 69% na probabilidade de os policiais agirem frente a den\u00fancias de crimes por parte da comunidade, e 43% no atendimento a chamadas recebidas pelo Centro de Opera\u00e7\u00f5es: &nbsp;<\/p>\n\n\n\n<p>\u201cEstes n\u00fameros revelam que o uso dos equipamentos de grava\u00e7\u00e3o pode estar relacionado a preju\u00edzos significativos na Seguran\u00e7a P\u00fablica. Queremos, agora, ouvir de Derrite o que o Estado tem a dizer sobre o tema\u201d, conclui Zimbaldi.&nbsp;<\/p>\n\n\n\n<p><em><strong>Participe da comunidade do Canal Roni Paparazzi no Whatsapp e receba as principais not\u00edcias do dia direto no seu celular<\/strong>.\u00a0<a rel=\"noreferrer noopener\" href=\"https:\/\/chat.whatsapp.com\/GsG1XKo0jPOEfjzudWQcml\" target=\"_blank\">\u00a0Clique aqui e se inscreva.<\/a><\/em><\/p>\n\n\n\n<p><a href=\"https:\/\/www.paparazzinews.com.br\/wp-admin\/post.php?post=4725&amp;action=edit\"><\/a><\/p>\n\n\n\n<p><a href=\"https:\/\/www.paparazzinews.com.br\/wp-admin\/post.php?post=4728&amp;action=edit\"><\/a><\/p>\n","protected":false},"excerpt":{"rendered":"<p>O deputado estadual Rafa Zimbaldi (Cidadania-SP) quer debater com o secret\u00e1rio de Estado de Seguran\u00e7a P\u00fablica, Guilherme Derrite, a possibilidade de retirada das c\u00e2meras corporais dos policiais militares em servi\u00e7o. Um requerimento solicitando que Derrite se apresente \u00e0 Comiss\u00e3o Permanente de Seguran\u00e7a da Assembleia Legislativa do Estado de S\u00e3o Paulo (Alesp), da qual Zimbaldi \u00e9 &hellip;<\/p>\n","protected":false},"author":1,"featured_media":4732,"comment_status":"open","ping_status":"open","sticky":false,"template":"","format":"standard","meta":{"_jetpack_memberships_contains_paid_content":false,"footnotes":"","jetpack_publicize_message":"","jetpack_publicize_feature_enabled":true,"jetpack_social_post_already_shared":false,"jetpack_social_options":{"image_generator_settings":{"template":"highway","default_image_id":0,"enabled":false},"version":2}},"categories":[4],"tags":[],"class_list":["post-4731","post","type-post","status-publish","format-standard","has-post-thumbnail","hentry","category-regiao"],"jetpack_publicize_connections":[],"jetpack_featured_media_url":"https:\/\/i0.wp.com\/www.paparazzinews.com.br\/wp-content\/uploads\/2023\/08\/Rafa-Zimbaldi-e1691409049776.jpeg?fit=1000%2C824&ssl=1","views":"3185","jetpack_likes_enabled":true,"jetpack_sharing_enabled":true,"_links":{"self":[{"href":"https:\/\/www.paparazzinews.com.br\/index.php?rest_route=\/wp\/v2\/posts\/4731","targetHints":{"allow":["GET"]}}],"collection":[{"href":"https:\/\/www.paparazzinews.com.br\/index.php?rest_route=\/wp\/v2\/posts"}],"about":[{"href":"https:\/\/www.paparazzinews.com.br\/index.php?rest_route=\/wp\/v2\/types\/post"}],"author":[{"embeddable":true,"href":"https:\/\/www.paparazzinews.com.br\/index.php?rest_route=\/wp\/v2\/users\/1"}],"replies":[{"embeddable":true,"href":"https:\/\/www.paparazzinews.com.br\/index.php?rest_route=%2Fwp%2Fv2%2Fcomments&post=4731"}],"version-history":[{"count":1,"href":"https:\/\/www.paparazzinews.com.br\/index.php?rest_route=\/wp\/v2\/posts\/4731\/revisions"}],"predecessor-version":[{"id":4733,"href":"https:\/\/www.paparazzinews.com.br\/index.php?rest_route=\/wp\/v2\/posts\/4731\/revisions\/4733"}],"wp:featuredmedia":[{"embeddable":true,"href":"https:\/\/www.paparazzinews.com.br\/index.php?rest_route=\/wp\/v2\/media\/4732"}],"wp:attachment":[{"href":"https:\/\/www.paparazzinews.com.br\/index.php?rest_route=%2Fwp%2Fv2%2Fmedia&parent=4731"}],"wp:term":[{"taxonomy":"category","embeddable":true,"href":"https:\/\/www.paparazzinews.com.br\/index.php?rest_route=%2Fwp%2Fv2%2Fcategories&post=4731"},{"taxonomy":"post_tag","embeddable":true,"href":"https:\/\/www.paparazzinews.com.br\/index.php?rest_route=%2Fwp%2Fv2%2Ftags&post=4731"}],"curies":[{"name":"wp","href":"https:\/\/api.w.org\/{rel}","templated":true}]}}