{"id":471,"date":"2022-08-18T13:49:33","date_gmt":"2022-08-18T16:49:33","guid":{"rendered":"https:\/\/www.paparazzinews.com.br\/?p=471"},"modified":"2022-08-18T13:49:35","modified_gmt":"2022-08-18T16:49:35","slug":"em-setembro-chega-o-livro-rios-do-oeste-2","status":"publish","type":"post","link":"https:\/\/www.paparazzinews.com.br\/?p=471","title":{"rendered":"Em setembro chega o livro Rios do Oeste 2"},"content":{"rendered":"\n<p>Ap\u00f3s alguns meses de muito trabalho e dedica\u00e7\u00e3o, o projeto do Livro Rios do Oeste 2 j\u00e1 foi enviado para impress\u00e3o gr\u00e1fica. A diagrama\u00e7\u00e3o e as corre\u00e7\u00f5es duraram uma semana e exigiram muita concentra\u00e7\u00e3o porque se trata de uma obra relevante pra os cerca de 60 munic\u00edpios que est\u00e3o inseridos nela.<\/p>\n\n\n\n<p><br>Al\u00e9m de geografia, o livro envolve hist\u00f3ria, ci\u00eancia, meio ambiente, natureza e muita informa\u00e7\u00e3o, revelando grande parte do potencial dos rios e h\u00eddrico desses munic\u00edpios na regi\u00e3o oeste do Estado.<br>\u201cAmpliando o contexto geogr\u00e1fico, o livro abrange desde Santa Clara Doeste \u2013 entre SP\/MS\/MG, Santa F\u00e9 do Sul, passando por Pereira Barreto, Andradina, Castilho, Ara\u00e7atuba, Birigui, Brejo Alegre, a regi\u00e3o de Prudente e Pontal do Paranapanema, indo at\u00e9 Rosana, divisa com o estado do Paran\u00e1\u201d, divulga o rep\u00f3rter fotogr\u00e1fico Mois\u00e9s Eust\u00e1quio Oliveira, autor do projeto.<\/p>\n\n\n\n<p><br>A exemplo do livro inicial, lan\u00e7ado ano passado, o Rios do Oeste 2 ter\u00e1 quase o dobro do conte\u00fado nas mesmas 272 p\u00e1ginas, incluindo fotos incr\u00edveis e lugares pouco explorados pelos pr\u00f3prios habitantes dessas localidades, atra\u00e7\u00f5es, eventos e a\u00e7\u00f5es imprescind\u00edveis no cotidiano dos Munic\u00edpios.<br>\u201cCom essa repagina\u00e7\u00e3o estamos relatando um pouco da hist\u00f3ria de cada cidade e mostrando seu contexto geogr\u00e1fico, envolvimento com os rios e outros cursos d\u00b4\u00e1gua, essenciais \u00e0 vida urbana e a sobreviv\u00eancia humana\u201d, comenta o autor.<\/p>\n\n\n\n<p><br>A inten\u00e7\u00e3o \u00e9 que as prefeituras adquiram livros para as escolas, bibliotecas, departamentos, levando conhecimento aos estudantes em especial, informa\u00e7\u00f5es sobre os cuidados que devemos ter para com os rios; a\u00e7\u00f5es em prol ao meio ambiente; necessidade de economizar \u00e1gua; promover a soltura de peixes e preservar as nascentes, entre outras de suma import\u00e2ncia.<\/p>\n\n\n\n<p><br>\u201cAs pessoas de modo geral precisam estar cientes de que a \u00e1gua que elas usam em casa e no dia a dia, grande parte depende da sa\u00fade dos rios, que por sua vez precisam ser conservados, afinal, ningu\u00e9m sobrevive sem \u00e1gua\u201d, alerta o rep\u00f3rter fotogr\u00e1fico. A previs\u00e3o de lan\u00e7amento \u00e9 setembro agora, mas as reservas podem ser feitas pelo celular 18- 996452121 [whatsapp] ou pelo e-mail jornalimpacto@terra.com.br.<\/p>\n","protected":false},"excerpt":{"rendered":"<p>Ap\u00f3s alguns meses de muito trabalho e dedica\u00e7\u00e3o, o projeto do Livro Rios do Oeste 2 j\u00e1 foi enviado para impress\u00e3o gr\u00e1fica. A diagrama\u00e7\u00e3o e as corre\u00e7\u00f5es duraram uma semana e exigiram muita concentra\u00e7\u00e3o porque se trata de uma obra relevante pra os cerca de 60 munic\u00edpios que est\u00e3o inseridos nela. Al\u00e9m de geografia, o &hellip;<\/p>\n","protected":false},"author":1,"featured_media":472,"comment_status":"open","ping_status":"open","sticky":false,"template":"","format":"standard","meta":{"_jetpack_memberships_contains_paid_content":false,"footnotes":"","jetpack_publicize_message":"","jetpack_publicize_feature_enabled":true,"jetpack_social_post_already_shared":false,"jetpack_social_options":{"image_generator_settings":{"template":"highway","default_image_id":0,"enabled":false},"version":2}},"categories":[6],"tags":[],"class_list":["post-471","post","type-post","status-publish","format-standard","has-post-thumbnail","hentry","category-entretenimento"],"jetpack_publicize_connections":[],"jetpack_featured_media_url":"https:\/\/i0.wp.com\/www.paparazzinews.com.br\/wp-content\/uploads\/2022\/08\/9288fbc2-5c24-484a-8713-8111624a07e8-e1660841359321.jpg?fit=1000%2C391&ssl=1","views":"3172","jetpack_likes_enabled":true,"jetpack_sharing_enabled":true,"_links":{"self":[{"href":"https:\/\/www.paparazzinews.com.br\/index.php?rest_route=\/wp\/v2\/posts\/471","targetHints":{"allow":["GET"]}}],"collection":[{"href":"https:\/\/www.paparazzinews.com.br\/index.php?rest_route=\/wp\/v2\/posts"}],"about":[{"href":"https:\/\/www.paparazzinews.com.br\/index.php?rest_route=\/wp\/v2\/types\/post"}],"author":[{"embeddable":true,"href":"https:\/\/www.paparazzinews.com.br\/index.php?rest_route=\/wp\/v2\/users\/1"}],"replies":[{"embeddable":true,"href":"https:\/\/www.paparazzinews.com.br\/index.php?rest_route=%2Fwp%2Fv2%2Fcomments&post=471"}],"version-history":[{"count":1,"href":"https:\/\/www.paparazzinews.com.br\/index.php?rest_route=\/wp\/v2\/posts\/471\/revisions"}],"predecessor-version":[{"id":473,"href":"https:\/\/www.paparazzinews.com.br\/index.php?rest_route=\/wp\/v2\/posts\/471\/revisions\/473"}],"wp:featuredmedia":[{"embeddable":true,"href":"https:\/\/www.paparazzinews.com.br\/index.php?rest_route=\/wp\/v2\/media\/472"}],"wp:attachment":[{"href":"https:\/\/www.paparazzinews.com.br\/index.php?rest_route=%2Fwp%2Fv2%2Fmedia&parent=471"}],"wp:term":[{"taxonomy":"category","embeddable":true,"href":"https:\/\/www.paparazzinews.com.br\/index.php?rest_route=%2Fwp%2Fv2%2Fcategories&post=471"},{"taxonomy":"post_tag","embeddable":true,"href":"https:\/\/www.paparazzinews.com.br\/index.php?rest_route=%2Fwp%2Fv2%2Ftags&post=471"}],"curies":[{"name":"wp","href":"https:\/\/api.w.org\/{rel}","templated":true}]}}