{"id":4702,"date":"2023-08-03T15:54:58","date_gmt":"2023-08-03T18:54:58","guid":{"rendered":"https:\/\/www.paparazzinews.com.br\/?p=4702"},"modified":"2023-08-03T15:54:59","modified_gmt":"2023-08-03T18:54:59","slug":"adolescente-e-preso-com-drogas-em-nova-independencia","status":"publish","type":"post","link":"https:\/\/www.paparazzinews.com.br\/?p=4702","title":{"rendered":"Adolescente \u00e9 preso com drogas em Nova Independ\u00eancia"},"content":{"rendered":"\n<p>Na tarde desta ter\u00e7a-feira, dia 01, policiais militares de Nova Independ\u00eancia tomaram conhecimento da exist\u00eancia de mandado de interna\u00e7\u00e3o, expedido pela comarca de Andradina, em desfavor de cidad\u00e3o de 21 anos, daquela cidade, com medida imposta de interna\u00e7\u00e3o, sem mencionar o per\u00edodo.<\/p>\n\n\n\n<p>Com base na Lei 7716, (Define os Crimes Resultantes de Preconceitos de Ra\u00e7a ou de Cor.), artigo 20, inciso 2\u00ba: \u201cArt. 20: Praticar, induzir ou incitar a discrimina\u00e7\u00e3o ou preconceito de ra\u00e7a, cor, etnia, religi\u00e3o ou proced\u00eancia nacional. Pena: reclus\u00e3o de um a tr\u00eas anos e multa. * Artigo, caput, com reda\u00e7\u00e3o dada pela Lei n\u00ba 9.459, de 13\/05\/1997. \u00a7 1\u00ba Fabricar, comercializar, distribuir ou veicular s\u00edmbolos, emblemas, ornamentos, distintivos ou propaganda que utilizem a cruz su\u00e1stica ou gamada, para fins de divulga\u00e7\u00e3o do nazismo. <\/p>\n\n\n\n<p>Pena: reclus\u00e3o de dois a cinco anos e multa. * \u00a7 1\u00ba com reda\u00e7\u00e3o dada pela Lei n\u00ba 9.459, de 13\/05\/1997. \u00a7 2\u00ba Se qualquer dos crimes previstos no caput \u00e9 cometido por interm\u00e9dio dos meios de comunica\u00e7\u00e3o social ou publica\u00e7\u00e3o de qualquer natureza: Pena: reclus\u00e3o de dois a cinco anos e multa. * \u00a7 2\u00ba com reda\u00e7\u00e3o dada pela Lei n\u00ba 9.459, de 13\/05\/1997\u201d.<\/p>\n\n\n\n<p>A equipe foi at\u00e9 sua resid\u00eancia, onde o encontrou e o prendeu, encontrando no local uma por\u00e7\u00e3o de maconha, que foi apreendida. O indiv\u00edduo foi encaminhado do DP local, onde ficou preso, \u00e0 disposi\u00e7\u00e3o da justi\u00e7a.<\/p>\n\n\n\n<p><em><strong>Participe da comunidade do Canal Roni Paparazzi no Whatsapp e receba as principais not\u00edcias do dia direto no seu celular<\/strong>.\u00a0<a rel=\"noreferrer noopener\" href=\"https:\/\/chat.whatsapp.com\/GsG1XKo0jPOEfjzudWQcml\" target=\"_blank\">\u00a0Clique aqui e se inscreva.<\/a><\/em><\/p>\n","protected":false},"excerpt":{"rendered":"<p>Na tarde desta ter\u00e7a-feira, dia 01, policiais militares de Nova Independ\u00eancia tomaram conhecimento da exist\u00eancia de mandado de interna\u00e7\u00e3o, expedido pela comarca de Andradina, em desfavor de cidad\u00e3o de 21 anos, daquela cidade, com medida imposta de interna\u00e7\u00e3o, sem mencionar o per\u00edodo. Com base na Lei 7716, (Define os Crimes Resultantes de Preconceitos de Ra\u00e7a &hellip;<\/p>\n","protected":false},"author":1,"featured_media":4703,"comment_status":"open","ping_status":"open","sticky":false,"template":"","format":"standard","meta":{"_jetpack_memberships_contains_paid_content":false,"footnotes":"","jetpack_publicize_message":"","jetpack_publicize_feature_enabled":true,"jetpack_social_post_already_shared":false,"jetpack_social_options":{"image_generator_settings":{"template":"highway","default_image_id":0,"enabled":false},"version":2}},"categories":[3],"tags":[],"class_list":["post-4702","post","type-post","status-publish","format-standard","has-post-thumbnail","hentry","category-policial"],"jetpack_publicize_connections":[],"jetpack_featured_media_url":"https:\/\/i0.wp.com\/www.paparazzinews.com.br\/wp-content\/uploads\/2023\/08\/cf1434a1-0881-4d30-aeae-88af45d24042.jpg?fit=738%2C1600&ssl=1","views":"4485","jetpack_likes_enabled":true,"jetpack_sharing_enabled":true,"_links":{"self":[{"href":"https:\/\/www.paparazzinews.com.br\/index.php?rest_route=\/wp\/v2\/posts\/4702","targetHints":{"allow":["GET"]}}],"collection":[{"href":"https:\/\/www.paparazzinews.com.br\/index.php?rest_route=\/wp\/v2\/posts"}],"about":[{"href":"https:\/\/www.paparazzinews.com.br\/index.php?rest_route=\/wp\/v2\/types\/post"}],"author":[{"embeddable":true,"href":"https:\/\/www.paparazzinews.com.br\/index.php?rest_route=\/wp\/v2\/users\/1"}],"replies":[{"embeddable":true,"href":"https:\/\/www.paparazzinews.com.br\/index.php?rest_route=%2Fwp%2Fv2%2Fcomments&post=4702"}],"version-history":[{"count":1,"href":"https:\/\/www.paparazzinews.com.br\/index.php?rest_route=\/wp\/v2\/posts\/4702\/revisions"}],"predecessor-version":[{"id":4704,"href":"https:\/\/www.paparazzinews.com.br\/index.php?rest_route=\/wp\/v2\/posts\/4702\/revisions\/4704"}],"wp:featuredmedia":[{"embeddable":true,"href":"https:\/\/www.paparazzinews.com.br\/index.php?rest_route=\/wp\/v2\/media\/4703"}],"wp:attachment":[{"href":"https:\/\/www.paparazzinews.com.br\/index.php?rest_route=%2Fwp%2Fv2%2Fmedia&parent=4702"}],"wp:term":[{"taxonomy":"category","embeddable":true,"href":"https:\/\/www.paparazzinews.com.br\/index.php?rest_route=%2Fwp%2Fv2%2Fcategories&post=4702"},{"taxonomy":"post_tag","embeddable":true,"href":"https:\/\/www.paparazzinews.com.br\/index.php?rest_route=%2Fwp%2Fv2%2Ftags&post=4702"}],"curies":[{"name":"wp","href":"https:\/\/api.w.org\/{rel}","templated":true}]}}