{"id":468,"date":"2022-08-16T18:40:28","date_gmt":"2022-08-16T21:40:28","guid":{"rendered":"https:\/\/www.paparazzinews.com.br\/?p=468"},"modified":"2022-08-16T18:40:30","modified_gmt":"2022-08-16T21:40:30","slug":"igua-lanca-edital-para-premiar-iniciativas-socioambientais","status":"publish","type":"post","link":"https:\/\/www.paparazzinews.com.br\/?p=468","title":{"rendered":"Igu\u00e1 lan\u00e7a edital para premiar iniciativas socioambientais\u00a0"},"content":{"rendered":"\n<p>A Igu\u00e1, uma das maiores empresas de saneamento no Brasil, respons\u00e1vel pelas concession\u00e1rias \u00c1guas Andradina e \u00c1guas Castilho junto com a Sabesp, lan\u00e7a nesta segunda-feira, 08 de agosto, a segunda edi\u00e7\u00e3o do Edital Igu\u00e1 de Projetos Socioambientais. Com o aporte de R$ 1 milh\u00e3o, o objetivo do programa \u00e9 selecionar iniciativas que contribuam com o desenvolvimento econ\u00f4mico de regi\u00f5es em situa\u00e7\u00e3o de vulnerabilidade, pr\u00f3ximas \u00e0s opera\u00e7\u00f5es da companhia.<\/p>\n\n\n\n<p>Podem ser inscritos projetos que estejam de acordo com os pilares do SERR, plano estrat\u00e9gico da Igu\u00e1 que norteia o desenvolvimento sustent\u00e1vel da companhia e que contribuem para alcan\u00e7ar os Objetivos de Desenvolvimento Sustent\u00e1vel (ODS) da ONU: Educa\u00e7\u00e3o de Qualidade, \u00c1gua Limpa e Saneamento e Combate \u00e0s Altera\u00e7\u00f5es Clim\u00e1ticas.<\/p>\n\n\n\n<p>\u201cCom o edital, refor\u00e7amos nosso compromisso com a responsabilidade social e pr\u00e1ticas que contribuem para um futuro mais sustent\u00e1vel a todos n\u00f3s\u201d, conta o Diretor de Opera\u00e7\u00f5es, P\u00e9ricles Weber.<\/p>\n\n\n\n<p>Na edi\u00e7\u00e3o 2021, a Igu\u00e1 contemplou seis iniciativas e recebeu 159 inscri\u00e7\u00f5es. \u201cPor meio dos projetos selecionados no ano passado, conseguimos financiar exposi\u00e7\u00f5es culturais, espet\u00e1culos teatrais, o desenvolvimento esportivo de crian\u00e7as carentes, al\u00e9m de um v\u00eddeo document\u00e1rio sobre o ciclo da \u00e1gua em uma das nossas opera\u00e7\u00f5es&#8221;, comemora o gerente de Responsabilidade Social da Igu\u00e1, Rafael Botelho.&nbsp;&nbsp;<\/p>\n\n\n\n<p>Andradina e Castilho est\u00e3o na rota do Edital. Os outros munic\u00edpios que est\u00e3o eleg\u00edveis para receber os projetos s\u00e3o: Mato Grosso (Cuiab\u00e1, Col\u00edder, Alta Floresta, Canarana, Comodoro e Pontes e Lacerda); Paran\u00e1 (Paranagu\u00e1); S\u00e3o Paulo (Palestina, Mirassol, Atibaia, Piquete e Suzano); Alagoas (Arapiraca, S\u00e3o Br\u00e1s, Olho D\u2019\u00e1gua Grande, Campo Grande, Girau do Ponciano, Feira Grande, Lagoa da Canoa, Cra\u00edbas, Igaci e Coit\u00e9 do N\u00f3ia; Rio de Janeiro (Paty do Alferes, Miguel Pereira e Zona Oeste Litor\u00e2nea (Jo\u00e1, Barra da Tijuca, Recreio, Jacarepagu\u00e1 e adjac\u00eancias).<\/p>\n\n\n\n<p>A inscri\u00e7\u00e3o \u00e9 gratuita e deve ser feita no site da companhia <a href=\"http:\/\/www.igua.com.br\/edital\" target=\"_blank\" rel=\"noreferrer noopener\">www.igua.com.br\/edital<\/a> at\u00e9 o dia 09 de setembro. Os projetos devem estar enquadrados nas leis de Incentivo \u00e0 Cultura e ao Esporte. Informa\u00e7\u00f5es e d\u00favidas sobre o edital podem ser resolvidas pelo e-mail: <a href=\"mailto:iniciativasocial@igua.com.br\" target=\"_blank\" rel=\"noreferrer noopener\">iniciativasocial@igua.com.br<\/a>. O resultado e a divulga\u00e7\u00e3o dos projetos premiados acontecem dia 9 de dezembro deste ano.&nbsp;<\/p>\n\n\n\n<p><strong>Tira d\u00favidas &#8211; <\/strong>no dia 25 de agosto est\u00e1 marcada uma Live, \u00e0s 16h, no Youtube da Igu\u00e1 para os interessados esclarecerem suas d\u00favidas em rela\u00e7\u00e3o \u00e0s inscri\u00e7\u00f5es. <a href=\"https:\/\/youtu.be\/hy6RDqwciDw\" target=\"_blank\" rel=\"noreferrer noopener\">https:\/\/youtu.be\/hy6RDqwciDw<\/a>.&nbsp;<\/p>\n\n\n\n<p>Conhe\u00e7a mais sobre os projetos de Responsabilidade Social e os trabalhos realizados pelas concession\u00e1rias \u00c1guas Andradina e \u00c1guas Castilho nos sites <a href=\"http:\/\/www.igua.com.br\/andradina\" target=\"_blank\" rel=\"noreferrer noopener\">www.igua.com.br\/andradina<\/a> e <a href=\"http:\/\/www.igua.com.br\/castilho\" target=\"_blank\" rel=\"noreferrer noopener\">www.igua.com.br\/castilho<\/a>.<\/p>\n","protected":false},"excerpt":{"rendered":"<p>A Igu\u00e1, uma das maiores empresas de saneamento no Brasil, respons\u00e1vel pelas concession\u00e1rias \u00c1guas Andradina e \u00c1guas Castilho junto com a Sabesp, lan\u00e7a nesta segunda-feira, 08 de agosto, a segunda edi\u00e7\u00e3o do Edital Igu\u00e1 de Projetos Socioambientais. Com o aporte de R$ 1 milh\u00e3o, o objetivo do programa \u00e9 selecionar iniciativas que contribuam com o &hellip;<\/p>\n","protected":false},"author":1,"featured_media":469,"comment_status":"open","ping_status":"open","sticky":false,"template":"","format":"standard","meta":{"_jetpack_memberships_contains_paid_content":false,"footnotes":"","jetpack_publicize_message":"","jetpack_publicize_feature_enabled":true,"jetpack_social_post_already_shared":false,"jetpack_social_options":{"image_generator_settings":{"template":"highway","default_image_id":0,"enabled":false},"version":2}},"categories":[4],"tags":[],"class_list":["post-468","post","type-post","status-publish","format-standard","has-post-thumbnail","hentry","category-regiao"],"jetpack_publicize_connections":[],"jetpack_featured_media_url":"https:\/\/i0.wp.com\/www.paparazzinews.com.br\/wp-content\/uploads\/2022\/08\/EDITAL-Igua-e1660686015964.jpg?fit=1000%2C665&ssl=1","views":"3392","jetpack_likes_enabled":true,"jetpack_sharing_enabled":true,"_links":{"self":[{"href":"https:\/\/www.paparazzinews.com.br\/index.php?rest_route=\/wp\/v2\/posts\/468","targetHints":{"allow":["GET"]}}],"collection":[{"href":"https:\/\/www.paparazzinews.com.br\/index.php?rest_route=\/wp\/v2\/posts"}],"about":[{"href":"https:\/\/www.paparazzinews.com.br\/index.php?rest_route=\/wp\/v2\/types\/post"}],"author":[{"embeddable":true,"href":"https:\/\/www.paparazzinews.com.br\/index.php?rest_route=\/wp\/v2\/users\/1"}],"replies":[{"embeddable":true,"href":"https:\/\/www.paparazzinews.com.br\/index.php?rest_route=%2Fwp%2Fv2%2Fcomments&post=468"}],"version-history":[{"count":1,"href":"https:\/\/www.paparazzinews.com.br\/index.php?rest_route=\/wp\/v2\/posts\/468\/revisions"}],"predecessor-version":[{"id":470,"href":"https:\/\/www.paparazzinews.com.br\/index.php?rest_route=\/wp\/v2\/posts\/468\/revisions\/470"}],"wp:featuredmedia":[{"embeddable":true,"href":"https:\/\/www.paparazzinews.com.br\/index.php?rest_route=\/wp\/v2\/media\/469"}],"wp:attachment":[{"href":"https:\/\/www.paparazzinews.com.br\/index.php?rest_route=%2Fwp%2Fv2%2Fmedia&parent=468"}],"wp:term":[{"taxonomy":"category","embeddable":true,"href":"https:\/\/www.paparazzinews.com.br\/index.php?rest_route=%2Fwp%2Fv2%2Fcategories&post=468"},{"taxonomy":"post_tag","embeddable":true,"href":"https:\/\/www.paparazzinews.com.br\/index.php?rest_route=%2Fwp%2Fv2%2Ftags&post=468"}],"curies":[{"name":"wp","href":"https:\/\/api.w.org\/{rel}","templated":true}]}}