{"id":4661,"date":"2023-08-03T14:23:48","date_gmt":"2023-08-03T17:23:48","guid":{"rendered":"https:\/\/www.paparazzinews.com.br\/?p=4661"},"modified":"2023-08-03T14:23:49","modified_gmt":"2023-08-03T17:23:49","slug":"cidades-de-pereira-barreto-e-sud-menucci-pedem-retorno-da-circulacao-de-onibus-da-adamantina","status":"publish","type":"post","link":"https:\/\/www.paparazzinews.com.br\/?p=4661","title":{"rendered":"Cidades de Pereira Barreto e Sud Menucci pedem retorno da circula\u00e7\u00e3o de \u00f4nibus da Adamantina"},"content":{"rendered":"\n<p>O prefeito Jo\u00e3o de Altayr Domingues e o prefeito de Sud Mennucci Li\u00f3 Neto estiveram reunidos na manh\u00e3 desta ter\u00e7a-feira (01) com os representantes do grupo Adamantina&nbsp;para negociarem mais uma vez a volta da linha de \u00f4nibus entre Pereira Barreto\/Sud Mennucci\/ Bandeirantes, que muito tem sido pedida pela popula\u00e7\u00e3o. O gerente regional da Adamantina, Fl\u00e1vio Botelho, informou que para a circula\u00e7\u00e3o destas linhas \u00e9 preciso que elas sejam feitas com uma m\u00e9dia de 20 passageiros por viagem.<\/p>\n\n\n\n<p>De acordo com ele, h\u00e1 cerca de seis meses os \u00f4nibus que seguiam para esses destinos estavam trafegando com uma m\u00e9dia bem abaixo de pessoas o que causou o cancelamento das linhas. Com isso, para mostrar a real necessidade do momento, ser\u00e1 feita uma pesquisa com os moradores das duas cidades para que seja refor\u00e7ada a import\u00e2ncia da volta desse transporte. \u201cVamos juntos ouvir nossa popula\u00e7\u00e3o e apresentar a real necessidade que temos. Acredito que teremos em breve boas not\u00edcias para aqueles que precisam e usam o transporte entre essas cidades, fortalecendo o desenvolvimento da nossa cidade e regi\u00e3o\u201d, destacou Jo\u00e3ozinho.<\/p>\n\n\n\n<p>Participaram tamb\u00e9m da reuni\u00e3o o chefe de gabinete de Pereira Barreto Alberto Jun, a representante do Departamento Jur\u00eddico, Milena Matos, os&nbsp;vereadores de Sud Mennucci, representando a C\u00e2mara Municipal: Val\u00e9ria Garcia, Ant\u00f4nio Lisboa e Adilson Farinasso&nbsp;e Cl\u00e1udio Leandro de Souza, representante comercial do grupo Adamantina.<\/p>\n\n\n\n<p><em><strong>Participe da comunidade do Canal Roni Paparazzi no Whatsapp e receba as principais not\u00edcias do dia direto no seu celular<\/strong>.\u00a0<a rel=\"noreferrer noopener\" href=\"https:\/\/chat.whatsapp.com\/GsG1XKo0jPOEfjzudWQcml\" target=\"_blank\">\u00a0Clique aqui e se inscreva.<\/a><\/em><\/p>\n\n\n\n<p><a href=\"https:\/\/www.paparazzinews.com.br\/wp-admin\/post.php?post=4648&amp;action=edit\"><\/a><\/p>\n\n\n\n<p><a href=\"https:\/\/www.paparazzinews.com.br\/wp-admin\/post.php?post=4651&amp;action=edit\"><\/a><\/p>\n\n\n\n<p><a href=\"https:\/\/www.paparazzinews.com.br\/wp-admin\/post.php?post=4656&amp;action=edit\"><\/a><\/p>\n\n\n\n<p><a href=\"https:\/\/www.paparazzinews.com.br\/wp-admin\/post.php?post=4659&amp;action=edit\"><\/a><\/p>\n","protected":false},"excerpt":{"rendered":"<p>O prefeito Jo\u00e3o de Altayr Domingues e o prefeito de Sud Mennucci Li\u00f3 Neto estiveram reunidos na manh\u00e3 desta ter\u00e7a-feira (01) com os representantes do grupo Adamantina&nbsp;para negociarem mais uma vez a volta da linha de \u00f4nibus entre Pereira Barreto\/Sud Mennucci\/ Bandeirantes, que muito tem sido pedida pela popula\u00e7\u00e3o. O gerente regional da Adamantina, Fl\u00e1vio &hellip;<\/p>\n","protected":false},"author":1,"featured_media":4662,"comment_status":"open","ping_status":"open","sticky":false,"template":"","format":"standard","meta":{"_jetpack_memberships_contains_paid_content":false,"footnotes":"","jetpack_publicize_message":"","jetpack_publicize_feature_enabled":true,"jetpack_social_post_already_shared":false,"jetpack_social_options":{"image_generator_settings":{"template":"highway","default_image_id":0,"enabled":false},"version":2}},"categories":[4],"tags":[],"class_list":["post-4661","post","type-post","status-publish","format-standard","has-post-thumbnail","hentry","category-regiao"],"jetpack_publicize_connections":[],"jetpack_featured_media_url":"https:\/\/i0.wp.com\/www.paparazzinews.com.br\/wp-content\/uploads\/2023\/08\/364808841_2158152407711018_4871808180753095791_n.jpg?fit=720%2C540&ssl=1","views":"2450","jetpack_likes_enabled":true,"jetpack_sharing_enabled":true,"_links":{"self":[{"href":"https:\/\/www.paparazzinews.com.br\/index.php?rest_route=\/wp\/v2\/posts\/4661","targetHints":{"allow":["GET"]}}],"collection":[{"href":"https:\/\/www.paparazzinews.com.br\/index.php?rest_route=\/wp\/v2\/posts"}],"about":[{"href":"https:\/\/www.paparazzinews.com.br\/index.php?rest_route=\/wp\/v2\/types\/post"}],"author":[{"embeddable":true,"href":"https:\/\/www.paparazzinews.com.br\/index.php?rest_route=\/wp\/v2\/users\/1"}],"replies":[{"embeddable":true,"href":"https:\/\/www.paparazzinews.com.br\/index.php?rest_route=%2Fwp%2Fv2%2Fcomments&post=4661"}],"version-history":[{"count":1,"href":"https:\/\/www.paparazzinews.com.br\/index.php?rest_route=\/wp\/v2\/posts\/4661\/revisions"}],"predecessor-version":[{"id":4663,"href":"https:\/\/www.paparazzinews.com.br\/index.php?rest_route=\/wp\/v2\/posts\/4661\/revisions\/4663"}],"wp:featuredmedia":[{"embeddable":true,"href":"https:\/\/www.paparazzinews.com.br\/index.php?rest_route=\/wp\/v2\/media\/4662"}],"wp:attachment":[{"href":"https:\/\/www.paparazzinews.com.br\/index.php?rest_route=%2Fwp%2Fv2%2Fmedia&parent=4661"}],"wp:term":[{"taxonomy":"category","embeddable":true,"href":"https:\/\/www.paparazzinews.com.br\/index.php?rest_route=%2Fwp%2Fv2%2Fcategories&post=4661"},{"taxonomy":"post_tag","embeddable":true,"href":"https:\/\/www.paparazzinews.com.br\/index.php?rest_route=%2Fwp%2Fv2%2Ftags&post=4661"}],"curies":[{"name":"wp","href":"https:\/\/api.w.org\/{rel}","templated":true}]}}