{"id":4656,"date":"2023-08-03T14:14:50","date_gmt":"2023-08-03T17:14:50","guid":{"rendered":"https:\/\/www.paparazzinews.com.br\/?p=4656"},"modified":"2023-08-03T14:14:51","modified_gmt":"2023-08-03T17:14:51","slug":"completa-um-mes-que-nao-vem-chuva-para-andradina","status":"publish","type":"post","link":"https:\/\/www.paparazzinews.com.br\/?p=4656","title":{"rendered":"Completa um m\u00eas que n\u00e3o vem chuva para Andradina"},"content":{"rendered":"\n<p>N\u00e3o chove h\u00e1 42 dias em Andradina. A \u00faltima chuva registrada foi no dia 21 de junho. Estado de alerta&nbsp; para queimadas e doen\u00e7as respirat\u00f3rias. A temperatura m\u00e9dia registrada ontem \u00e9 de 23\u00ba com m\u00ednima de 14\u00ba e m\u00e1xima de 32\u00ba. A umidade relativa do ar teve m\u00ednima de 31%. A tend\u00eancia \u00e9 de que a situa\u00e7\u00e3o piore nos pr\u00f3ximos dias<\/p>\n\n\n\n<p>Seguindo recomenda\u00e7\u00f5es da Organiza\u00e7\u00e3o Mundial de Sa\u00fade (OMS), que estabelece que \u00edndices inferiores a 60% n\u00e3o s\u00e3o adequados para a sa\u00fade humana.<\/p>\n\n\n\n<p>O quadro reflete em risco de complica\u00e7\u00f5es al\u00e9rgicas e respirat\u00f3rias devido ao ressecamento de mucosas; sangramento pelo nariz; ressecamento da pele; irrita\u00e7\u00e3o dos olhos; eletricidade est\u00e1tica nas pessoas e em equipamentos eletr\u00f4nicos; aumento do potencial de inc\u00eandios em pastagens e florestas.<\/p>\n\n\n\n<p>A Defesa Civil de Andradina est\u00e1 em estado de alerta, pois Andradina est\u00e1 quase entrando em alerta amarelo (estado de aten\u00e7\u00e3o), quando a umidade relativa do ar est\u00e1 entre 30% e 21%, o recomendado \u00e9 que as pessoas se protejam do sol; evitem exerc\u00edcios f\u00edsicos ao ar livre entre 11h e 15h; bebam mais \u00e1gua; e umidifiquem os ambientes.<\/p>\n\n\n\n<p>O alerta laranja \u00e9 emitido quando a umidade varia de 20% a 12%. Nesse caso, al\u00e9m do que \u00e9 previsto pelo alerta amarelo, \u00e9 recomendado que se evite aglomera\u00e7\u00f5es em ambientes fechados e que se umidifique olhos e nariz com soro fisiol\u00f3gico. O intervalo para que se evite exerc\u00edcios f\u00edsicos \u00e9 ampliado para o per\u00edodo entre 10h e 16h.<a href=\"https:\/\/www.andradina.sp.gov.br\/fotos\/7374e98cc94b08bdd09fbbefdd7f1b62.jpg\"><\/a><\/p>\n\n\n\n<p><em><strong>Participe da comunidade do Canal Roni Paparazzi no Whatsapp e receba as principais not\u00edcias do dia direto no seu celular<\/strong>.&nbsp;<a rel=\"noreferrer noopener\" href=\"https:\/\/chat.whatsapp.com\/GsG1XKo0jPOEfjzudWQcml\" target=\"_blank\">&nbsp;Clique aqui e se inscreva.<\/a><\/em><\/p>\n\n\n\n<p><a href=\"https:\/\/www.paparazzinews.com.br\/wp-admin\/post.php?post=4648&amp;action=edit\"><\/a><\/p>\n\n\n\n<p><a href=\"https:\/\/www.paparazzinews.com.br\/wp-admin\/post.php?post=4651&amp;action=edit\"><\/a><\/p>\n","protected":false},"excerpt":{"rendered":"<p>N\u00e3o chove h\u00e1 42 dias em Andradina. A \u00faltima chuva registrada foi no dia 21 de junho. Estado de alerta&nbsp; para queimadas e doen\u00e7as respirat\u00f3rias. A temperatura m\u00e9dia registrada ontem \u00e9 de 23\u00ba com m\u00ednima de 14\u00ba e m\u00e1xima de 32\u00ba. A umidade relativa do ar teve m\u00ednima de 31%. A tend\u00eancia \u00e9 de que &hellip;<\/p>\n","protected":false},"author":1,"featured_media":4645,"comment_status":"open","ping_status":"open","sticky":false,"template":"","format":"standard","meta":{"_jetpack_memberships_contains_paid_content":false,"footnotes":"","jetpack_publicize_message":"","jetpack_publicize_feature_enabled":true,"jetpack_social_post_already_shared":false,"jetpack_social_options":{"image_generator_settings":{"template":"highway","default_image_id":0,"enabled":false},"version":2}},"categories":[4],"tags":[],"class_list":["post-4656","post","type-post","status-publish","format-standard","has-post-thumbnail","hentry","category-regiao"],"jetpack_publicize_connections":[],"jetpack_featured_media_url":"https:\/\/i0.wp.com\/www.paparazzinews.com.br\/wp-content\/uploads\/2023\/08\/7374e98cc94b08bdd09fbbefdd7f1b62.jpg?fit=800%2C600&ssl=1","views":"5071","jetpack_likes_enabled":true,"jetpack_sharing_enabled":true,"_links":{"self":[{"href":"https:\/\/www.paparazzinews.com.br\/index.php?rest_route=\/wp\/v2\/posts\/4656","targetHints":{"allow":["GET"]}}],"collection":[{"href":"https:\/\/www.paparazzinews.com.br\/index.php?rest_route=\/wp\/v2\/posts"}],"about":[{"href":"https:\/\/www.paparazzinews.com.br\/index.php?rest_route=\/wp\/v2\/types\/post"}],"author":[{"embeddable":true,"href":"https:\/\/www.paparazzinews.com.br\/index.php?rest_route=\/wp\/v2\/users\/1"}],"replies":[{"embeddable":true,"href":"https:\/\/www.paparazzinews.com.br\/index.php?rest_route=%2Fwp%2Fv2%2Fcomments&post=4656"}],"version-history":[{"count":1,"href":"https:\/\/www.paparazzinews.com.br\/index.php?rest_route=\/wp\/v2\/posts\/4656\/revisions"}],"predecessor-version":[{"id":4658,"href":"https:\/\/www.paparazzinews.com.br\/index.php?rest_route=\/wp\/v2\/posts\/4656\/revisions\/4658"}],"wp:featuredmedia":[{"embeddable":true,"href":"https:\/\/www.paparazzinews.com.br\/index.php?rest_route=\/wp\/v2\/media\/4645"}],"wp:attachment":[{"href":"https:\/\/www.paparazzinews.com.br\/index.php?rest_route=%2Fwp%2Fv2%2Fmedia&parent=4656"}],"wp:term":[{"taxonomy":"category","embeddable":true,"href":"https:\/\/www.paparazzinews.com.br\/index.php?rest_route=%2Fwp%2Fv2%2Fcategories&post=4656"},{"taxonomy":"post_tag","embeddable":true,"href":"https:\/\/www.paparazzinews.com.br\/index.php?rest_route=%2Fwp%2Fv2%2Ftags&post=4656"}],"curies":[{"name":"wp","href":"https:\/\/api.w.org\/{rel}","templated":true}]}}