{"id":4633,"date":"2023-08-01T17:36:16","date_gmt":"2023-08-01T20:36:16","guid":{"rendered":"https:\/\/www.paparazzinews.com.br\/?p=4633"},"modified":"2023-08-01T17:36:18","modified_gmt":"2023-08-01T20:36:18","slug":"andradina-e-a-1o-cidade-a-ter-centro-municipal-para-transtornos-do-espectro-autista","status":"publish","type":"post","link":"https:\/\/www.paparazzinews.com.br\/?p=4633","title":{"rendered":"Andradina \u00e9 a 1\u00ba cidade a ter centro municipal para Transtornos do Espectro Autista"},"content":{"rendered":"\n<p>O\u00a0Centro de Refer\u00eancia em Transtornos do Espectro Autista \u00a0tem como objetivo ampliar o acesso ao servi\u00e7o assistencial da pessoa com TEA Trantorno do\u00a0 Espectro Autista realizando a assist\u00eancia integral por meio de uma equipe multiciplinar assim constitu\u00edda Neurologista, Psiquiatra, Psic\u00f3logos, Fonoaudi\u00f3logos e Terapeuta Ocupacional para diagn\u00f3stico, tratamento e reabilita\u00e7\u00e3o.<br><br>\u201cA cidade tem o primeiro Centro TEA da regi\u00e3o e ele vai ser para cuidar das pessoas diagnosticadas com transtorno do espectro autista visando estimular a autonomia, a participa\u00e7\u00e3o e a inclus\u00e3o, al\u00e9m de ser um espa\u00e7o de cuidado para que as pessoas se sintam acolhidas\u201d, disse o prefeito M\u00e1rio Celso.<br><br>Al\u00e9m do Prefeito Municipal M\u00e1rio Celso Lopes, a cerim\u00f4nia contou com a presen\u00e7a da Primeira Dama, Ju\u00e7ara Lopes, do vice-presidente da C\u00e2mara de Vereadores, Fabr\u00edcio Mazotti, al\u00e9m dos vereadores Elaine Voguel, Guilherme Pugliese, Hugo Zamboni, Lucas Lopes, Rodarte dos Anjos, Elo\u00e1 Pessoa e S\u00e9rgio Santaella, al\u00e9m de diretores, vice-diretores, coordenadores e gestoras da educa\u00e7\u00e3o dos 7 polos de ensino municipais e os 11 Centros de Educa\u00e7\u00e3o Infantil. Os convidados foram recepcionados pela Secret\u00e1ria d Educa\u00e7\u00e3o Estela Cassiolato Goda e de Sa\u00fade Maristela Marinho, que juntas s\u00e3o respons\u00e1veis pela implanta\u00e7\u00e3o e gest\u00e3o do Centro.<br><br>\u201cO Centro leva o nome da professora e Coordenadora da Educa\u00e7\u00e3o Infantil Ana Paula de Almeida Medeiros, tendo essa homenagem p\u00f3stuma por ter sido uma profissional que amou sua profiss\u00e3o, era amiga e companheira de seus alunos e pares e tamb\u00e9m algu\u00e9m que muito se preocupava com os alunos com TEA e demais transtornos e defici\u00eancias\u201d, explicou Estela Goda.<br><br><strong>ANA PAULA<br><\/strong><br>Ana Paula de Almeida Medeiros, ingressou na Rede Municipal de Educa\u00e7\u00e3o Infantil no ano de 1994. Ministrou aulas na EMEI Homero Brembati Calvoso at\u00e9 2008, remanejando seu cargo para a EMEI Eul\u00e1lia Matos de Oliveira. Ali como professora, sempre parceira com as colegas e carinhosa com as crian\u00e7as. Almejou a Coordena\u00e7\u00e3o da Escola e foi escolhida entre os pares para ent\u00e3o assumir tal cargo de muita responsabilidade, ao qual sempre desempenhou da melhor forma poss\u00edvel, buscando sempre se atualizar atrav\u00e9s de cursos e estudos para que pudesse assim passar as devidas orienta\u00e7\u00f5es ao sua equipe, sanando d\u00favidas e dificuldades para que toda crian\u00e7a fosse bem atendida e no trabalho tivesse \u00eaxito. Foi uma companheira, parceira de trabalho e grande amiga, deixando saudades.<br><br><strong>O Centro<br><\/strong>O Centro de Refer\u00eancia Municipal para o Transtorno do Espectro Autista, est\u00e1 instalado na Rua Vit\u00f3rio Guaraciaba, 1370, e tem \u00eanfase em diagn\u00f3stico precoce, atendimento multiprofissional e acesso a pol\u00edticas p\u00fablicas de tratamento. Andradina ainda n\u00e3o dispunha do servi\u00e7o de diagn\u00f3stico, tratamento e reabilita\u00e7\u00e3o para pessoas com Transtorno do Espectro Autista dentro do Sistema \u00danico de Sa\u00fade (SUS), pois \u00e9 considerado servi\u00e7o de Alta Complexidade cujo atendimento tem como refer\u00eancia a cidade de Ara\u00e7atuba, a qual regula as vagas para Andradina e demais 40 munic\u00edpios.<br><br>O atendimento, que ainda \u00e9 insuficiente em n\u00famero de vagas, acontece no Hospital Ritinha Prates em Ara\u00e7atuba, distante aproximadamente 120 km de nossa cidade, dificultando muito o acesso para as terapias semanais especialmente de crian\u00e7as com diagnostico de TEA.<br><br><strong>Entenda<br><\/strong>O Transtorno do Espectro Autista \u2013 TEA \u00e9 considerado um dist\u00farbio do neurodesenvolvimento, com altera\u00e7\u00f5es qualitativas e quantitativas da comunica\u00e7\u00e3o, seja linguagem verbal e\/ou n\u00e3o verbal, de intera\u00e7\u00e3o social e padr\u00f5es de comportamento repetitivo e estereotipados, podendo apresentar repert\u00f3rio restrito de interesse e atividades.<\/p>\n\n\n\n<p>De acordo com an\u00e1lise situacional, a partir de dados coletados nas secretarias de sa\u00fade e educa\u00e7\u00e3o e estrutura assistencial para o TEA, pode se observar que o munic\u00edpio apresenta elevado n\u00famero de pessoas sem atendimento adequado, devido \u00e0 alta demanda reprimida com pouca oferta de tratamento e visando a promo\u00e7\u00e3o, diagn\u00f3stico e tratamentos adequados e de qualidade, se faz necess\u00e1rio criar estrat\u00e9gias por meio da constru\u00e7\u00e3o do projeto de cria\u00e7\u00e3o e implanta\u00e7\u00e3o de um Centro de Refer\u00eancia Municipal.<\/p>\n\n\n\n<p>A Secretaria de Sa\u00fade junto \u00e0 Secretaria de Educa\u00e7\u00e3o em abril\/2023 realizou levantamento da demanda de pessoas com suspeita e\/ou com apresenta\u00e7\u00e3o de laudos m\u00e9dicos com diagn\u00f3stico de TEA, o que cabe relatar:<br><strong>Diagn\u00f3stico situacional de \u201cAutistas\u201d:<\/strong><\/p>\n\n\n\n<figure class=\"wp-block-table\"><table><tbody><tr><td>&nbsp;<\/td><td>Demanda sem atendimento<\/td><td>Atendidos<\/td><\/tr><tr><td>Mandado Judicial \u2013 atendimento via a\u00e7\u00e3o judicial<\/td><td>&nbsp;<\/td><td>10<\/td><\/tr><tr><td>Processos Administrativos \u2013 solicitaram requerimento junto \u00e0 SMS<\/td><td>11<\/td><td>&nbsp;<\/td><\/tr><tr><td>Demanda Reprimida \u2013 NASF\/Aguardando avalia\u00e7\u00e3o<\/td><td>36<\/td><td>&nbsp;<\/td><\/tr><tr><td>Demanda Reprimida \u2013 Regula\u00e7\u00e3o Municipal<\/td><td>46<\/td><td>&nbsp;<\/td><\/tr><tr><td>Secretaria Municipal de Educa\u00e7\u00e3o<\/td><td>70<\/td><td>33 \u2013 APAE<br>4 &#8211; AMA<\/td><\/tr><tr><td><strong>TOTAL<\/strong><\/td><td><strong>163<\/strong><\/td><td><strong>47<\/strong><\/td><\/tr><\/tbody><\/table><\/figure>\n\n\n\n<p>A demanda n\u00e3o atendida pelas secretarias e havendo a extrema necessidade de inser\u00e7\u00e3o dessa popula\u00e7\u00e3o em atendimento precoce. Para M\u00e1rio Celso, todos gastos oriundo do Centro de Refer\u00eancia n\u00e3o podem ser chamados de gastos e sim investimentos na melhoria da vida das pessoas dando seu total apoio na organiza\u00e7\u00e3o da estrutura e contrata\u00e7\u00e3o dos especialistas necess\u00e1rios.<\/p>\n\n\n\n<p><em><strong>Participe da comunidade do Canal Roni Paparazzi no Whatsapp e receba as principais not\u00edcias do dia direto no seu celular<\/strong>.&nbsp;<a rel=\"noreferrer noopener\" href=\"https:\/\/chat.whatsapp.com\/GsG1XKo0jPOEfjzudWQcml\" target=\"_blank\">&nbsp;Clique aqui e se inscreva.<\/a><\/em><\/p>\n\n\n\n<p><a href=\"https:\/\/www.paparazzinews.com.br\/wp-admin\/post.php?post=4629&amp;action=edit\"><\/a><\/p>\n","protected":false},"excerpt":{"rendered":"<p>O\u00a0Centro de Refer\u00eancia em Transtornos do Espectro Autista \u00a0tem como objetivo ampliar o acesso ao servi\u00e7o assistencial da pessoa com TEA Trantorno do\u00a0 Espectro Autista realizando a assist\u00eancia integral por meio de uma equipe multiciplinar assim constitu\u00edda Neurologista, Psiquiatra, Psic\u00f3logos, Fonoaudi\u00f3logos e Terapeuta Ocupacional para diagn\u00f3stico, tratamento e reabilita\u00e7\u00e3o.\u201cA cidade tem o primeiro Centro TEA &hellip;<\/p>\n","protected":false},"author":1,"featured_media":4634,"comment_status":"open","ping_status":"open","sticky":false,"template":"","format":"standard","meta":{"_jetpack_memberships_contains_paid_content":false,"footnotes":"","jetpack_publicize_message":"","jetpack_publicize_feature_enabled":true,"jetpack_social_post_already_shared":false,"jetpack_social_options":{"image_generator_settings":{"template":"highway","default_image_id":0,"enabled":false},"version":2}},"categories":[4],"tags":[],"class_list":["post-4633","post","type-post","status-publish","format-standard","has-post-thumbnail","hentry","category-regiao"],"jetpack_publicize_connections":[],"jetpack_featured_media_url":"https:\/\/i0.wp.com\/www.paparazzinews.com.br\/wp-content\/uploads\/2023\/08\/ea9ab8240e760804d80a370a37b1f03c.jpg?fit=800%2C533&ssl=1","views":"2025","jetpack_likes_enabled":true,"jetpack_sharing_enabled":true,"_links":{"self":[{"href":"https:\/\/www.paparazzinews.com.br\/index.php?rest_route=\/wp\/v2\/posts\/4633","targetHints":{"allow":["GET"]}}],"collection":[{"href":"https:\/\/www.paparazzinews.com.br\/index.php?rest_route=\/wp\/v2\/posts"}],"about":[{"href":"https:\/\/www.paparazzinews.com.br\/index.php?rest_route=\/wp\/v2\/types\/post"}],"author":[{"embeddable":true,"href":"https:\/\/www.paparazzinews.com.br\/index.php?rest_route=\/wp\/v2\/users\/1"}],"replies":[{"embeddable":true,"href":"https:\/\/www.paparazzinews.com.br\/index.php?rest_route=%2Fwp%2Fv2%2Fcomments&post=4633"}],"version-history":[{"count":1,"href":"https:\/\/www.paparazzinews.com.br\/index.php?rest_route=\/wp\/v2\/posts\/4633\/revisions"}],"predecessor-version":[{"id":4635,"href":"https:\/\/www.paparazzinews.com.br\/index.php?rest_route=\/wp\/v2\/posts\/4633\/revisions\/4635"}],"wp:featuredmedia":[{"embeddable":true,"href":"https:\/\/www.paparazzinews.com.br\/index.php?rest_route=\/wp\/v2\/media\/4634"}],"wp:attachment":[{"href":"https:\/\/www.paparazzinews.com.br\/index.php?rest_route=%2Fwp%2Fv2%2Fmedia&parent=4633"}],"wp:term":[{"taxonomy":"category","embeddable":true,"href":"https:\/\/www.paparazzinews.com.br\/index.php?rest_route=%2Fwp%2Fv2%2Fcategories&post=4633"},{"taxonomy":"post_tag","embeddable":true,"href":"https:\/\/www.paparazzinews.com.br\/index.php?rest_route=%2Fwp%2Fv2%2Ftags&post=4633"}],"curies":[{"name":"wp","href":"https:\/\/api.w.org\/{rel}","templated":true}]}}