{"id":4574,"date":"2023-08-01T09:52:06","date_gmt":"2023-08-01T12:52:06","guid":{"rendered":"https:\/\/www.paparazzinews.com.br\/?p=4574"},"modified":"2023-08-01T09:52:07","modified_gmt":"2023-08-01T12:52:07","slug":"operacao-escudo-reprimindo-morte-de-policial-da-rota-tem-10-prisoes","status":"publish","type":"post","link":"https:\/\/www.paparazzinews.com.br\/?p=4574","title":{"rendered":"Opera\u00e7\u00e3o Escudo reprimindo morte de policial da ROTA tem 10 pris\u00f5es"},"content":{"rendered":"\n<p>A Opera\u00e7\u00e3o Escudo para repress\u00e3o ao tr\u00e1fico de drogas e ao crime organizado na Baixada Santista registrou dez pris\u00f5es neste final de semana, de acordo com balan\u00e7o apresentado pelo Governo de S\u00e3o Paulo na manh\u00e3 desta segunda-feira. A pris\u00e3o do suspeito de matar o soldado PM Patrick Bastos Reis, das Rondas Ostensivas Tobias Aguiar (Rota), na \u00faltima quinta-feira (27), tamb\u00e9m foi confirmada.<\/p>\n\n\n\n<p>\u201cA gente est\u00e1 enfrentando o tr\u00e1fico de drogas e o crime organizado e temos que ter consci\u00eancia disso\u201d, declarou Tarc\u00edsio de Freitas. Em rela\u00e7\u00e3o \u00e0s oito mortes em confronto registradas durante a a\u00e7\u00e3o, o governador ressaltou que as for\u00e7as de seguran\u00e7a atuam para prender os criminosos e o enfrentamento \u00e9 resultado da a\u00e7\u00e3o dos bandidos e n\u00e3o dos policiais.<\/p>\n\n\n\n<p>\u201cA pol\u00edcia quer evitar o confronto de toda forma. Ningu\u00e9m quer o confronto. Agora, n\u00f3s temos uma pol\u00edcia treinada e que segue \u00e0 risca regras de engajamento. A partir do momento que a pol\u00edcia \u00e9 hostilizada e a autoridade policial n\u00e3o \u00e9 respeitada, infelizmente h\u00e1 o confronto. A gente n\u00e3o quer o confronto, n\u00e3o deseja o confronto de jeito nenhum. Tanto \u00e9 que n\u00f3s tivemos dez pris\u00f5es\u201d, afirmou o governador em entrevista coletiva.<\/p>\n\n\n\n<p>A entrevista tamb\u00e9m reuniu o secret\u00e1rio estadual da Seguran\u00e7a P\u00fablica, Guilherme Derrite, o delegado geral da Pol\u00edcia Civil, Artur Dian, e o comandante geral da PM, C\u00e1ssio Ara\u00fajo de Freitas. Com efetivo de mais de 600 policiais, a Opera\u00e7\u00e3o Escudo foi deflagrada logo ap\u00f3s o assassinato do soldado Reis e ter\u00e1 prosseguimento mesmo ap\u00f3s a pris\u00e3o do suspeito do crime.<\/p>\n\n\n\n<p>\u201cCada ocorr\u00eancia \u00e9 investigada. N\u00e3o h\u00e1 ocorr\u00eancia que n\u00e3o seja investigada. N\u00f3s temos a presen\u00e7a da Pol\u00edcia Civil, e todas as ocorr\u00eancias v\u00e3o ser investigadas. A gente est\u00e1 enfrentando o tr\u00e1fico de drogas e o crime organizado e temos que ter consci\u00eancia disso\u201d, refor\u00e7ou o governador.<\/p>\n\n\n\n<p>De acordo com o secret\u00e1rio Derrite, quatro dos oito suspeitos mortos durante confrontos com a pol\u00edcia j\u00e1 foram identificados e todos t\u00eam antecedentes criminais. Ele tamb\u00e9m afirmou que o v\u00eddeo gravado pelo suspeito de assassinar o PM Reis foi produzido por orienta\u00e7\u00e3o da defesa do acusado e que as circunst\u00e2ncias de cada ocorr\u00eancia na Opera\u00e7\u00e3o Escudo est\u00e3o sendo investigadas.<\/p>\n\n\n\n<p>\u201c\u00c9 uma estrat\u00e9gia do crime organizado, inclusive, cooptar moradores e pessoas das comunidades que tamb\u00e9m s\u00e3o v\u00edtimas do tr\u00e1fico de drogas apresentando vers\u00f5es. J\u00e1 temos casos de inqu\u00e9ritos instaurados e, ao longo da investiga\u00e7\u00e3o, chega-se \u00e0 conclus\u00e3o que partiu ordem do crime organizado para que a pessoa dizer que viu isso ou aquilo. E, no final das contas, \u00e9 provado que n\u00e3o aconteceu\u201d, disse o secret\u00e1rio.<\/p>\n\n\n\n<p><strong>Cracol\u00e2ndia<\/strong><\/p>\n\n\n\n<p>Em outra opera\u00e7\u00e3o policial no \u00faltimo domingo (30), a Pol\u00edcia Civil prendeu 15 suspeitos de tr\u00e1fico de drogas na regi\u00e3o da cracol\u00e2ndia, no centro da capital. A a\u00e7\u00e3o foi realizada com o objetivo de combater o tr\u00e1fico de drogas com o empenho de 60 policiais civis em 30 viaturas. A Guarda Civil Metropolitana (GCM) tamb\u00e9m prestou aux\u00edlio.<\/p>\n\n\n\n<p>Durante as investiga\u00e7\u00f5es, os policiais civis identificaram suspeitos envolvidos em atividades criminosas na \u00e1rea e, a partir das informa\u00e7\u00f5es do relat\u00f3rio de intelig\u00eancia, agiram para efetuar as pris\u00f5es. Entre as equipes estavam policiais da 1\u00aa Delegacia Seccional (Centro), 3\u00ba Distrito Policial (Campos El\u00edseos), 8\u00ba Distrito Policial (Br\u00e1s) e 77\u00ba Distrito Policial (Santa Cec\u00edlia). Al\u00e9m das pris\u00f5es, tamb\u00e9m houve apreens\u00e3o de drogas como coca\u00edna, maconha, crack e o entorpecente sint\u00e9tico conhecido como K9.<\/p>\n\n\n\n<p>No primeiro semestre, as pol\u00edcias prenderam 1.322 suspeitos na regi\u00e3o da cracol\u00e2ndia, um n\u00famero quase 70% maior em rela\u00e7\u00e3o ao mesmo per\u00edodo de 2022. Anteriormente, em abril, o n\u00famero de roubos e furtos caiu \u2013 algo in\u00e9dito em 15 meses. Desde ent\u00e3o, esses \u00edndices v\u00eam acumulando semanas seguidas de queda.<\/p>\n\n\n\n<p>As for\u00e7as de seguran\u00e7a permanecem empenhadas em combater a criminalidade na regi\u00e3o central e garantir a seguran\u00e7a da popula\u00e7\u00e3o. \u201cO esfor\u00e7o feito para melhorar a seguran\u00e7a p\u00fablica no nosso estado \u00e9 muito grande e n\u00f3s vamos continuar priorizando a Baixada Santista e o centro da cidade de S\u00e3o Paulo\u201d, concluiu o governador.<\/p>\n\n\n\n<p><em><strong>Participe da comunidade do Canal Roni Paparazzi no Whatsapp e receba as principais not\u00edcias do dia direto no seu celular<\/strong>.\u00a0<a rel=\"noreferrer noopener\" href=\"https:\/\/chat.whatsapp.com\/GsG1XKo0jPOEfjzudWQcml\" target=\"_blank\">\u00a0Clique aqui e se inscreva.<\/a><\/em><a href=\"https:\/\/www.paparazzinews.com.br\/wp-admin\/post.php?post=4563&amp;action=edit\"><\/a><a href=\"https:\/\/www.paparazzinews.com.br\/wp-admin\/post.php?post=4569&amp;action=edit\"><\/a><a href=\"https:\/\/www.paparazzinews.com.br\/wp-admin\/post.php?post=4572&amp;action=edit\"><\/a><\/p>\n","protected":false},"excerpt":{"rendered":"<p>A Opera\u00e7\u00e3o Escudo para repress\u00e3o ao tr\u00e1fico de drogas e ao crime organizado na Baixada Santista registrou dez pris\u00f5es neste final de semana, de acordo com balan\u00e7o apresentado pelo Governo de S\u00e3o Paulo na manh\u00e3 desta segunda-feira. A pris\u00e3o do suspeito de matar o soldado PM Patrick Bastos Reis, das Rondas Ostensivas Tobias Aguiar (Rota), &hellip;<\/p>\n","protected":false},"author":1,"featured_media":4575,"comment_status":"open","ping_status":"open","sticky":false,"template":"","format":"standard","meta":{"_jetpack_memberships_contains_paid_content":false,"footnotes":"","jetpack_publicize_message":"","jetpack_publicize_feature_enabled":true,"jetpack_social_post_already_shared":false,"jetpack_social_options":{"image_generator_settings":{"template":"highway","default_image_id":0,"enabled":false},"version":2}},"categories":[3],"tags":[],"class_list":["post-4574","post","type-post","status-publish","format-standard","has-post-thumbnail","hentry","category-policial"],"jetpack_publicize_connections":[],"jetpack_featured_media_url":"https:\/\/i0.wp.com\/www.paparazzinews.com.br\/wp-content\/uploads\/2023\/08\/policiais-na-vila-baiana-no-guaruja-apos-acao-policial-1690840209427_v2_900x506.jpg?fit=900%2C506&ssl=1","views":"2614","jetpack_likes_enabled":true,"jetpack_sharing_enabled":true,"_links":{"self":[{"href":"https:\/\/www.paparazzinews.com.br\/index.php?rest_route=\/wp\/v2\/posts\/4574","targetHints":{"allow":["GET"]}}],"collection":[{"href":"https:\/\/www.paparazzinews.com.br\/index.php?rest_route=\/wp\/v2\/posts"}],"about":[{"href":"https:\/\/www.paparazzinews.com.br\/index.php?rest_route=\/wp\/v2\/types\/post"}],"author":[{"embeddable":true,"href":"https:\/\/www.paparazzinews.com.br\/index.php?rest_route=\/wp\/v2\/users\/1"}],"replies":[{"embeddable":true,"href":"https:\/\/www.paparazzinews.com.br\/index.php?rest_route=%2Fwp%2Fv2%2Fcomments&post=4574"}],"version-history":[{"count":1,"href":"https:\/\/www.paparazzinews.com.br\/index.php?rest_route=\/wp\/v2\/posts\/4574\/revisions"}],"predecessor-version":[{"id":4576,"href":"https:\/\/www.paparazzinews.com.br\/index.php?rest_route=\/wp\/v2\/posts\/4574\/revisions\/4576"}],"wp:featuredmedia":[{"embeddable":true,"href":"https:\/\/www.paparazzinews.com.br\/index.php?rest_route=\/wp\/v2\/media\/4575"}],"wp:attachment":[{"href":"https:\/\/www.paparazzinews.com.br\/index.php?rest_route=%2Fwp%2Fv2%2Fmedia&parent=4574"}],"wp:term":[{"taxonomy":"category","embeddable":true,"href":"https:\/\/www.paparazzinews.com.br\/index.php?rest_route=%2Fwp%2Fv2%2Fcategories&post=4574"},{"taxonomy":"post_tag","embeddable":true,"href":"https:\/\/www.paparazzinews.com.br\/index.php?rest_route=%2Fwp%2Fv2%2Ftags&post=4574"}],"curies":[{"name":"wp","href":"https:\/\/api.w.org\/{rel}","templated":true}]}}