{"id":4569,"date":"2023-08-01T09:23:33","date_gmt":"2023-08-01T12:23:33","guid":{"rendered":"https:\/\/www.paparazzinews.com.br\/?p=4569"},"modified":"2023-08-01T09:23:35","modified_gmt":"2023-08-01T12:23:35","slug":"sap-forma-mais-de-400-policiais-penais","status":"publish","type":"post","link":"https:\/\/www.paparazzinews.com.br\/?p=4569","title":{"rendered":"SAP forma mais de 400 policiais penais"},"content":{"rendered":"\n<p id=\"not_1\">A Secretaria da Administra\u00e7\u00e3o Penitenci\u00e1ria (SAP) celebrou a formatura de 429 policiais penais, entre Agentes de Escolta e Vigil\u00e2ncia Penitenci\u00e1ria (AEVPs) e Agentes de Seguran\u00e7a Penitenci\u00e1ria (ASPs). A cerim\u00f4nia foi realizada no \u00faltimo dia 21, na zona leste da capital.<\/p>\n\n\n\n<p id=\"not_1\">As turmas passaram pelos cursos de Forma\u00e7\u00e3o T\u00e9cnico-Profissional desenvolvidos pela Escola de Administra\u00e7\u00e3o Penitenci\u00e1ria (EAP) &#8220;Dr. Luiz Camargo Wolfmann&#8221; que pertence \u00e0 SAP e fica localizada em Santana, na zona norte.<\/p>\n\n\n\n<p id=\"not_1\">Durante a cerim\u00f4nia, o Secret\u00e1rio da Administra\u00e7\u00e3o Penitenci\u00e1ria, Marcello Streifinger, orientou os formandos a n\u00e3o esquecerem o fundamento e nem aquilo que aprenderam durante o curso. \u201cN\u00e3o esque\u00e7am especialmente da legalidade, pois \u00e9 ela que nos norteia e que nos ampara nas dificuldades. \u00c9 somente a lei que na hora da dificuldade jur\u00eddica, t\u00e9cnica e circunstancial, vai nos amparar\u201d. Tamb\u00e9m destacou o necess\u00e1rio esp\u00edrito de resili\u00eancia, aten\u00e7\u00e3o e corre\u00e7\u00e3o por parte do Policial Penal.<\/p>\n\n\n\n<p id=\"not_1\">A diretora da EAP, Gisele Ang\u00e9lica Silveira Rodrigues, destacou que estavam sendo colhidos os frutos semeados por servidores que iniciaram a SAP e que estruturaram as bases do sistema prisional paulista, a exemplo de seu pai, Guilherme Silveira Rodrigues, presente na cerim\u00f4nia e que foi diretor do Centro de Deten\u00e7\u00e3o Provis\u00f3ria (CDP) II de Pinheiros. Ele se aposentou em mar\u00e7o do ano passado. \u201cFizemos muita hist\u00f3ria e continuaremos fazendo pois somos de transi\u00e7\u00e3o, de agentes para a Pol\u00edcia Penal, fa\u00e7am o seu melhor independente das condi\u00e7\u00f5es\u201d. Gisele explicou, em entrevista \u00e0 parte, como transcorreram os cursos de forma\u00e7\u00e3o para ASPs e AEVPs, que mobilizaram 360 docentes no decorrer das 14 turmas. Como fato marcante durante os cursos apontou a morte em um assalto de um professor da disciplina de Condicionamento F\u00edsico, o policial penal J\u00falio C\u00e9sar da Silva. A diretora da EAP relatou ainda que as expectativas quanto aos cursos foram superadas: \u201ctivemos v\u00e1rios depoimentos de alunos que nos contaram que a pr\u00e1tica e a teoria ficaram muito pr\u00f3ximas \u00e0 realidade das unidades prisionais\u201d.<\/p>\n\n\n\n<p id=\"not_1\">O paraninfo das turmas, Odirlei Arruda de Lima, diretor da Penitenci\u00e1ria I de Itapetininga e docente da EAP, ressaltou a unicidade do Policial Penal e a sua import\u00e2ncia para a germina\u00e7\u00e3o da for\u00e7a moral e vital para o bom trabalho no sistema prisional paulista. O orador Diego Galhardi destacou o trabalho de todos os docentes: \u201cforam fundamentais em nossa jornada! Com dedica\u00e7\u00e3o e comprometimento, nos transmitiram valores \u00e9ticos e morais que s\u00e3o a base de nosso trabalho e nos desafiaram a sermos melhores em cada situa\u00e7\u00e3o apresentada\u201d.<\/p>\n\n\n\n<p id=\"not_1\">Entre os 429 formandos, 205 fizeram o curso de Forma\u00e7\u00e3o T\u00e9cnico-Profissional para AEVPs, distribu\u00eddos em seis turmas masculinas; e 224 conclu\u00edram o curso de Forma\u00e7\u00e3o T\u00e9cnico-Profissional para ASPs, com 206 alunos masculinos, em sete turmas, e 18 alunas compondo uma turma feminina.<\/p>\n\n\n\n<p><strong>LUTO E LUTA<\/strong><\/p>\n\n\n\n<p id=\"not_1\">\u201cPassaram-se oito anos entre a abertura de concurso e o curso de forma\u00e7\u00e3o, nesses anos muitas coisas ocorreram: minha filha ca\u00e7ula nasceu, eu e minha fam\u00edlia vivemos muitas coisas boas nesse per\u00edodo. Por\u00e9m h\u00e1 um ano e sete meses fiquei vi\u00favo e sozinho com tr\u00eas filhas. Com muita dificuldade continuei lutando e cuidando das minhas meninas, nove meses depois de ficar vi\u00favo sofri um acidente em que fiquei 7 horas em cirurgia\u201d, disse o formando Paulo Roberto Lopes, de 43 anos. \u201dNaquele momento, achei que n\u00e3o conseguiria me levantar novamente e seguir, mas a for\u00e7a de vencer e saber que minhas filhas precisam de mim, me fez levantar e lutar por mim e por elas\u201d, relatou. Ele destacou que \u201co curso foi intenso, tivemos professores muito preparados que foram muito importantes em nossa forma\u00e7\u00e3o, tive a sorte de fazer parte uma turma muito unida, onde todos se ajudavam, e formamos uma fam\u00edlia\u201d.<\/p>\n\n\n\n<p id=\"not_1\">O formando Francisco Jos\u00e9 Batista Junior afirmou que quer fazer a diferen\u00e7a: \u201ccreio estar conseguindo isso, aos poucos, tratando todos os colegas e superiores com respeito, urbanidade e educa\u00e7\u00e3o, pois creio serem os pilares para uma sociedade melhor, mais justa e mais humana\u201d.<\/p>\n\n\n\n<p id=\"not_1\">O formando Paulo Jos\u00e9 Rodrigues Merle \u00e9 da cidade de Ara\u00e7atuba e descreveu parte dos desafios: \u201cdeixar minha esposa e fam\u00edlia e buscar algo que jamais conhecia foi um desafio enorme. Sair de minha cidade no interior de S\u00e3o Paulo, cerca de 522 km da capital, nove horas de viagem, necessitou de muita coragem e motiva\u00e7\u00e3o\u201d. Merle ainda salientou que \u201co curso de forma\u00e7\u00e3o foi excelente. Ter o contato com o conhecimento sempre \u00e9 importante, ainda mais com v\u00e1rios profissionais e professores com os quais tivemos a honra de conhecer e aprender\u201d.<\/p>\n\n\n\n<p id=\"not_1\">A formanda do curso para ASPs, Graziela Guimar\u00e3es, afirmou que no exerc\u00edcio de sua carreira como Policial Penal quer ser um instrumento de transforma\u00e7\u00e3o positiva na vida de colegas e reeducandos. &#8220;Parafraseando Madre Teresa de Calcut\u00e1, por vezes sentimos que aquilo que fazemos n\u00e3o \u00e9 sen\u00e3o uma gota de \u00e1gua no mar, mas o mar seria menor se lhe faltasse uma gota. Quero ser essa gota transformadora na vida daqueles que por qualquer raz\u00e3o eu vier a conviver. Assim, poderei ensinar e aprender com todos. Juntos, construiremos um estado de S\u00e3o Paulo forte, com o objetivo de tornar a administra\u00e7\u00e3o penitenci\u00e1ria daqui modelo para o pa\u00eds. Isso \u00e9 poss\u00edvel e quero fazer parte disso\u201d, ressaltou.<\/p>\n\n\n\n<p id=\"not_1\">A cerim\u00f4nia foi prestigiada pelo desembargador Luiz Ant\u00f4nio Cardoso, Coordenador da Coordenadoria Criminal e de Execu\u00e7\u00f5es Criminais do Tribunal de Justi\u00e7a de S\u00e3o Paulo; pelo Coronel Pedro Luis de Souza Lopes, representando o Secret\u00e1rio da Secretaria da Seguran\u00e7a P\u00fablica; pelo Deputado Estadual Tenente Nascimento, e por outras autoridades da SAP.<\/p>\n\n\n\n<p><em><strong>Participe da comunidade do Canal Roni Paparazzi no Whatsapp e receba as principais not\u00edcias do dia direto no seu celular<\/strong>.\u00a0<a rel=\"noreferrer noopener\" href=\"https:\/\/chat.whatsapp.com\/GsG1XKo0jPOEfjzudWQcml\" target=\"_blank\">\u00a0Clique aqui e se inscreva.<\/a><\/em><\/p>\n\n\n\n<p><a href=\"https:\/\/www.paparazzinews.com.br\/wp-admin\/post.php?post=4563&amp;action=edit\"><\/a><\/p>\n","protected":false},"excerpt":{"rendered":"<p>A Secretaria da Administra\u00e7\u00e3o Penitenci\u00e1ria (SAP) celebrou a formatura de 429 policiais penais, entre Agentes de Escolta e Vigil\u00e2ncia Penitenci\u00e1ria (AEVPs) e Agentes de Seguran\u00e7a Penitenci\u00e1ria (ASPs). A cerim\u00f4nia foi realizada no \u00faltimo dia 21, na zona leste da capital. As turmas passaram pelos cursos de Forma\u00e7\u00e3o T\u00e9cnico-Profissional desenvolvidos pela Escola de Administra\u00e7\u00e3o Penitenci\u00e1ria (EAP) &hellip;<\/p>\n","protected":false},"author":1,"featured_media":4570,"comment_status":"open","ping_status":"open","sticky":false,"template":"","format":"standard","meta":{"_jetpack_memberships_contains_paid_content":false,"footnotes":"","jetpack_publicize_message":"","jetpack_publicize_feature_enabled":true,"jetpack_social_post_already_shared":false,"jetpack_social_options":{"image_generator_settings":{"template":"highway","default_image_id":0,"enabled":false},"version":2}},"categories":[3],"tags":[],"class_list":["post-4569","post","type-post","status-publish","format-standard","has-post-thumbnail","hentry","category-policial"],"jetpack_publicize_connections":[],"jetpack_featured_media_url":"https:\/\/i0.wp.com\/www.paparazzinews.com.br\/wp-content\/uploads\/2023\/08\/img_int_not641.jpg?fit=724%2C476&ssl=1","views":"3272","jetpack_likes_enabled":true,"jetpack_sharing_enabled":true,"_links":{"self":[{"href":"https:\/\/www.paparazzinews.com.br\/index.php?rest_route=\/wp\/v2\/posts\/4569","targetHints":{"allow":["GET"]}}],"collection":[{"href":"https:\/\/www.paparazzinews.com.br\/index.php?rest_route=\/wp\/v2\/posts"}],"about":[{"href":"https:\/\/www.paparazzinews.com.br\/index.php?rest_route=\/wp\/v2\/types\/post"}],"author":[{"embeddable":true,"href":"https:\/\/www.paparazzinews.com.br\/index.php?rest_route=\/wp\/v2\/users\/1"}],"replies":[{"embeddable":true,"href":"https:\/\/www.paparazzinews.com.br\/index.php?rest_route=%2Fwp%2Fv2%2Fcomments&post=4569"}],"version-history":[{"count":1,"href":"https:\/\/www.paparazzinews.com.br\/index.php?rest_route=\/wp\/v2\/posts\/4569\/revisions"}],"predecessor-version":[{"id":4571,"href":"https:\/\/www.paparazzinews.com.br\/index.php?rest_route=\/wp\/v2\/posts\/4569\/revisions\/4571"}],"wp:featuredmedia":[{"embeddable":true,"href":"https:\/\/www.paparazzinews.com.br\/index.php?rest_route=\/wp\/v2\/media\/4570"}],"wp:attachment":[{"href":"https:\/\/www.paparazzinews.com.br\/index.php?rest_route=%2Fwp%2Fv2%2Fmedia&parent=4569"}],"wp:term":[{"taxonomy":"category","embeddable":true,"href":"https:\/\/www.paparazzinews.com.br\/index.php?rest_route=%2Fwp%2Fv2%2Fcategories&post=4569"},{"taxonomy":"post_tag","embeddable":true,"href":"https:\/\/www.paparazzinews.com.br\/index.php?rest_route=%2Fwp%2Fv2%2Ftags&post=4569"}],"curies":[{"name":"wp","href":"https:\/\/api.w.org\/{rel}","templated":true}]}}