{"id":4566,"date":"2023-08-01T09:21:22","date_gmt":"2023-08-01T12:21:22","guid":{"rendered":"https:\/\/www.paparazzinews.com.br\/?p=4566"},"modified":"2023-08-01T09:21:23","modified_gmt":"2023-08-01T12:21:23","slug":"reeducandos-reformam-poltronas-e-cadeiras-para-santa-casa","status":"publish","type":"post","link":"https:\/\/www.paparazzinews.com.br\/?p=4566","title":{"rendered":"Reeducandos reformam poltronas e cadeiras para Santa Casa"},"content":{"rendered":"\n<p id=\"not_1\">O trabalho volunt\u00e1rio de reeducandos que est\u00e3o no regime semiaberto da Penitenci\u00e1ria de Osvaldo Cruz beneficiou a Santa Casa de Miseric\u00f3rdia do munic\u00edpio. A parceria, firmada em junho deste ano, possibilitou a reforma de 19 poltronas de uso cl\u00ednico e 10 cadeiras de \u00e1rea que estavam danificadas.<\/p>\n\n\n\n<p id=\"not_1\">De acordo com o diretor geral do pres\u00eddio, Roberto Turri, os reeducandos restauraram os m\u00f3veis de forma espont\u00e2nea e colaborativa. Para isso, o hospital adquiriu os materiais necess\u00e1rios.<\/p>\n\n\n\n<p id=\"not_1\">\u201cA atividade, al\u00e9m de possibilitar ocupa\u00e7\u00e3o laborter\u00e1pica aos encarcerados, contribui com a popula\u00e7\u00e3o de uma forma geral, pois o hospital ganha m\u00f3veis reformados, que agora podem atender adequadamente os usu\u00e1rios e pacientes daquela entidade\u201d, destaca Turri.<\/p>\n\n\n\n<p id=\"not_1\">Turri afirma que, al\u00e9m da parceria com o hospital, outras atividades foram prestadas \u00e0 comunidade, como a doa\u00e7\u00e3o de mudas de plantas para reflorestamento. \u201cJ\u00e1 foram abastecidos munic\u00edpios diversos, al\u00e9m de Osvaldo Cruz, como Sagres e Tup\u00e3\u201d, completa.<\/p>\n\n\n\n<p id=\"not_1\">A administradora da Santa Casa, Silvana Satie Kaneshiro, conta que convidou o diretor da Penitenci\u00e1ria para conhecer a unidade de sa\u00fade. \u201cEle testemunhou a nossa luta e se prontificou a ajudar. Era somente para arrumar as nossas cadeiras de \u00e1rea de cord\u00e3o de pl\u00e1stico, mas atrav\u00e9s de um dos Policiais Penais, Paulo Porto, foi poss\u00edvel recuperar tamb\u00e9m as poltronas hospitalares, que faltavam bra\u00e7os e j\u00e1 n\u00e3o inclinavam mais\u201d, explica.<\/p>\n\n\n\n<p id=\"not_1\">\u201cOs m\u00f3veis voltaram funcionando perfeitamente. At\u00e9 nova pintura foi feita. Essa poltrona hospitalar tem custo elevado, inviabilizando sua reposi\u00e7\u00e3o. Com a parceria, somente encaminhamos o material e o resto foi totalmente gratuito. Hoje os acompanhantes dos pacientes usufruem de maior conforto nos quartos atendidos pelo Sistema \u00danico de Sa\u00fade (SUS) \u201d, enfatiza.<\/p>\n\n\n\n<p id=\"not_1\">\u201cQuero parabenizar a Secretaria da Administra\u00e7\u00e3o Penitenci\u00e1ria, pois como entidade filantr\u00f3pica, n\u00e3o dispomos de recursos suficientes para a manuten\u00e7\u00e3o de um equipamento t\u00e3o importante para a popula\u00e7\u00e3o\u201d, finaliza.<\/p>\n\n\n\n<p id=\"not_1\">Os reeducandos foram beneficiados com remi\u00e7\u00e3o de pena pelos dias trabalhados, como prev\u00ea a Lei de Execu\u00e7\u00e3o Penal (LEP).<\/p>\n\n\n\n<p><em><strong>Participe da comunidade do Canal Roni Paparazzi no Whatsapp e receba as principais not\u00edcias do dia direto no seu celular<\/strong>.\u00a0<a rel=\"noreferrer noopener\" href=\"https:\/\/chat.whatsapp.com\/GsG1XKo0jPOEfjzudWQcml\" target=\"_blank\">\u00a0Clique aqui e se inscreva.<\/a><\/em><\/p>\n","protected":false},"excerpt":{"rendered":"<p>O trabalho volunt\u00e1rio de reeducandos que est\u00e3o no regime semiaberto da Penitenci\u00e1ria de Osvaldo Cruz beneficiou a Santa Casa de Miseric\u00f3rdia do munic\u00edpio. A parceria, firmada em junho deste ano, possibilitou a reforma de 19 poltronas de uso cl\u00ednico e 10 cadeiras de \u00e1rea que estavam danificadas. De acordo com o diretor geral do pres\u00eddio, &hellip;<\/p>\n","protected":false},"author":1,"featured_media":4567,"comment_status":"open","ping_status":"open","sticky":false,"template":"","format":"standard","meta":{"_jetpack_memberships_contains_paid_content":false,"footnotes":"","jetpack_publicize_message":"","jetpack_publicize_feature_enabled":true,"jetpack_social_post_already_shared":false,"jetpack_social_options":{"image_generator_settings":{"template":"highway","default_image_id":0,"enabled":false},"version":2}},"categories":[3],"tags":[],"class_list":["post-4566","post","type-post","status-publish","format-standard","has-post-thumbnail","hentry","category-policial"],"jetpack_publicize_connections":[],"jetpack_featured_media_url":"https:\/\/i0.wp.com\/www.paparazzinews.com.br\/wp-content\/uploads\/2023\/08\/img_int_not639-.jpg?fit=724%2C543&ssl=1","views":"1191","jetpack_likes_enabled":true,"jetpack_sharing_enabled":true,"_links":{"self":[{"href":"https:\/\/www.paparazzinews.com.br\/index.php?rest_route=\/wp\/v2\/posts\/4566","targetHints":{"allow":["GET"]}}],"collection":[{"href":"https:\/\/www.paparazzinews.com.br\/index.php?rest_route=\/wp\/v2\/posts"}],"about":[{"href":"https:\/\/www.paparazzinews.com.br\/index.php?rest_route=\/wp\/v2\/types\/post"}],"author":[{"embeddable":true,"href":"https:\/\/www.paparazzinews.com.br\/index.php?rest_route=\/wp\/v2\/users\/1"}],"replies":[{"embeddable":true,"href":"https:\/\/www.paparazzinews.com.br\/index.php?rest_route=%2Fwp%2Fv2%2Fcomments&post=4566"}],"version-history":[{"count":1,"href":"https:\/\/www.paparazzinews.com.br\/index.php?rest_route=\/wp\/v2\/posts\/4566\/revisions"}],"predecessor-version":[{"id":4568,"href":"https:\/\/www.paparazzinews.com.br\/index.php?rest_route=\/wp\/v2\/posts\/4566\/revisions\/4568"}],"wp:featuredmedia":[{"embeddable":true,"href":"https:\/\/www.paparazzinews.com.br\/index.php?rest_route=\/wp\/v2\/media\/4567"}],"wp:attachment":[{"href":"https:\/\/www.paparazzinews.com.br\/index.php?rest_route=%2Fwp%2Fv2%2Fmedia&parent=4566"}],"wp:term":[{"taxonomy":"category","embeddable":true,"href":"https:\/\/www.paparazzinews.com.br\/index.php?rest_route=%2Fwp%2Fv2%2Fcategories&post=4566"},{"taxonomy":"post_tag","embeddable":true,"href":"https:\/\/www.paparazzinews.com.br\/index.php?rest_route=%2Fwp%2Fv2%2Ftags&post=4566"}],"curies":[{"name":"wp","href":"https:\/\/api.w.org\/{rel}","templated":true}]}}