{"id":4563,"date":"2023-08-01T09:19:33","date_gmt":"2023-08-01T12:19:33","guid":{"rendered":"https:\/\/www.paparazzinews.com.br\/?p=4563"},"modified":"2023-08-01T09:19:34","modified_gmt":"2023-08-01T12:19:34","slug":"14-reeducandas-concluem-curso-de-limpeza-de-pele","status":"publish","type":"post","link":"https:\/\/www.paparazzinews.com.br\/?p=4563","title":{"rendered":"14 Reeducandas concluem curso de limpeza de pele"},"content":{"rendered":"\n<p id=\"not_1\">A primeira turma do curso profissionalizante de limpeza de pele foi conclu\u00edda com sucesso no Centro de Ressocializa\u00e7\u00e3o Feminino (CRF) de S\u00e3o Jos\u00e9 do Rio Preto. Quatorze reeducandas que participaram do projeto contam, agora, com novos conhecimentos que fortalecem seu preparo para futura reinser\u00e7\u00e3o ao mercado de trabalho.<\/p>\n\n\n\n<p id=\"not_1\">A iniciativa \u00e9 resultado do Acordo de Coopera\u00e7\u00e3o T\u00e9cnica celebrado entre a Igreja Universal do Reino de Deus e a Coordenadoria de Reintegra\u00e7\u00e3o Social e Cidadania, da Secretaria da Administra\u00e7\u00e3o Penitenci\u00e1ria. O CRF \u00e9 pioneiro na execu\u00e7\u00e3o do programa entre as 45 unidades prisionais compreendidas pela Coordenadoria de Unidades Prisionais da Regi\u00e3o Oeste (Croeste).<\/p>\n\n\n\n<p id=\"not_1\">Segundo Lilian Hon\u00f3rio Camargo de Oliveira, a diretora unidade, as aulas ocorreram de 11 de abril at\u00e9 5 de junho deste ano. A formatura foi realizada em 28 de junho, com cerim\u00f4nia de entrega de certificados \u00e0s estudantes. \u201c\u00c9 uma imensa satisfa\u00e7\u00e3o observarmos os resultados positivos dos esfor\u00e7os empregados pelas partes envolvidas neste programa\u201d, comenta a gestora do CR.<\/p>\n\n\n\n<p id=\"not_1\">\u201cTodas as reeducandas foram homenageadas pela dedica\u00e7\u00e3o e comprometimento durante o curso. As alunas tamb\u00e9m manifestaram gratid\u00e3o \u00e0 professora e \u00e0s pessoas empenhadas no projeto\u201d, completa Lilian.<\/p>\n\n\n\n<p id=\"not_1\">&#8220;N\u00f3s cremos na ressocializa\u00e7\u00e3o. E para ressocializar s\u00f3 tem uma maneira, temos que dar oportunidades e esse curso vem justamente para isso, para oferecer a essas mulheres, mais uma ferramenta para sa\u00edrem da situa\u00e7\u00e3o que as colocou ali\u201d, diz Alex Bonfim, pastor respons\u00e1vel pelo grupo Universal nos Pres\u00eddios. \u201cElas (reeducandas) aprendem uma profiss\u00e3o e quando saem, t\u00eam op\u00e7\u00e3o de ganhar seu dinheiro de uma forma honesta, sustentar sua fam\u00edlia e a sua casa. Gostaria de agradecer \u00e0 diretoria e servidores que abriram as portas para que isso fosse poss\u00edvel&#8221;, observa o pastor.<\/p>\n\n\n\n<p id=\"not_1\">&#8220;O curso foi ministrado de forma volunt\u00e1ria com objetivo de ressocializa\u00e7\u00e3o dessas mulheres, tanto profissional, quanto social, dando-lhes a oportunidade de escreverem uma nova hist\u00f3ria em suas vidas&#8221;, afirmou Patr\u00edcia Giovinazzo, fisioterapeuta e biom\u00e9dica especializada em dermatologia e respons\u00e1vel pelo curso na unidade.<\/p>\n\n\n\n<p>Perspectiva<\/p>\n\n\n\n<p id=\"not_1\">Duas alunas falaram sobre suas experi\u00eancias ao longo do curso. Elas tiveram suas identidades preservadas com nomes fict\u00edcios.<\/p>\n\n\n\n<p id=\"not_1\">&#8220;O curso deu oportunidade para eu me profissionalizar e apreender a cuidar da pr\u00f3pria pele. Quando eu sair de liberdade vou abrir meu pr\u00f3prio neg\u00f3cio e ensinar a fam\u00edlia&#8221;, disse a reeducanda \u201cMaria\u201d.<\/p>\n\n\n\n<p id=\"not_1\">&#8220;Foi excelente. Vou levar esse conhecimento para a vida inteira. Essa foi uma oportunidade que na rua n\u00e3o tive. Quando for para casa pretendo colocar em pr\u00e1tica o que eu aprendi&#8221;, comentou \u201cAna\u201d.<\/p>\n\n\n\n<p>O programa<\/p>\n\n\n\n<p id=\"not_1\">O plano de trabalho tem por escopo a capacita\u00e7\u00e3o e qualifica\u00e7\u00e3o profissional de pessoas privadas de liberdade, egressas do sistema prisional, cumpridoras de penas restritivas de direitos e de medidas cautelares, pacientes dos Hospitais de Cust\u00f3dia e Tratamento Psiqui\u00e1trico, e seus familiares, em situa\u00e7\u00e3o de vulnerabilidade social, bem como aux\u00edlio na presta\u00e7\u00e3o de assist\u00eancia material, \u00e0 sa\u00fade, jur\u00eddica, educacional e social no sistema prisional paulista.<\/p>\n\n\n\n<p><em><strong>Participe da comunidade do Canal Roni Paparazzi no Whatsapp e receba as principais not\u00edcias do dia direto no seu celular<\/strong>.\u00a0<a rel=\"noreferrer noopener\" href=\"https:\/\/chat.whatsapp.com\/GsG1XKo0jPOEfjzudWQcml\" target=\"_blank\">\u00a0Clique aqui e se inscreva.<\/a><\/em><\/p>\n","protected":false},"excerpt":{"rendered":"<p>A primeira turma do curso profissionalizante de limpeza de pele foi conclu\u00edda com sucesso no Centro de Ressocializa\u00e7\u00e3o Feminino (CRF) de S\u00e3o Jos\u00e9 do Rio Preto. Quatorze reeducandas que participaram do projeto contam, agora, com novos conhecimentos que fortalecem seu preparo para futura reinser\u00e7\u00e3o ao mercado de trabalho. A iniciativa \u00e9 resultado do Acordo de &hellip;<\/p>\n","protected":false},"author":1,"featured_media":4564,"comment_status":"open","ping_status":"open","sticky":false,"template":"","format":"standard","meta":{"_jetpack_memberships_contains_paid_content":false,"footnotes":"","jetpack_publicize_message":"","jetpack_publicize_feature_enabled":true,"jetpack_social_post_already_shared":false,"jetpack_social_options":{"image_generator_settings":{"template":"highway","default_image_id":0,"enabled":false},"version":2}},"categories":[3],"tags":[],"class_list":["post-4563","post","type-post","status-publish","format-standard","has-post-thumbnail","hentry","category-policial"],"jetpack_publicize_connections":[],"jetpack_featured_media_url":"https:\/\/i0.wp.com\/www.paparazzinews.com.br\/wp-content\/uploads\/2023\/08\/img_int_not638.jpg?fit=724%2C407&ssl=1","views":"1269","jetpack_likes_enabled":true,"jetpack_sharing_enabled":true,"_links":{"self":[{"href":"https:\/\/www.paparazzinews.com.br\/index.php?rest_route=\/wp\/v2\/posts\/4563","targetHints":{"allow":["GET"]}}],"collection":[{"href":"https:\/\/www.paparazzinews.com.br\/index.php?rest_route=\/wp\/v2\/posts"}],"about":[{"href":"https:\/\/www.paparazzinews.com.br\/index.php?rest_route=\/wp\/v2\/types\/post"}],"author":[{"embeddable":true,"href":"https:\/\/www.paparazzinews.com.br\/index.php?rest_route=\/wp\/v2\/users\/1"}],"replies":[{"embeddable":true,"href":"https:\/\/www.paparazzinews.com.br\/index.php?rest_route=%2Fwp%2Fv2%2Fcomments&post=4563"}],"version-history":[{"count":1,"href":"https:\/\/www.paparazzinews.com.br\/index.php?rest_route=\/wp\/v2\/posts\/4563\/revisions"}],"predecessor-version":[{"id":4565,"href":"https:\/\/www.paparazzinews.com.br\/index.php?rest_route=\/wp\/v2\/posts\/4563\/revisions\/4565"}],"wp:featuredmedia":[{"embeddable":true,"href":"https:\/\/www.paparazzinews.com.br\/index.php?rest_route=\/wp\/v2\/media\/4564"}],"wp:attachment":[{"href":"https:\/\/www.paparazzinews.com.br\/index.php?rest_route=%2Fwp%2Fv2%2Fmedia&parent=4563"}],"wp:term":[{"taxonomy":"category","embeddable":true,"href":"https:\/\/www.paparazzinews.com.br\/index.php?rest_route=%2Fwp%2Fv2%2Fcategories&post=4563"},{"taxonomy":"post_tag","embeddable":true,"href":"https:\/\/www.paparazzinews.com.br\/index.php?rest_route=%2Fwp%2Fv2%2Ftags&post=4563"}],"curies":[{"name":"wp","href":"https:\/\/api.w.org\/{rel}","templated":true}]}}