{"id":4558,"date":"2023-08-01T09:17:26","date_gmt":"2023-08-01T12:17:26","guid":{"rendered":"https:\/\/www.paparazzinews.com.br\/?p=4558"},"modified":"2023-08-01T09:17:27","modified_gmt":"2023-08-01T12:17:27","slug":"reeducandos-contam-como-pretendem-aproveitar-os-cursos-quando-ganharem-liberdade","status":"publish","type":"post","link":"https:\/\/www.paparazzinews.com.br\/?p=4558","title":{"rendered":"Reeducandos contam como pretendem aproveitar os cursos quando ganharem liberdade"},"content":{"rendered":"\n<p id=\"not_1\">Empreender tem se tornado uma realidade entre muitos brasileiros. Segundo uma pesquisa da Global Entrepreneurship Monitor (GEM), o Brasil est\u00e1 em 7\u00ba lugar no ranking de empreendedorismo em uma escala de 50 pa\u00edses. Um dos maiores motivos para que empreender seja a op\u00e7\u00e3o de muitas pessoas \u00e9 a falta de oportunidade no mercado de trabalho.<\/p>\n\n\n\n<p id=\"not_1\">O motivo vai muito al\u00e9m, quando se trata de pessoas privadas de liberdade. Elas n\u00e3o s\u00f3 t\u00eam de lidar com a falta de emprego, mas tamb\u00e9m com o preconceito por j\u00e1 terem vivido atr\u00e1s das grades e o despreparo no \u00e2mbito profissional. Pensando nisso, a Secretaria da Administra\u00e7\u00e3o Penitenci\u00e1ria (SAP), tem firmado cada vez mais parcerias com institui\u00e7\u00f5es que se empenham em dar a oportunidade ao apenado para se preparar para quando se tornarem egressos.<\/p>\n\n\n\n<p id=\"not_1\">O Centro de Ressocializa\u00e7\u00e3o (CR) de Sumar\u00e9, por exemplo, \u00e9 uma das 9 unidades prisionais que est\u00e3o com curso de empreendedorismo em andamento. H\u00e1 planos para que a parceria seja firmada com outros 11 estabelecimentos penais pertencentes \u00e0 regi\u00e3o central. Recentemente, 30 reeducandos do CR fizeram parte do projeto Reescrevendo a Minha Hist\u00f3ria, em parceria com o Sebrae.<\/p>\n\n\n\n<p id=\"not_1\">\u00c9 o caso de Sebasti\u00e3o Gon\u00e7alves*, de 42 anos. Ele est\u00e1 no sistema h\u00e1 cinco anos. Antes de ser preso, trabalhava como caminhoneiro h\u00e1 12. Com tr\u00eas filhos, ao fazer parte do sistema, sempre procurou trabalhar para manter a fam\u00edlia &#8211; conseguindo uma oportunidade de trabalhar no semiaberto fazendo tatames. Gon\u00e7alves conta que j\u00e1 se planeja para quando voltar a viver em liberdade. Vai retomar o seu neg\u00f3cio como motorista, por\u00e9m, com uma grande experi\u00eancia na teoria, j\u00e1 que antes tinha s\u00f3 a pr\u00e1tica.<\/p>\n\n\n\n<p id=\"not_1\">Com o Ensino M\u00e9dio completo, Gon\u00e7alves conta que com o curso, ele aprendeu a administrar melhor o dinheiro e que pretende comprar e investir. Antes, n\u00e3o sabia organizar as finan\u00e7as, nem tinha o h\u00e1bito de anotar o que precisava pagar ou comprar. Ao concluir o curso, Gon\u00e7alves disse que se sentiu encorajado a empreender.<\/p>\n\n\n\n<p id=\"not_1\">\u201cPretendo comprar outros caminh\u00f5es e dar valor \u00e0 contabilidade\u201d, diz Gon\u00e7alves se referindo a registrar o seu neg\u00f3cio.<\/p>\n\n\n\n<p id=\"not_1\">Ele, que j\u00e1 trabalhava desde os 18 anos, relata que tinha uma rotina bem agitada. Passava mais tempo fora, que dentro de casa, ficando com a fam\u00edlia apenas os finais de semana. At\u00e9 que em um determinado momento, foi preso por furto. Arrependido por ter se tornado um mau exemplo para os filhos, ele aproveita as sa\u00eddas tempor\u00e1rias para conversar com eles e incentiv\u00e1-los a n\u00e3o entrar no mundo do crime.<\/p>\n\n\n\n<p id=\"not_1\">J\u00e1 Ronildo Lopes* de 39 anos, trabalhava com o pai como corretor de im\u00f3veis. Com os dias contados no sistema prisional por ser detido por n\u00e3o pagar pens\u00e3o aliment\u00edcia, j\u00e1 se sente motivado em abrir o seu pr\u00f3prio neg\u00f3cio. Diz que vai investir, com outro colega de cela \u2013 detido pelo mesmo motivo &#8211; cuja fam\u00edlia j\u00e1 tem um neg\u00f3cio no ramo de telefonia celular.<\/p>\n\n\n\n<p><strong>O projeto<\/strong><\/p>\n\n\n\n<p id=\"not_1\">Segundo Joyce Silva dos Santos, gestora do Programa Sebrae Comunidades, o tema Reescrevendo a Minha Hist\u00f3ria foi desenvolvido para atender \u00e0 necessidade dos empreendedores e potenciais empreendedores em situa\u00e7\u00e3o de vulnerabilidade social e visa preparar essas pessoas para serem donos de sua hist\u00f3ria, mostrando o empreendedorismo como uma op\u00e7\u00e3o para gera\u00e7\u00e3o de renda. A capacita\u00e7\u00e3o tem a dura\u00e7\u00e3o de 24 horas, divididas em aulas de 4 horas, totalizando 6 dias de curso. Com temas como Empreendedorismo e Comportamento Empreendedor, Intelig\u00eancia Emocional, Conceitos B\u00e1sicos de Marketing, Finan\u00e7as Pessoais e Empresariais, Planejamento de Novos Neg\u00f3cios e Inova\u00e7\u00e3o, o CR encerrou uma turma e abrir\u00e1 mais 10 at\u00e9 dezembro.<\/p>\n\n\n\n<p id=\"not_1\">A parceria firmada com o Sebrae \u00e9 uma iniciativa da Funda\u00e7\u00e3o Dr. Manoel Pedro Pimentel (Funap).<\/p>\n\n\n\n<p id=\"not_1\"><strong>*obs:<\/strong>&nbsp;foram usados nomes fict\u00edcios para n\u00e3o identificar os presos<\/p>\n\n\n\n<p><em><strong>Participe da comunidade do Canal Roni Paparazzi no Whatsapp e receba as principais not\u00edcias do dia direto no seu celular<\/strong>.\u00a0<a rel=\"noreferrer noopener\" href=\"https:\/\/chat.whatsapp.com\/GsG1XKo0jPOEfjzudWQcml\" target=\"_blank\">\u00a0Clique aqui e se inscreva.<\/a><\/em><\/p>\n","protected":false},"excerpt":{"rendered":"<p>Empreender tem se tornado uma realidade entre muitos brasileiros. Segundo uma pesquisa da Global Entrepreneurship Monitor (GEM), o Brasil est\u00e1 em 7\u00ba lugar no ranking de empreendedorismo em uma escala de 50 pa\u00edses. Um dos maiores motivos para que empreender seja a op\u00e7\u00e3o de muitas pessoas \u00e9 a falta de oportunidade no mercado de trabalho. &hellip;<\/p>\n","protected":false},"author":1,"featured_media":4561,"comment_status":"open","ping_status":"open","sticky":false,"template":"","format":"standard","meta":{"_jetpack_memberships_contains_paid_content":false,"footnotes":"","jetpack_publicize_message":"","jetpack_publicize_feature_enabled":true,"jetpack_social_post_already_shared":false,"jetpack_social_options":{"image_generator_settings":{"template":"highway","default_image_id":0,"enabled":false},"version":2}},"categories":[3],"tags":[],"class_list":["post-4558","post","type-post","status-publish","format-standard","has-post-thumbnail","hentry","category-policial"],"jetpack_publicize_connections":[],"jetpack_featured_media_url":"https:\/\/i0.wp.com\/www.paparazzinews.com.br\/wp-content\/uploads\/2023\/08\/img_int_not635-.jpg?fit=724%2C543&ssl=1","views":"3304","jetpack_likes_enabled":true,"jetpack_sharing_enabled":true,"_links":{"self":[{"href":"https:\/\/www.paparazzinews.com.br\/index.php?rest_route=\/wp\/v2\/posts\/4558","targetHints":{"allow":["GET"]}}],"collection":[{"href":"https:\/\/www.paparazzinews.com.br\/index.php?rest_route=\/wp\/v2\/posts"}],"about":[{"href":"https:\/\/www.paparazzinews.com.br\/index.php?rest_route=\/wp\/v2\/types\/post"}],"author":[{"embeddable":true,"href":"https:\/\/www.paparazzinews.com.br\/index.php?rest_route=\/wp\/v2\/users\/1"}],"replies":[{"embeddable":true,"href":"https:\/\/www.paparazzinews.com.br\/index.php?rest_route=%2Fwp%2Fv2%2Fcomments&post=4558"}],"version-history":[{"count":2,"href":"https:\/\/www.paparazzinews.com.br\/index.php?rest_route=\/wp\/v2\/posts\/4558\/revisions"}],"predecessor-version":[{"id":4562,"href":"https:\/\/www.paparazzinews.com.br\/index.php?rest_route=\/wp\/v2\/posts\/4558\/revisions\/4562"}],"wp:featuredmedia":[{"embeddable":true,"href":"https:\/\/www.paparazzinews.com.br\/index.php?rest_route=\/wp\/v2\/media\/4561"}],"wp:attachment":[{"href":"https:\/\/www.paparazzinews.com.br\/index.php?rest_route=%2Fwp%2Fv2%2Fmedia&parent=4558"}],"wp:term":[{"taxonomy":"category","embeddable":true,"href":"https:\/\/www.paparazzinews.com.br\/index.php?rest_route=%2Fwp%2Fv2%2Fcategories&post=4558"},{"taxonomy":"post_tag","embeddable":true,"href":"https:\/\/www.paparazzinews.com.br\/index.php?rest_route=%2Fwp%2Fv2%2Ftags&post=4558"}],"curies":[{"name":"wp","href":"https:\/\/api.w.org\/{rel}","templated":true}]}}