{"id":4546,"date":"2023-07-31T15:29:17","date_gmt":"2023-07-31T18:29:17","guid":{"rendered":"https:\/\/www.paparazzinews.com.br\/?p=4546"},"modified":"2023-07-31T15:29:18","modified_gmt":"2023-07-31T18:29:18","slug":"facada-por-r-2-em-andradina-juri-entende-que-reu-nao-teve-intencao-de-matar","status":"publish","type":"post","link":"https:\/\/www.paparazzinews.com.br\/?p=4546","title":{"rendered":"Facada por R$ 2 em Andradina: j\u00fari entende que r\u00e9u n\u00e3o teve inten\u00e7\u00e3o de matar"},"content":{"rendered":"\n<p>O Tribunal do J\u00fari de Andradina, em julgamento na \u00faltima quarta-feira (26), entendeu que Edson de Jesus Freitas, 50 anos, esfaqueou Elias Rodrigo de Oliveira, de 39 anos, por causa de R$ 2, n\u00e3o com a inten\u00e7\u00e3o de mat\u00e1-lo.<\/p>\n\n\n\n<p>Por isso, o r\u00e9u, em vez de ser responder pelo crime de tentativa de homic\u00eddio, foi julgado por les\u00e3o corporal, recebendo a pena de 1 ano de reclus\u00e3o, em regime aberto.<\/p>\n\n\n\n<p>Como Freitas respondeu ao crime em pris\u00e3o preventiva entre <em>11\/09\/2021 a 26\/07\/2023, totalizando, aproximadamente, 1 ano e 10 meses, tempo maior que pena aplicada,<\/em> o juiz presidente do Tribunal do J\u00fari determinou a soltura, conforme a lei.<\/p>\n\n\n\n<p><strong>O CASO<\/strong><\/p>\n\n\n\n<p>Segundo a den\u00fancia da Promotoria, no dia 11 de setembro de 2021, a v\u00edtima estava em frente a um hotel no Centro de Andradina, onde se encontrava hospedada quando Edson, que tamb\u00e9m se encontrava hospedado no mesmo hotel, lhe pediu R$10,00 emprestados, tendo a v\u00edtima lhe entregado tal quantia.<\/p>\n\n\n\n<p>Aproximadamente meia hora depois, o denunciado Edson novamente pediu \u00e0 v\u00edtima mais R$10,00 emprestados, oportunidade em que a v\u00edtima disse que possu\u00eda apenas R$ 8,00. Assim, o acusado mandou a v\u00edtima \u201ctomar no c\u00fa\u201d, tendo ela retrucado a ofensa.<\/p>\n\n\n\n<p>Inconformado, o r\u00e9u ingressou no hotel, se apossou de uma faca e trazendo-a escondida com as m\u00e3os para tr\u00e1s, chamou a v\u00edtima na cal\u00e7ada, defronte ao estabelecimento, dissimulando a sua verdadeira inten\u00e7\u00e3o que era matar Elias. Quando a v\u00edtima se aproximou do acusado, este, sem nada dizer, desferiu um golpe na barriga da v\u00edtima.<\/p>\n\n\n\n<p>Ato cont\u00ednuo, a v\u00edtima conseguiu correr em dire\u00e7\u00e3o a um motot\u00e1xi localizado nas proximidades e passou a gritar por socorro, sendo a ambul\u00e2ncia acionada, que o levou ao hospital, onde passou por cirurgia que o salvou.<\/p>\n\n\n\n<p>Edson fugiu do local, escondendo-se em um terreno baldio, onde foi encontrado por Policiais Militares que realizaram a abordagem do denunciado e encontraram a faca utilizada no crime, a qual estava fincada na terra do terreno onde o denunciado estava. Indagado sobre os fatos, o acusado confessou ter esfaqueado a v\u00edtima.&nbsp;&nbsp;&nbsp;&nbsp;&nbsp;&nbsp;&nbsp;&nbsp;&nbsp;&nbsp;&nbsp;<\/p>\n\n\n\n<p><em><strong>Participe da comunidade do Canal Roni Paparazzi no Whatsapp e receba as principais not\u00edcias do dia direto no seu celular<\/strong>.\u00a0<a rel=\"noreferrer noopener\" href=\"https:\/\/chat.whatsapp.com\/GsG1XKo0jPOEfjzudWQcml\" target=\"_blank\">\u00a0Clique aqui e se inscreva.<\/a><\/em><\/p>\n","protected":false},"excerpt":{"rendered":"<p>O Tribunal do J\u00fari de Andradina, em julgamento na \u00faltima quarta-feira (26), entendeu que Edson de Jesus Freitas, 50 anos, esfaqueou Elias Rodrigo de Oliveira, de 39 anos, por causa de R$ 2, n\u00e3o com a inten\u00e7\u00e3o de mat\u00e1-lo. Por isso, o r\u00e9u, em vez de ser responder pelo crime de tentativa de homic\u00eddio, foi &hellip;<\/p>\n","protected":false},"author":1,"featured_media":4067,"comment_status":"open","ping_status":"open","sticky":false,"template":"","format":"standard","meta":{"_jetpack_memberships_contains_paid_content":false,"footnotes":"","jetpack_publicize_message":"","jetpack_publicize_feature_enabled":true,"jetpack_social_post_already_shared":false,"jetpack_social_options":{"image_generator_settings":{"template":"highway","default_image_id":0,"enabled":false},"version":2}},"categories":[3],"tags":[],"class_list":["post-4546","post","type-post","status-publish","format-standard","has-post-thumbnail","hentry","category-policial"],"jetpack_publicize_connections":[],"jetpack_featured_media_url":"https:\/\/i0.wp.com\/www.paparazzinews.com.br\/wp-content\/uploads\/2023\/07\/IMG_2573-scaled-e1688764521520.jpg?fit=1000%2C667&ssl=1","views":"4162","jetpack_likes_enabled":true,"jetpack_sharing_enabled":true,"_links":{"self":[{"href":"https:\/\/www.paparazzinews.com.br\/index.php?rest_route=\/wp\/v2\/posts\/4546","targetHints":{"allow":["GET"]}}],"collection":[{"href":"https:\/\/www.paparazzinews.com.br\/index.php?rest_route=\/wp\/v2\/posts"}],"about":[{"href":"https:\/\/www.paparazzinews.com.br\/index.php?rest_route=\/wp\/v2\/types\/post"}],"author":[{"embeddable":true,"href":"https:\/\/www.paparazzinews.com.br\/index.php?rest_route=\/wp\/v2\/users\/1"}],"replies":[{"embeddable":true,"href":"https:\/\/www.paparazzinews.com.br\/index.php?rest_route=%2Fwp%2Fv2%2Fcomments&post=4546"}],"version-history":[{"count":1,"href":"https:\/\/www.paparazzinews.com.br\/index.php?rest_route=\/wp\/v2\/posts\/4546\/revisions"}],"predecessor-version":[{"id":4547,"href":"https:\/\/www.paparazzinews.com.br\/index.php?rest_route=\/wp\/v2\/posts\/4546\/revisions\/4547"}],"wp:featuredmedia":[{"embeddable":true,"href":"https:\/\/www.paparazzinews.com.br\/index.php?rest_route=\/wp\/v2\/media\/4067"}],"wp:attachment":[{"href":"https:\/\/www.paparazzinews.com.br\/index.php?rest_route=%2Fwp%2Fv2%2Fmedia&parent=4546"}],"wp:term":[{"taxonomy":"category","embeddable":true,"href":"https:\/\/www.paparazzinews.com.br\/index.php?rest_route=%2Fwp%2Fv2%2Fcategories&post=4546"},{"taxonomy":"post_tag","embeddable":true,"href":"https:\/\/www.paparazzinews.com.br\/index.php?rest_route=%2Fwp%2Fv2%2Ftags&post=4546"}],"curies":[{"name":"wp","href":"https:\/\/api.w.org\/{rel}","templated":true}]}}