{"id":4488,"date":"2023-07-28T16:14:17","date_gmt":"2023-07-28T19:14:17","guid":{"rendered":"https:\/\/www.paparazzinews.com.br\/?p=4488"},"modified":"2023-07-28T16:14:17","modified_gmt":"2023-07-28T19:14:17","slug":"dia-internacional-da-mulher-negra-em-andradina","status":"publish","type":"post","link":"https:\/\/www.paparazzinews.com.br\/?p=4488","title":{"rendered":"Dia Internacional da Mulher Negra em Andradina"},"content":{"rendered":"\n<p>O Movimento Negro Empodera realizou na noite da \u00faltima quarta-feira (26), uma roda de conversa que atraiu grande p\u00fablico para o anfiteatro do Centro Cultural Pioneiros de Andradina. O evento foi realizado em comemora\u00e7\u00e3o ao Dia Internacional da Mulher Negra, Latino-americana e Caribenha e Nacional, em homenagem a Tereza Benguela.<br>\u00a0<br>Os temas debatidos foram, feminic\u00eddio, viol\u00eancia, preconceito, resgate da autoestima, acompanhamento psicol\u00f3gico e tamb\u00e9m como empoderar e preparar crian\u00e7a e adolescentes para o enfrentamento contra o Racismo e toda forma de preconceito com a popula\u00e7\u00e3o negra. O evento reuniu autoridades e membros do Movimento entre eles a psicopedagoga da cidade de Castilho, Rosangela Maria Silva, a assistente social e terapeuta de Sa\u00fade Integrativa, Maria Luiza Rodrigues da Silva, a enfermeira p\u00f3s -graduada em Sa\u00fade Mental, Maria Jos\u00e9 dos Santos (ZEZ\u00c9) ), da cidade de Nova Independ\u00eancia, a s\u00f3cia e propriet\u00e1ria da loja\u00a0 Dourado Piscinas, Maris\u00a0 Luiza Dourado , a professora e artista, Marinalva Pereira e a jornalista, Andr\u00e9ia Silva entre outros.<br>\u00a0<br>Apresenta\u00e7\u00f5es culturais encantaram a todos como a dan\u00e7a africana, palestras interativas e v\u00eddeos que destacaram a import\u00e2ncia dos atos, a\u00e7\u00f5es e pol\u00edticas p\u00fablicas voltadas especificamente para as mulheres, jovens e at\u00e9 crian\u00e7as que sofrem diariamente todo tipo de preconceito, como explicou a Coordenadora Regional do Movimento Negro.<br>\u00a0<br>&#8220;Conscientiza\u00e7\u00e3o, empoderamento, reconhecimento s\u00e3o alguns dos assuntos que n\u00e3o podemos deixar de falar todos os dias, mais que isso, vivenciamos. Nossa inten\u00e7\u00e3o \u00e9 resgatar e levantar cada vez mais mulheres, pessoas pretas, para que se encontrem e principalmente tenham for\u00e7as para enfrentar a sociedade preconceituosa com a certeza que n\u00e3o est\u00e3o sozinhos&#8221;, comentou Ros\u00e2ngela.<br>\u00a0<br>O Movimento Empodera recebeu elogios do secret\u00e1rio de Cultura, Jonilcio Avelino da Silva, o Professor Careca e seu subsecret\u00e1rio Artur Almeida. &#8220;Todos est\u00e3o de parab\u00e9ns. Queremos e precisamos de mais eventos como esse e espero contar com todos esses profissionais e seus conhecimentos para o fomento e a implanta\u00e7\u00e3o de novas a\u00e7\u00f5es nesse sentido&#8221;.<br>\u00a0<br>O Movimento Negro Empodera nasceu da determina\u00e7\u00e3o de sua idealizadora Rosangela Maria Silva, da cidade de Castilho, e est\u00e1 reunindo pessoas da regi\u00e3o de Ara\u00e7atuba, do estado da Bahia e at\u00e9 Internacionais da Argentina e Portugal.\u00a0\u00a0 &#8220;O objetivo \u00e9 conscientizar, amar, aproximar essa comunidade negra pujante, cada vez mais capacitada para ocupar seus lugares de destaque na vida&#8221;, disse Ros\u00e2ngela.<br>\u00a0<br>O pr\u00f3ximo evento na agenda do grupo ser\u00e1 no m\u00eas da Consci\u00eancia Negra, em Castilho e Andradina intitulado I AFROCI\u00caNCIA &#8220;Todos est\u00e3o convidados. Sigam nossa p\u00e1gina no Instagram @m_negroempodera\u00a0 para acompanhar nossa agenda e ficar por dentro de todo esse mundo afro&#8221;, finalizou.<\/p>\n\n\n\n<p><em><strong>Participe da comunidade do Canal Roni Paparazzi no Whatsapp e receba as principais not\u00edcias do dia direto no seu celular<\/strong>.\u00a0<a rel=\"noreferrer noopener\" href=\"https:\/\/chat.whatsapp.com\/GsG1XKo0jPOEfjzudWQcml\" target=\"_blank\">\u00a0Clique aqui e se inscreva.<\/a><\/em><\/p>\n","protected":false},"excerpt":{"rendered":"<p>O Movimento Negro Empodera realizou na noite da \u00faltima quarta-feira (26), uma roda de conversa que atraiu grande p\u00fablico para o anfiteatro do Centro Cultural Pioneiros de Andradina. O evento foi realizado em comemora\u00e7\u00e3o ao Dia Internacional da Mulher Negra, Latino-americana e Caribenha e Nacional, em homenagem a Tereza Benguela.\u00a0Os temas debatidos foram, feminic\u00eddio, viol\u00eancia, &hellip;<\/p>\n","protected":false},"author":1,"featured_media":4489,"comment_status":"open","ping_status":"open","sticky":false,"template":"","format":"standard","meta":{"_jetpack_memberships_contains_paid_content":false,"footnotes":"","jetpack_publicize_message":"","jetpack_publicize_feature_enabled":true,"jetpack_social_post_already_shared":false,"jetpack_social_options":{"image_generator_settings":{"template":"highway","default_image_id":0,"enabled":false},"version":2}},"categories":[4],"tags":[],"class_list":["post-4488","post","type-post","status-publish","format-standard","has-post-thumbnail","hentry","category-regiao"],"jetpack_publicize_connections":[],"jetpack_featured_media_url":"https:\/\/i0.wp.com\/www.paparazzinews.com.br\/wp-content\/uploads\/2023\/07\/ae09c9ad06680350c7f823ef738edee5.jpg?fit=800%2C497&ssl=1","views":"2455","jetpack_likes_enabled":true,"jetpack_sharing_enabled":true,"_links":{"self":[{"href":"https:\/\/www.paparazzinews.com.br\/index.php?rest_route=\/wp\/v2\/posts\/4488","targetHints":{"allow":["GET"]}}],"collection":[{"href":"https:\/\/www.paparazzinews.com.br\/index.php?rest_route=\/wp\/v2\/posts"}],"about":[{"href":"https:\/\/www.paparazzinews.com.br\/index.php?rest_route=\/wp\/v2\/types\/post"}],"author":[{"embeddable":true,"href":"https:\/\/www.paparazzinews.com.br\/index.php?rest_route=\/wp\/v2\/users\/1"}],"replies":[{"embeddable":true,"href":"https:\/\/www.paparazzinews.com.br\/index.php?rest_route=%2Fwp%2Fv2%2Fcomments&post=4488"}],"version-history":[{"count":1,"href":"https:\/\/www.paparazzinews.com.br\/index.php?rest_route=\/wp\/v2\/posts\/4488\/revisions"}],"predecessor-version":[{"id":4490,"href":"https:\/\/www.paparazzinews.com.br\/index.php?rest_route=\/wp\/v2\/posts\/4488\/revisions\/4490"}],"wp:featuredmedia":[{"embeddable":true,"href":"https:\/\/www.paparazzinews.com.br\/index.php?rest_route=\/wp\/v2\/media\/4489"}],"wp:attachment":[{"href":"https:\/\/www.paparazzinews.com.br\/index.php?rest_route=%2Fwp%2Fv2%2Fmedia&parent=4488"}],"wp:term":[{"taxonomy":"category","embeddable":true,"href":"https:\/\/www.paparazzinews.com.br\/index.php?rest_route=%2Fwp%2Fv2%2Fcategories&post=4488"},{"taxonomy":"post_tag","embeddable":true,"href":"https:\/\/www.paparazzinews.com.br\/index.php?rest_route=%2Fwp%2Fv2%2Ftags&post=4488"}],"curies":[{"name":"wp","href":"https:\/\/api.w.org\/{rel}","templated":true}]}}