{"id":4484,"date":"2023-07-28T13:29:53","date_gmt":"2023-07-28T16:29:53","guid":{"rendered":"https:\/\/www.paparazzinews.com.br\/?p=4484"},"modified":"2023-07-28T13:29:54","modified_gmt":"2023-07-28T16:29:54","slug":"andradina-vai-inaugurar-centro-de-diagnostico-precoce-do-autista","status":"publish","type":"post","link":"https:\/\/www.paparazzinews.com.br\/?p=4484","title":{"rendered":"Andradina vai inaugurar Centro de diagn\u00f3stico precoce do Autista"},"content":{"rendered":"\n<p>O Governo de Andradina vai inaugurar na pr\u00f3xima segunda-feira (31) o Centro de Refer\u00eancia Municipal para o Transtorno do Espectro Autista. Instalado na Rua Vit\u00f3rio Guaraciaba, 1370, o centro \u00e9 um dos poucos instalado no \u00e2mbito da administra\u00e7\u00e3o municipal no interior de S\u00e3o Paulo.<br><br>O projeto do prefeito de Andradina, M\u00e1rio Celso Lopes, junta for\u00e7as entre as secretarias de Sa\u00fade, da secretaria Maristela Marinho e da Educa\u00e7\u00e3o, da secret\u00e1ria Estela Goda.<br><br>O Centro ter\u00e1 \u00eanfase em diagn\u00f3stico precoce, atendimento multiprofissional e acesso a pol\u00edticas p\u00fablicas de tratamento. A instala\u00e7\u00e3o vem em um momento estrat\u00e9gico j\u00e1 que Andradina ainda n\u00e3o disp\u00f5e do servi\u00e7o de diagn\u00f3stico, tratamento e reabilita\u00e7\u00e3o para pessoas com Transtorno do Espectro Autista dentro do Sistema \u00danico de Sa\u00fade (SUS), pois \u00e9 considerado servi\u00e7o de Alta Complexidade cujo atendimento tem como refer\u00eancia a cidade de Ara\u00e7atuba, a qual regula as vagas para Andradina e demais 40 munic\u00edpios.<br><br>O atendimento, que ainda \u00e9 insuficiente em n\u00famero de vagas, acontece no Hospital Ritinha Prates em Ara\u00e7atuba, distante aproximadamente 120 km de nossa cidade, dificultando muito o acesso para as terapias semanais especialmente de crian\u00e7as com diagnostico de TEA.<br><br>\u201cA demanda de Transtorno do espectro autista est\u00e1 cada vez maior e a oferta de vagas no CER de Ara\u00e7atuba tem sido insuficiente\u201d, disse a secret\u00e1ria de Sa\u00fade Maristela Marinho.<\/p>\n\n\n\n<p>No \u00e2mbito da Secretaria Municipal de Educa\u00e7\u00e3o atua na gest\u00e3o do ensino p\u00fablico da educa\u00e7\u00e3o infantil e ensino fundamental atendendo crian\u00e7as de 0 (zero) a 10 (dez) anos com a inclus\u00e3o de alunos com TEA, com a\u00e7\u00f5es que visam a qualidade das aprendizagens e a valoriza\u00e7\u00e3o e qualifica\u00e7\u00e3o dos docentes, com o objetivo de garantir a igualdade de condi\u00e7\u00f5es.<br><br>Segundo as estat\u00edsticas Andradina poderia ter cerca de 265 crian\u00e7as com TEA, e atualmente menos de 50 recebem atendimento na APAE e AMA (Associa\u00e7\u00e3o de M\u00e3es de Autistas) do munic\u00edpio. No momento, h\u00e1 um n\u00famero de 163 crian\u00e7as com diagn\u00f3stico e\/ou hip\u00f3tese diagn\u00f3stica TEA que n\u00e3o est\u00e3o inseridas em atendimento especializado na rede municipal.<\/p>\n\n\n\n<p>A iniciativa considera a import\u00e2ncia de atendimento precoce, com qualidade, equidade, humanizado, integral e acesso universal. \u201cA necessidade de cria\u00e7\u00e3o e implanta\u00e7\u00e3o do Centro de Refer\u00eancia Municipal para o Transtorno do Espectro Autista \u2013 TEA em Andradina \u00e9 justific\u00e1vel devido \u00e0 alta procura e assim vamos aumentar a oferta de servi\u00e7o especializado\u201d, disse o Prefeito.<br><br><strong>TEA<br><\/strong>O Transtorno do Espectro Autista \u00e9 uma condi\u00e7\u00e3o neuropsiqui\u00e1trica que costuma se manifestar ainda na primeira inf\u00e2ncia (de zero a seis anos) e comprometer o desenvolvimento nas \u00e1reas da linguagem, intera\u00e7\u00e3o social e do comportamento. N\u00e3o h\u00e1 uma causa isolada, podendo resultar da combina\u00e7\u00e3o de fatores gen\u00e9ticos e\/ou ambientais.<\/p>\n\n\n\n<p>A causa do TEA ainda permanece desconhecida, por\u00e9m de acordo com evid\u00eancias cient\u00edficas n\u00e3o h\u00e1 uma causa \u00fanica.<br>At\u00e9 o momento sabe-se que o autismo ocorre devido a fatores gen\u00e9ticos, o que acontece na grande maioria dos casos, e a fatores ambientais.<\/p>\n\n\n\n<p>Hoje sabemos que na verdade existe uma combina\u00e7\u00e3o de fatores gen\u00e9tico e ambientais<br>O grau de gravidade pode variar de pessoa para pessoa, podendo apresentar grau leve, com pouca depend\u00eancia e discreta dificuldade de adapta\u00e7\u00e3o at\u00e9 o grau elevado, com total depend\u00eancia para as atividades de vida di\u00e1rias, ao longo de toda vida.<\/p>\n\n\n\n<p><em><strong>Participe da comunidade do Canal Roni Paparazzi no Whatsapp e receba as principais not\u00edcias do dia direto no seu celular<\/strong>.&nbsp;<a rel=\"noreferrer noopener\" href=\"https:\/\/chat.whatsapp.com\/GsG1XKo0jPOEfjzudWQcml\" target=\"_blank\">&nbsp;Clique aqui e se inscreva.<\/a><\/em><\/p>\n\n\n\n<p><a href=\"https:\/\/www.paparazzinews.com.br\/wp-admin\/post.php?post=4477&amp;action=edit\"><\/a><\/p>\n","protected":false},"excerpt":{"rendered":"<p>O Governo de Andradina vai inaugurar na pr\u00f3xima segunda-feira (31) o Centro de Refer\u00eancia Municipal para o Transtorno do Espectro Autista. Instalado na Rua Vit\u00f3rio Guaraciaba, 1370, o centro \u00e9 um dos poucos instalado no \u00e2mbito da administra\u00e7\u00e3o municipal no interior de S\u00e3o Paulo.O projeto do prefeito de Andradina, M\u00e1rio Celso Lopes, junta for\u00e7as entre &hellip;<\/p>\n","protected":false},"author":1,"featured_media":4486,"comment_status":"open","ping_status":"open","sticky":false,"template":"","format":"standard","meta":{"_jetpack_memberships_contains_paid_content":false,"footnotes":"","jetpack_publicize_message":"","jetpack_publicize_feature_enabled":true,"jetpack_social_post_already_shared":false,"jetpack_social_options":{"image_generator_settings":{"template":"highway","default_image_id":0,"enabled":false},"version":2}},"categories":[4],"tags":[],"class_list":["post-4484","post","type-post","status-publish","format-standard","has-post-thumbnail","hentry","category-regiao"],"jetpack_publicize_connections":[],"jetpack_featured_media_url":"https:\/\/i0.wp.com\/www.paparazzinews.com.br\/wp-content\/uploads\/2023\/07\/3fd235012bae09f178921ac46b884fe7.png?fit=800%2C531&ssl=1","views":"2599","jetpack_likes_enabled":true,"jetpack_sharing_enabled":true,"_links":{"self":[{"href":"https:\/\/www.paparazzinews.com.br\/index.php?rest_route=\/wp\/v2\/posts\/4484","targetHints":{"allow":["GET"]}}],"collection":[{"href":"https:\/\/www.paparazzinews.com.br\/index.php?rest_route=\/wp\/v2\/posts"}],"about":[{"href":"https:\/\/www.paparazzinews.com.br\/index.php?rest_route=\/wp\/v2\/types\/post"}],"author":[{"embeddable":true,"href":"https:\/\/www.paparazzinews.com.br\/index.php?rest_route=\/wp\/v2\/users\/1"}],"replies":[{"embeddable":true,"href":"https:\/\/www.paparazzinews.com.br\/index.php?rest_route=%2Fwp%2Fv2%2Fcomments&post=4484"}],"version-history":[{"count":2,"href":"https:\/\/www.paparazzinews.com.br\/index.php?rest_route=\/wp\/v2\/posts\/4484\/revisions"}],"predecessor-version":[{"id":4487,"href":"https:\/\/www.paparazzinews.com.br\/index.php?rest_route=\/wp\/v2\/posts\/4484\/revisions\/4487"}],"wp:featuredmedia":[{"embeddable":true,"href":"https:\/\/www.paparazzinews.com.br\/index.php?rest_route=\/wp\/v2\/media\/4486"}],"wp:attachment":[{"href":"https:\/\/www.paparazzinews.com.br\/index.php?rest_route=%2Fwp%2Fv2%2Fmedia&parent=4484"}],"wp:term":[{"taxonomy":"category","embeddable":true,"href":"https:\/\/www.paparazzinews.com.br\/index.php?rest_route=%2Fwp%2Fv2%2Fcategories&post=4484"},{"taxonomy":"post_tag","embeddable":true,"href":"https:\/\/www.paparazzinews.com.br\/index.php?rest_route=%2Fwp%2Fv2%2Ftags&post=4484"}],"curies":[{"name":"wp","href":"https:\/\/api.w.org\/{rel}","templated":true}]}}