{"id":4477,"date":"2023-07-27T16:02:41","date_gmt":"2023-07-27T19:02:41","guid":{"rendered":"https:\/\/www.paparazzinews.com.br\/?p=4477"},"modified":"2023-07-27T16:02:42","modified_gmt":"2023-07-27T19:02:42","slug":"comandante-geral-da-policia-realiza-palestra-ao-baep","status":"publish","type":"post","link":"https:\/\/www.paparazzinews.com.br\/?p=4477","title":{"rendered":"Comandante Geral da pol\u00edcia realiza palestra ao BAEP"},"content":{"rendered":"\n<p>Na \u00faltima ter\u00e7a-feira, dia 26 de julho, em Ara\u00e7atuba, teve in\u00edcio a \u201cSemana de A\u00e7\u00f5es Especiais de Pol\u00edcia\u201d, em comemora\u00e7\u00e3o ao 3\u00b0 anivers\u00e1rio de cria\u00e7\u00e3o do 12\u00b0 BAEP.<\/p>\n\n\n\n<p>Na ocasi\u00e3o, os policiais participaram de palestras com o Excelent\u00edssimo Coronel PM C\u00e1ssio Ara\u00fajo de Freitas, Comandante Geral da Pol\u00edcia Militar do Estado de S\u00e3o Paulo, que falou ao efetivo sobre as realiza\u00e7\u00f5es da Corpora\u00e7\u00e3o e metas para o futuro, visando sempre o aprimoramento de tecnologias, an\u00e1lise de dados criminais, aquisi\u00e7\u00e3o de equipamentos, treinamento e valoriza\u00e7\u00e3o do efetivo, sempre com o objetivo de melhor servir \u00e0 popula\u00e7\u00e3o paulista, e com o Excelent\u00edssimo Sr. Juiz de Direto Dr. Marcelo Yukio Misaka, que falou sobre o tema \u201cCadeia de Cust\u00f3dia\u201d, a correta prote\u00e7\u00e3o das provas em locais de crimes.<\/p>\n\n\n\n<p>Participaram do evento policiais do 2\u00b0 BPAmb. (Ambiental), 20\u00b0 GB (Bombeiros), 8\u00ba, 9\u00b0, 10\u00b0, 11\u00b0 e 12\u00b0 BAEP, CPI-3, CPI-5, CPI-9, CPI-10, 2\u00b0 BPM\/1 e 28\u00b0 BPM\/l, que foi representado pelo seu comandante, Tenente Coronel PM Akira, demais oficiais e Pelot\u00e3o de For\u00e7a T\u00e1tica, que aproveitaram a ocasi\u00e3o para obterem novos conhecimentos, e aperfei\u00e7oamento t\u00e9cnico profissional.<\/p>\n\n\n<div class=\"wp-block-image\">\n<figure class=\"aligncenter size-large\"><img data-recalc-dims=\"1\" loading=\"lazy\" decoding=\"async\" width=\"708\" height=\"836\" src=\"https:\/\/i0.wp.com\/www.paparazzinews.com.br\/wp-content\/uploads\/2023\/07\/c2573247-6f77-4bdb-86c5-4992ea227bda.jpg?resize=708%2C836&#038;ssl=1\" alt=\"\" class=\"wp-image-4479\" srcset=\"https:\/\/i0.wp.com\/www.paparazzinews.com.br\/wp-content\/uploads\/2023\/07\/c2573247-6f77-4bdb-86c5-4992ea227bda.jpg?resize=867%2C1024&amp;ssl=1 867w, https:\/\/i0.wp.com\/www.paparazzinews.com.br\/wp-content\/uploads\/2023\/07\/c2573247-6f77-4bdb-86c5-4992ea227bda.jpg?resize=254%2C300&amp;ssl=1 254w, https:\/\/i0.wp.com\/www.paparazzinews.com.br\/wp-content\/uploads\/2023\/07\/c2573247-6f77-4bdb-86c5-4992ea227bda.jpg?resize=768%2C907&amp;ssl=1 768w, https:\/\/i0.wp.com\/www.paparazzinews.com.br\/wp-content\/uploads\/2023\/07\/c2573247-6f77-4bdb-86c5-4992ea227bda.jpg?w=1084&amp;ssl=1 1084w\" sizes=\"auto, (max-width: 708px) 100vw, 708px\" \/><figcaption class=\"wp-element-caption\">Da esquerda capit\u00e3o Valdomiro, Diogo, coronel C\u00e1ssio e capit\u00e3o Jean.<\/figcaption><\/figure>\n<\/div>\n\n\n<p><em><strong>Participe da comunidade do Canal Roni Paparazzi no Whatsapp e receba as principais not\u00edcias do dia direto no seu celular<\/strong>.\u00a0<a rel=\"noreferrer noopener\" href=\"https:\/\/chat.whatsapp.com\/GsG1XKo0jPOEfjzudWQcml\" target=\"_blank\">\u00a0Clique aqui e se inscreva.<\/a><\/em><\/p>\n","protected":false},"excerpt":{"rendered":"<p>Na \u00faltima ter\u00e7a-feira, dia 26 de julho, em Ara\u00e7atuba, teve in\u00edcio a \u201cSemana de A\u00e7\u00f5es Especiais de Pol\u00edcia\u201d, em comemora\u00e7\u00e3o ao 3\u00b0 anivers\u00e1rio de cria\u00e7\u00e3o do 12\u00b0 BAEP. Na ocasi\u00e3o, os policiais participaram de palestras com o Excelent\u00edssimo Coronel PM C\u00e1ssio Ara\u00fajo de Freitas, Comandante Geral da Pol\u00edcia Militar do Estado de S\u00e3o Paulo, que &hellip;<\/p>\n","protected":false},"author":1,"featured_media":4478,"comment_status":"open","ping_status":"open","sticky":false,"template":"","format":"standard","meta":{"_jetpack_memberships_contains_paid_content":false,"footnotes":"","jetpack_publicize_message":"","jetpack_publicize_feature_enabled":true,"jetpack_social_post_already_shared":false,"jetpack_social_options":{"image_generator_settings":{"template":"highway","default_image_id":0,"enabled":false},"version":2}},"categories":[3],"tags":[],"class_list":["post-4477","post","type-post","status-publish","format-standard","has-post-thumbnail","hentry","category-policial"],"jetpack_publicize_connections":[],"jetpack_featured_media_url":"https:\/\/i0.wp.com\/www.paparazzinews.com.br\/wp-content\/uploads\/2023\/07\/027c2ed2-808f-40e4-b49e-b54b6f7c53e7.jpg?fit=1043%2C685&ssl=1","views":"3312","jetpack_likes_enabled":true,"jetpack_sharing_enabled":true,"_links":{"self":[{"href":"https:\/\/www.paparazzinews.com.br\/index.php?rest_route=\/wp\/v2\/posts\/4477","targetHints":{"allow":["GET"]}}],"collection":[{"href":"https:\/\/www.paparazzinews.com.br\/index.php?rest_route=\/wp\/v2\/posts"}],"about":[{"href":"https:\/\/www.paparazzinews.com.br\/index.php?rest_route=\/wp\/v2\/types\/post"}],"author":[{"embeddable":true,"href":"https:\/\/www.paparazzinews.com.br\/index.php?rest_route=\/wp\/v2\/users\/1"}],"replies":[{"embeddable":true,"href":"https:\/\/www.paparazzinews.com.br\/index.php?rest_route=%2Fwp%2Fv2%2Fcomments&post=4477"}],"version-history":[{"count":1,"href":"https:\/\/www.paparazzinews.com.br\/index.php?rest_route=\/wp\/v2\/posts\/4477\/revisions"}],"predecessor-version":[{"id":4480,"href":"https:\/\/www.paparazzinews.com.br\/index.php?rest_route=\/wp\/v2\/posts\/4477\/revisions\/4480"}],"wp:featuredmedia":[{"embeddable":true,"href":"https:\/\/www.paparazzinews.com.br\/index.php?rest_route=\/wp\/v2\/media\/4478"}],"wp:attachment":[{"href":"https:\/\/www.paparazzinews.com.br\/index.php?rest_route=%2Fwp%2Fv2%2Fmedia&parent=4477"}],"wp:term":[{"taxonomy":"category","embeddable":true,"href":"https:\/\/www.paparazzinews.com.br\/index.php?rest_route=%2Fwp%2Fv2%2Fcategories&post=4477"},{"taxonomy":"post_tag","embeddable":true,"href":"https:\/\/www.paparazzinews.com.br\/index.php?rest_route=%2Fwp%2Fv2%2Ftags&post=4477"}],"curies":[{"name":"wp","href":"https:\/\/api.w.org\/{rel}","templated":true}]}}