{"id":4468,"date":"2023-07-27T15:32:29","date_gmt":"2023-07-27T18:32:29","guid":{"rendered":"https:\/\/www.paparazzinews.com.br\/?p=4468"},"modified":"2023-07-27T15:32:30","modified_gmt":"2023-07-27T18:32:30","slug":"professores-de-5-mil-alunos-voltam-as-aulas-em-andradina","status":"publish","type":"post","link":"https:\/\/www.paparazzinews.com.br\/?p=4468","title":{"rendered":"Professores de 5 mil alunos voltam \u00e0s aulas em Andradina"},"content":{"rendered":"\n<p>A Secretaria Municipal de Educa\u00e7\u00e3o (SME) realizou nesta quarta-feira, 26, uma palestra com Em\u00edlia Cipriano destinada a todos professores, gestores e demais funcion\u00e1rios da Educa\u00e7\u00e3o, preparando para o retorno \u00e0s aulas no segundo semestre de 2023, que acontece amanh\u00e3 (27). O evento reuniu mais de 700 profissionais no Sirius&nbsp;Eventos, que tamb\u00e9m tiveram a oportunidade de fazer um curso de primeiros socorros para garantir a seguran\u00e7a e o cuidado com nossos alunos.<\/p>\n\n\n\n<p>Segundo a secret\u00e1ria Estela Cassiolato Goda, a palestra, \u201cO Compromisso Docente na Constru\u00e7\u00e3o de Uma Educa\u00e7\u00e3o Para a Paz\u201d, preparou todos os colaboradores da Rede Municipal para promover a cultura de paz por meio de um conjunto de a\u00e7\u00f5es que passam \u201cpelo ampliar\u201d o di\u00e1logo entre os diferentes participantes do processo educativo e a comunidade. A&nbsp;<strong>educa\u00e7\u00e3o para a paz<\/strong>&nbsp;\u00e9 uma abordagem de ensino-aprendizagem focada em&nbsp;<strong>mudan\u00e7as de comportamento<\/strong>, com o objetivo de permitir aos indiv\u00edduos o desenvolvimento de compet\u00eancias, atitudes e valores para a preven\u00e7\u00e3o de conflitos e da viol\u00eancia e a promo\u00e7\u00e3o da paz em todas as esferas.<\/p>\n\n\n\n<p>Nesta quinta-feira, mais de 5 mil alunos da Rede Municipal, dos Centros de Educa\u00e7\u00e3o Infantil, Ensino Fundamental e Educa\u00e7\u00e3o de Jovens e Adultos retornam \u00e0s aulas para o segundo semestre do ano letivo de 2023, o que refor\u00e7a a import\u00e2ncia de preparar os envolvidos no processo educacional para a nova jornada.<br><br><strong>Quem<br><\/strong>Emilia Cipriano \u00e9 graduada em Servi\u00e7o Social e Pedagogia; mestrado em Psicologia da Educa\u00e7\u00e3o pela Pontif\u00edcia Universidade Cat\u00f3lica de S\u00e3o Paulo (1991); doutorado em Educa\u00e7\u00e3o (Curr\u00edculo) pela Pontif\u00edcia Universidade Cat\u00f3lica de S\u00e3o Paulo (1998); Pesquisadora do IEE \u2013 Instituto de Estudos Especiais da PUC &#8211; S\u00e3o Paulo (2000) Pesquisadora da Inf\u00e2ncia da Rede de Contextos Integrados &#8211; USP\/SP (2003); Especialista em Desenho e Ger\u00eancia de Pol\u00edticas P\u00fablicas e Programas Sociais (2004).Tem experi\u00eancia na \u00e1rea de Educa\u00e7\u00e3o, com \u00eanfase em Educa\u00e7\u00e3o Infantil, inf\u00e2ncia, letramento e alfabetiza\u00e7\u00e3o, forma\u00e7\u00e3o de professores e gest\u00e3o educacional. Professora titular do Conselho Municipal de Educa\u00e7\u00e3o.<\/p>\n\n\n\n<p><em><strong>Participe da comunidade do Canal Roni Paparazzi no Whatsapp e receba as principais not\u00edcias do dia direto no seu celular<\/strong>.\u00a0<a rel=\"noreferrer noopener\" href=\"https:\/\/chat.whatsapp.com\/GsG1XKo0jPOEfjzudWQcml\" target=\"_blank\">\u00a0Clique aqui e se inscreva.<\/a><\/em><\/p>\n","protected":false},"excerpt":{"rendered":"<p>A Secretaria Municipal de Educa\u00e7\u00e3o (SME) realizou nesta quarta-feira, 26, uma palestra com Em\u00edlia Cipriano destinada a todos professores, gestores e demais funcion\u00e1rios da Educa\u00e7\u00e3o, preparando para o retorno \u00e0s aulas no segundo semestre de 2023, que acontece amanh\u00e3 (27). O evento reuniu mais de 700 profissionais no Sirius&nbsp;Eventos, que tamb\u00e9m tiveram a oportunidade de &hellip;<\/p>\n","protected":false},"author":1,"featured_media":4469,"comment_status":"open","ping_status":"open","sticky":false,"template":"","format":"standard","meta":{"_jetpack_memberships_contains_paid_content":false,"footnotes":"","jetpack_publicize_message":"","jetpack_publicize_feature_enabled":true,"jetpack_social_post_already_shared":false,"jetpack_social_options":{"image_generator_settings":{"template":"highway","default_image_id":0,"enabled":false},"version":2}},"categories":[4],"tags":[],"class_list":["post-4468","post","type-post","status-publish","format-standard","has-post-thumbnail","hentry","category-regiao"],"jetpack_publicize_connections":[],"jetpack_featured_media_url":"https:\/\/i0.wp.com\/www.paparazzinews.com.br\/wp-content\/uploads\/2023\/07\/954578aff21f29396cf2446a73e9768b.jpg?fit=800%2C533&ssl=1","views":"3232","jetpack_likes_enabled":true,"jetpack_sharing_enabled":true,"_links":{"self":[{"href":"https:\/\/www.paparazzinews.com.br\/index.php?rest_route=\/wp\/v2\/posts\/4468","targetHints":{"allow":["GET"]}}],"collection":[{"href":"https:\/\/www.paparazzinews.com.br\/index.php?rest_route=\/wp\/v2\/posts"}],"about":[{"href":"https:\/\/www.paparazzinews.com.br\/index.php?rest_route=\/wp\/v2\/types\/post"}],"author":[{"embeddable":true,"href":"https:\/\/www.paparazzinews.com.br\/index.php?rest_route=\/wp\/v2\/users\/1"}],"replies":[{"embeddable":true,"href":"https:\/\/www.paparazzinews.com.br\/index.php?rest_route=%2Fwp%2Fv2%2Fcomments&post=4468"}],"version-history":[{"count":1,"href":"https:\/\/www.paparazzinews.com.br\/index.php?rest_route=\/wp\/v2\/posts\/4468\/revisions"}],"predecessor-version":[{"id":4470,"href":"https:\/\/www.paparazzinews.com.br\/index.php?rest_route=\/wp\/v2\/posts\/4468\/revisions\/4470"}],"wp:featuredmedia":[{"embeddable":true,"href":"https:\/\/www.paparazzinews.com.br\/index.php?rest_route=\/wp\/v2\/media\/4469"}],"wp:attachment":[{"href":"https:\/\/www.paparazzinews.com.br\/index.php?rest_route=%2Fwp%2Fv2%2Fmedia&parent=4468"}],"wp:term":[{"taxonomy":"category","embeddable":true,"href":"https:\/\/www.paparazzinews.com.br\/index.php?rest_route=%2Fwp%2Fv2%2Fcategories&post=4468"},{"taxonomy":"post_tag","embeddable":true,"href":"https:\/\/www.paparazzinews.com.br\/index.php?rest_route=%2Fwp%2Fv2%2Ftags&post=4468"}],"curies":[{"name":"wp","href":"https:\/\/api.w.org\/{rel}","templated":true}]}}