{"id":4398,"date":"2023-07-25T12:15:21","date_gmt":"2023-07-25T15:15:21","guid":{"rendered":"https:\/\/www.paparazzinews.com.br\/?p=4398"},"modified":"2023-07-25T12:15:22","modified_gmt":"2023-07-25T15:15:22","slug":"alerta-maximo-e-mantido-para-queimadas-em-andradina","status":"publish","type":"post","link":"https:\/\/www.paparazzinews.com.br\/?p=4398","title":{"rendered":"Alerta m\u00e1ximo \u00e9 mantido para queimadas em Andradina"},"content":{"rendered":"\n<p>A seca prolongada que assola o Estado faz com que o Governo de Andradina, atrav\u00e9s da Defesa Civil Municipal, mantenha um n\u00edvel elevado de alerta para queimadas.\u00a0A equipe da Defesa, coordenada por Luis Ramos Neto, tem link direto com a Secretaria de Meio Ambiente, Corpo de Bombeiros e brigadistas volunt\u00e1rios que trabalham de forma incans\u00e1vel para combater os focos de inc\u00eandio que surgem nesta \u00e9poca do ano.<\/p>\n\n\n\n<p>\u201cVivemos uma seca muito prolongada e estamos com uma umidade relativa do ar menor e a fixa\u00e7\u00e3o de \u00e1gua nas plantas tamb\u00e9m reduziu dentro\u201d, alerta. Em 98% dos casos, os inc\u00eandios s\u00e3o provocados por descuidos ou deliberadamente para promover a limpeza de terrenos. O Governo Andradina faz um apelo a toda a popula\u00e7\u00e3o no sentido de refor\u00e7ar os cuidados para evitar queimadas. \u00c9 preciso um esfor\u00e7o comum para evitar qualquer tipo de igni\u00e7\u00e3o, qualquer tipo de fogo em \u00e1reas abertas.<\/p>\n\n\n\n<p>S\u00e3o imprescind\u00edveis cuidados com escapamentos de ve\u00edculos nas estradas e a\u00e7\u00f5es educativas, como jamais jogar pela janela de ve\u00edculos bitucas de cigarros ou palitos de f\u00f3sforos. Refor\u00e7ar a vigil\u00e2ncia preventiva e imediatamente comunicar as autoridades sempre que surgirem novos focos s\u00e3o atitudes essenciais.<br><br><strong>Denuncie<br><\/strong>Queimar \u00e1reas de vegeta\u00e7\u00e3o durante o per\u00edodo seco \u00e9 crime e queimadas urbanas \u00e9 proibido o ano todo. A pessoa que for flagrada praticando esse tipo de ato pode ser multada e responder por crime ambiental. As redes sociais s\u00e3o comumente utilizadas para reclama\u00e7\u00f5es do g\u00eanero em Andradina, mas o mun\u00edcipe que flagrar uma queimada pode denunciar o caso \u00e0 Secretaria que tomar\u00e1 todas as provid\u00eancias para que esse crime ambiental seja punido.<br><br>Queimadas urbanas s\u00e3o crimes previstos por lei e podem ser denunciados via telefone:\u00a0<a href=\"tel:(18)3723-6292\">(18) 3723-6292<\/a>\u00a0ou por WhatsApp: (18) 99621-7347.<br><br>A orienta\u00e7\u00e3o \u00e9 de que o Corpo de Bombeiros tamb\u00e9m seja acionado, em caso de queimadas, pelo telefone 193.\u00a0<\/p>\n\n\n\n<p><em><strong>Participe da comunidade do Canal Roni Paparazzi no Whatsapp e receba as principais not\u00edcias do dia direto no seu celular<\/strong>.\u00a0<a rel=\"noreferrer noopener\" href=\"https:\/\/chat.whatsapp.com\/GsG1XKo0jPOEfjzudWQcml\" target=\"_blank\">\u00a0Clique aqui e se inscreva.<\/a><\/em><\/p>\n","protected":false},"excerpt":{"rendered":"<p>A seca prolongada que assola o Estado faz com que o Governo de Andradina, atrav\u00e9s da Defesa Civil Municipal, mantenha um n\u00edvel elevado de alerta para queimadas.\u00a0A equipe da Defesa, coordenada por Luis Ramos Neto, tem link direto com a Secretaria de Meio Ambiente, Corpo de Bombeiros e brigadistas volunt\u00e1rios que trabalham de forma incans\u00e1vel &hellip;<\/p>\n","protected":false},"author":1,"featured_media":4399,"comment_status":"open","ping_status":"open","sticky":false,"template":"","format":"standard","meta":{"_jetpack_memberships_contains_paid_content":false,"footnotes":"","jetpack_publicize_message":"","jetpack_publicize_feature_enabled":true,"jetpack_social_post_already_shared":false,"jetpack_social_options":{"image_generator_settings":{"template":"highway","default_image_id":0,"enabled":false},"version":2}},"categories":[3],"tags":[],"class_list":["post-4398","post","type-post","status-publish","format-standard","has-post-thumbnail","hentry","category-policial"],"jetpack_publicize_connections":[],"jetpack_featured_media_url":"https:\/\/i0.wp.com\/www.paparazzinews.com.br\/wp-content\/uploads\/2023\/07\/ac225be811d8144eeca57ff358184edb.jpg?fit=800%2C408&ssl=1","views":"4287","jetpack_likes_enabled":true,"jetpack_sharing_enabled":true,"_links":{"self":[{"href":"https:\/\/www.paparazzinews.com.br\/index.php?rest_route=\/wp\/v2\/posts\/4398","targetHints":{"allow":["GET"]}}],"collection":[{"href":"https:\/\/www.paparazzinews.com.br\/index.php?rest_route=\/wp\/v2\/posts"}],"about":[{"href":"https:\/\/www.paparazzinews.com.br\/index.php?rest_route=\/wp\/v2\/types\/post"}],"author":[{"embeddable":true,"href":"https:\/\/www.paparazzinews.com.br\/index.php?rest_route=\/wp\/v2\/users\/1"}],"replies":[{"embeddable":true,"href":"https:\/\/www.paparazzinews.com.br\/index.php?rest_route=%2Fwp%2Fv2%2Fcomments&post=4398"}],"version-history":[{"count":1,"href":"https:\/\/www.paparazzinews.com.br\/index.php?rest_route=\/wp\/v2\/posts\/4398\/revisions"}],"predecessor-version":[{"id":4400,"href":"https:\/\/www.paparazzinews.com.br\/index.php?rest_route=\/wp\/v2\/posts\/4398\/revisions\/4400"}],"wp:featuredmedia":[{"embeddable":true,"href":"https:\/\/www.paparazzinews.com.br\/index.php?rest_route=\/wp\/v2\/media\/4399"}],"wp:attachment":[{"href":"https:\/\/www.paparazzinews.com.br\/index.php?rest_route=%2Fwp%2Fv2%2Fmedia&parent=4398"}],"wp:term":[{"taxonomy":"category","embeddable":true,"href":"https:\/\/www.paparazzinews.com.br\/index.php?rest_route=%2Fwp%2Fv2%2Fcategories&post=4398"},{"taxonomy":"post_tag","embeddable":true,"href":"https:\/\/www.paparazzinews.com.br\/index.php?rest_route=%2Fwp%2Fv2%2Ftags&post=4398"}],"curies":[{"name":"wp","href":"https:\/\/api.w.org\/{rel}","templated":true}]}}