{"id":4395,"date":"2023-07-25T12:12:34","date_gmt":"2023-07-25T15:12:34","guid":{"rendered":"https:\/\/www.paparazzinews.com.br\/?p=4395"},"modified":"2023-07-25T12:12:35","modified_gmt":"2023-07-25T15:12:35","slug":"praca-de-andradina-sera-entregue-durante-atividades-do-brincando-na-praca","status":"publish","type":"post","link":"https:\/\/www.paparazzinews.com.br\/?p=4395","title":{"rendered":"Pra\u00e7a de Andradina ser\u00e1 entregue durante atividades do Brincando na Pra\u00e7a"},"content":{"rendered":"\n<p>As fam\u00edlias andradinenses v\u00e3o brincar na pra\u00e7a neste s\u00e1bado (29 de julho) \u00e0 partir das 10 da manh\u00e3. Depois de ser totalmente revitalizada, a Pra\u00e7a Ant\u00f4nio Joaquim de Moura Andrade ser\u00e1 entregue aos andradinenses com uma maratona de atividades e shows.<\/p>\n\n\n\n<p>As atividades come\u00e7am \u00e0s 10 da manh\u00e3 com a realiza\u00e7\u00e3o de mais uma edi\u00e7\u00e3o do Brincando na Pra\u00e7a. O Brincando na Pra\u00e7a \u00e9 realizado atrav\u00e9s do Governo Federal, por meio da Secretaria Especial do Esporte do Minist\u00e9rio da Cidadania, com base na Lei de Incentivo ao Esporte, conta com a execu\u00e7\u00e3o da RMC Esportes, o incentivo da Tijo\u00e1, RMC Esportes e o apoio do Governo de Andradina atrav\u00e9s da Secretaria de Esportes, Cultura, Lazer e Juventude.<\/p>\n\n\n\n<p>Segundo o secret\u00e1rio Jon\u00edlcio Avelino da Silva, o \u201cProfessor Careca\u201d, este evento \u00e9 oferecido a toda a fam\u00edlia com atividades voltadas ao lazer, recrea\u00e7\u00e3o e esportes, tais como: v\u00f4lei, basquete, futebol, t\u00eanis, peteca, aula de zumba, jogos de tabuleiro, cama el\u00e1stica, damas gigante, al\u00e9m de aferi\u00e7\u00e3o de press\u00e3o arterial. A secretaria de Esportes tamb\u00e9m vai realizar a entrega gratuita de pipoca e algod\u00e3o doce.<br><br>O evento de inaugura\u00e7\u00e3o acontece na sequ\u00eancia, \u00e0 partir das 19 horas, durante a noite com apresenta\u00e7\u00e3o do Grupo Alto Clima, Coral Artetude, a AFAN de Ara\u00e7atuba e atra\u00e7\u00f5es convidadas. Durante todo dia tamb\u00e9m haver\u00e1 uma pra\u00e7a de alimenta\u00e7\u00e3o formada por \u201cfood truckers\u201d.<br><br><strong>A Pra\u00e7a<br><\/strong>A pra\u00e7a Ant\u00f4nio Joaquim de Moura Andrade, a \u201cPra\u00e7a Moura Andrade\u201d \u00e9 o local por onde passou toda a hist\u00f3ria cultural e social de Andradina, desde a d\u00e9cada de 40 aos anos 2.000. Em cada cent\u00edmetro dela est\u00e3o marcadas nas mem\u00f3rias das pessoas e em seus monumentos.\u00a0<\/p>\n\n\n\n<p>O Governo de Andradina trouxe a pra\u00e7a ao tempo atual, preservando e respeitando toda a \u201chist\u00f3ria viva\u201d gravada nas mem\u00f3rias e em cada cent\u00edmetro do local mais ic\u00f4nico da cidade. A Pra\u00e7a j\u00e1 foi o centro nervoso e s\u00edmbolo do desenvolvimento regional nas d\u00e9cadas de 60, 70 e 80, onde as \u00faltimas grandes interven\u00e7\u00f5es foram realizadas, quando a Moura Andrade reunia o movimento pulsante de uma sociedade que n\u00e3o parava.<br><br>Seja como refer\u00eancia do centro financeiro ou em suas tardes repletas de andradinenses em suas horas de descontra\u00e7\u00e3o, era a pra\u00e7a o \u201cpalco vivo\u201d da hist\u00f3ria da cidade. Nela ainda havia o movimento das atividades culturais, seja no velho coreto, palco ou pelo p\u00fablico atra\u00eddo pelos cinemas, cantinas e restaurantes.<\/p>\n\n\n\n<p>Ap\u00f3s essa \u201cera de ouro\u201d, a pra\u00e7a vinha sofrendo com a degrada\u00e7\u00e3o do tempo e a falta de investimentos. O atual Governo de Andradina est\u00e1 sendo respons\u00e1vel pela revitaliza\u00e7\u00e3o da pra\u00e7a, que tem foco principal em um novo pavimento no local, j\u00e1 que o antigo, em \u201cpetit pav\u00ea\u201d, foi danificado pelo tempo e n\u00e3o recebeu o devido cuidado no passado sendo um grande causador de transtornos de mobilidade e at\u00e9 frequentes pequenos acidentes.<\/p>\n\n\n\n<p>A nova reformula\u00e7\u00e3o vai devolver a acessibilidade e seguran\u00e7a para os frequentadores da Pra\u00e7a, que se re\u00fanem em grupos pelas manh\u00e3s e durante o expediente banc\u00e1rio e do com\u00e9rcio, ou que voltam pela noite para aproveitar o mais famoso centro gastron\u00f4mico popular ao longo da cal\u00e7ada pela Rua Santa Terezinha.<\/p>\n\n\n\n<p><em><strong>Participe da comunidade do Canal Roni Paparazzi no Whatsapp e receba as principais not\u00edcias do dia direto no seu celular<\/strong>.\u00a0<a rel=\"noreferrer noopener\" href=\"https:\/\/chat.whatsapp.com\/GsG1XKo0jPOEfjzudWQcml\" target=\"_blank\">\u00a0Clique aqui e se inscreva.<\/a><\/em><\/p>\n","protected":false},"excerpt":{"rendered":"<p>As fam\u00edlias andradinenses v\u00e3o brincar na pra\u00e7a neste s\u00e1bado (29 de julho) \u00e0 partir das 10 da manh\u00e3. Depois de ser totalmente revitalizada, a Pra\u00e7a Ant\u00f4nio Joaquim de Moura Andrade ser\u00e1 entregue aos andradinenses com uma maratona de atividades e shows. As atividades come\u00e7am \u00e0s 10 da manh\u00e3 com a realiza\u00e7\u00e3o de mais uma edi\u00e7\u00e3o &hellip;<\/p>\n","protected":false},"author":1,"featured_media":4396,"comment_status":"open","ping_status":"open","sticky":false,"template":"","format":"standard","meta":{"_jetpack_memberships_contains_paid_content":false,"footnotes":"","jetpack_publicize_message":"","jetpack_publicize_feature_enabled":true,"jetpack_social_post_already_shared":false,"jetpack_social_options":{"image_generator_settings":{"template":"highway","default_image_id":0,"enabled":false},"version":2}},"categories":[6],"tags":[],"class_list":["post-4395","post","type-post","status-publish","format-standard","has-post-thumbnail","hentry","category-entretenimento"],"jetpack_publicize_connections":[],"jetpack_featured_media_url":"https:\/\/i0.wp.com\/www.paparazzinews.com.br\/wp-content\/uploads\/2023\/07\/a8cb923e03e13ef4432eabbbaea119db.jpg?fit=800%2C600&ssl=1","views":"4100","jetpack_likes_enabled":true,"jetpack_sharing_enabled":true,"_links":{"self":[{"href":"https:\/\/www.paparazzinews.com.br\/index.php?rest_route=\/wp\/v2\/posts\/4395","targetHints":{"allow":["GET"]}}],"collection":[{"href":"https:\/\/www.paparazzinews.com.br\/index.php?rest_route=\/wp\/v2\/posts"}],"about":[{"href":"https:\/\/www.paparazzinews.com.br\/index.php?rest_route=\/wp\/v2\/types\/post"}],"author":[{"embeddable":true,"href":"https:\/\/www.paparazzinews.com.br\/index.php?rest_route=\/wp\/v2\/users\/1"}],"replies":[{"embeddable":true,"href":"https:\/\/www.paparazzinews.com.br\/index.php?rest_route=%2Fwp%2Fv2%2Fcomments&post=4395"}],"version-history":[{"count":1,"href":"https:\/\/www.paparazzinews.com.br\/index.php?rest_route=\/wp\/v2\/posts\/4395\/revisions"}],"predecessor-version":[{"id":4397,"href":"https:\/\/www.paparazzinews.com.br\/index.php?rest_route=\/wp\/v2\/posts\/4395\/revisions\/4397"}],"wp:featuredmedia":[{"embeddable":true,"href":"https:\/\/www.paparazzinews.com.br\/index.php?rest_route=\/wp\/v2\/media\/4396"}],"wp:attachment":[{"href":"https:\/\/www.paparazzinews.com.br\/index.php?rest_route=%2Fwp%2Fv2%2Fmedia&parent=4395"}],"wp:term":[{"taxonomy":"category","embeddable":true,"href":"https:\/\/www.paparazzinews.com.br\/index.php?rest_route=%2Fwp%2Fv2%2Fcategories&post=4395"},{"taxonomy":"post_tag","embeddable":true,"href":"https:\/\/www.paparazzinews.com.br\/index.php?rest_route=%2Fwp%2Fv2%2Ftags&post=4395"}],"curies":[{"name":"wp","href":"https:\/\/api.w.org\/{rel}","templated":true}]}}