{"id":4374,"date":"2023-07-24T14:09:07","date_gmt":"2023-07-24T17:09:07","guid":{"rendered":"https:\/\/www.paparazzinews.com.br\/?p=4374"},"modified":"2023-07-24T14:09:08","modified_gmt":"2023-07-24T17:09:08","slug":"fogo-proximo-ao-aeroporto-e-combatido-em-andradina","status":"publish","type":"post","link":"https:\/\/www.paparazzinews.com.br\/?p=4374","title":{"rendered":"Fogo pr\u00f3ximo ao aeroporto \u00e9 combatido em Andradina"},"content":{"rendered":"\n<p>Na tarde da sexta-feira \u00faltima (21), a Defesa Civil de Andradina foi acionada recebendo a informa\u00e7\u00e3o que havia inc\u00eandio em uma \u00e1rea pr\u00f3xima ao aeroporto estadual.<br>\u00a0<br>Ao receber o chamado, imediatamente os colaboradores da Defesa Civil seguiram para a localidade iniciando um forte combate para conter as chamas. A a\u00e7\u00e3o instant\u00e2nea da equipe resultou no r\u00e1pido controle do inc\u00eandio, evitando que maiores problemas pudessem vir a ocorrer j\u00e1 que a \u00e1rea era prop\u00edcia para as chamas se alastrarem afetando a vizinhan\u00e7a e motoristas que utilizam a Rodovia Euclides de Oliveira Figueiredo.<br>\u00a0<br>O Coordenador da Defesa Civil Municipal Luiz Ramos Neto, informa que neste per\u00edodo \u00e9 comum o aumento nos casos de inc\u00eandios pr\u00f3ximos a \u00e1rea urbana da cidade. \u201cCom o tempo seco e a forte estiagem a popula\u00e7\u00e3o sofre com as queimadas muitas vezes provocadas por a\u00e7\u00f5es humanas\u201d, explicou.<br>\u00a0<br>Neto destaca o excelente trabalho do colaboradores da Defesa Civil e agradece pela dedica\u00e7\u00e3o da equipe. \u201cEm nome da Defesa Civil pedimos a toda a popula\u00e7\u00e3o que colabore, evitando realizar queimadas e dessa maneira contribuindo para baixar o alto \u00edndice de problemas respirat\u00f3rios nesse per\u00edodo\u201d, finalizou.<\/p>\n\n\n\n<p><em><strong>Participe da comunidade do Canal Roni Paparazzi no Whatsapp e receba as principais not\u00edcias do dia direto no seu celular<\/strong>.\u00a0<a rel=\"noreferrer noopener\" href=\"https:\/\/chat.whatsapp.com\/GsG1XKo0jPOEfjzudWQcml\" target=\"_blank\">\u00a0Clique aqui e se inscreva.<\/a><\/em><\/p>\n","protected":false},"excerpt":{"rendered":"<p>Na tarde da sexta-feira \u00faltima (21), a Defesa Civil de Andradina foi acionada recebendo a informa\u00e7\u00e3o que havia inc\u00eandio em uma \u00e1rea pr\u00f3xima ao aeroporto estadual.\u00a0Ao receber o chamado, imediatamente os colaboradores da Defesa Civil seguiram para a localidade iniciando um forte combate para conter as chamas. A a\u00e7\u00e3o instant\u00e2nea da equipe resultou no r\u00e1pido &hellip;<\/p>\n","protected":false},"author":1,"featured_media":4376,"comment_status":"open","ping_status":"open","sticky":false,"template":"","format":"standard","meta":{"_jetpack_memberships_contains_paid_content":false,"footnotes":"","jetpack_publicize_message":"","jetpack_publicize_feature_enabled":true,"jetpack_social_post_already_shared":false,"jetpack_social_options":{"image_generator_settings":{"template":"highway","default_image_id":0,"enabled":false},"version":2}},"categories":[3],"tags":[],"class_list":["post-4374","post","type-post","status-publish","format-standard","has-post-thumbnail","hentry","category-policial"],"jetpack_publicize_connections":[],"jetpack_featured_media_url":"https:\/\/i0.wp.com\/www.paparazzinews.com.br\/wp-content\/uploads\/2023\/07\/Fogo-aero.jpg?fit=1000%2C400&ssl=1","views":"2163","jetpack_likes_enabled":true,"jetpack_sharing_enabled":true,"_links":{"self":[{"href":"https:\/\/www.paparazzinews.com.br\/index.php?rest_route=\/wp\/v2\/posts\/4374","targetHints":{"allow":["GET"]}}],"collection":[{"href":"https:\/\/www.paparazzinews.com.br\/index.php?rest_route=\/wp\/v2\/posts"}],"about":[{"href":"https:\/\/www.paparazzinews.com.br\/index.php?rest_route=\/wp\/v2\/types\/post"}],"author":[{"embeddable":true,"href":"https:\/\/www.paparazzinews.com.br\/index.php?rest_route=\/wp\/v2\/users\/1"}],"replies":[{"embeddable":true,"href":"https:\/\/www.paparazzinews.com.br\/index.php?rest_route=%2Fwp%2Fv2%2Fcomments&post=4374"}],"version-history":[{"count":1,"href":"https:\/\/www.paparazzinews.com.br\/index.php?rest_route=\/wp\/v2\/posts\/4374\/revisions"}],"predecessor-version":[{"id":4377,"href":"https:\/\/www.paparazzinews.com.br\/index.php?rest_route=\/wp\/v2\/posts\/4374\/revisions\/4377"}],"wp:featuredmedia":[{"embeddable":true,"href":"https:\/\/www.paparazzinews.com.br\/index.php?rest_route=\/wp\/v2\/media\/4376"}],"wp:attachment":[{"href":"https:\/\/www.paparazzinews.com.br\/index.php?rest_route=%2Fwp%2Fv2%2Fmedia&parent=4374"}],"wp:term":[{"taxonomy":"category","embeddable":true,"href":"https:\/\/www.paparazzinews.com.br\/index.php?rest_route=%2Fwp%2Fv2%2Fcategories&post=4374"},{"taxonomy":"post_tag","embeddable":true,"href":"https:\/\/www.paparazzinews.com.br\/index.php?rest_route=%2Fwp%2Fv2%2Ftags&post=4374"}],"curies":[{"name":"wp","href":"https:\/\/api.w.org\/{rel}","templated":true}]}}