{"id":4312,"date":"2023-07-22T15:29:10","date_gmt":"2023-07-22T18:29:10","guid":{"rendered":"https:\/\/www.paparazzinews.com.br\/?p=4312"},"modified":"2023-07-22T15:29:11","modified_gmt":"2023-07-22T18:29:11","slug":"festa-de-pereira-barreto-com-ana-castela-encontra-camarote-por-3-mil-reais-para-10-pessoas","status":"publish","type":"post","link":"https:\/\/www.paparazzinews.com.br\/?p=4312","title":{"rendered":"Festa de Pereira Barreto com Ana Castela encontra camarote por 3 mil reais para 10 pessoas"},"content":{"rendered":"\n<p>A Prefeitura da Est\u00e2ncia Tur\u00edstica de Pereira Barreto homologou, nesta quarta-feira (19), a contrata\u00e7\u00e3o da empresa Mega Eventos para a realiza\u00e7\u00e3o da XLIII FIAP \u2013 Feira Industrial Agr\u00edcola e Pecu\u00e1ria de Pereira Barreto e XLIV Festa do Pe\u00e3o de Boiadeiro. A festa ser\u00e1 realizada de 10 a 13 de Agosto, no Recinto de Exposi\u00e7\u00f5es que fica na Avenida Humberto Liedtke.<\/p>\n\n\n\n<p>A grade de shows conta com uma das maiores cantoras da atualidade: Ana Castela. Ela sobe ao palco no dia 10, primeiro dia da FIAP, um pouco depois da abertura oficial da festa que acontecer\u00e1 \u00e0s 19h com a presen\u00e7a da Facmol. Dia 11, anivers\u00e1rio da cidade, ter\u00e1 o show com o cantor Daniel e no dia 12 tem a apresenta\u00e7\u00e3o da dupla Bruno e Barreto.<\/p>\n\n\n\n<p>De acordo com F\u00e1bio Prates (Fab\u00e3o), gerente da Mega Eventos, al\u00e9m dos shows, a FIAP 2023 contar\u00e1 com parque de divers\u00e3o, boate, pra\u00e7a de alimenta\u00e7\u00e3o e o rodeio que ter\u00e1 in\u00edcio dia 10 e a grande final no domingo, dia 13. Para a Pra\u00e7a de Alimenta\u00e7\u00e3o, Fab\u00e3o disse que far\u00e1 o convite para participa\u00e7\u00e3o das entidades da cidade, oferecendo a estrutura necess\u00e1ria no local.<\/p>\n\n\n\n<p>A empresa j\u00e1 disponibilizou a venda dos camarotes, no valor de R$ 3 mil para 10 pessoas. A \u00e1rea vip, em frente ao palco, tamb\u00e9m est\u00e1 a venda com permanente para os tr\u00eas dias de shows por R$ 80 o primeiro lote. Os convites para o parque, Fab\u00e3o disse que estar\u00e3o dispon\u00edveis assim que for assinado o contrato com os respons\u00e1veis.<\/p>\n\n\n\n<p><em><strong>Participe da comunidade do Canal Roni Paparazzi no Whatsapp e receba as principais not\u00edcias do dia direto no seu celular<\/strong>.\u00a0<a rel=\"noreferrer noopener\" href=\"https:\/\/chat.whatsapp.com\/GsG1XKo0jPOEfjzudWQcml\" target=\"_blank\">\u00a0Clique aqui e se inscreva.<\/a><\/em><\/p>\n","protected":false},"excerpt":{"rendered":"<p>A Prefeitura da Est\u00e2ncia Tur\u00edstica de Pereira Barreto homologou, nesta quarta-feira (19), a contrata\u00e7\u00e3o da empresa Mega Eventos para a realiza\u00e7\u00e3o da XLIII FIAP \u2013 Feira Industrial Agr\u00edcola e Pecu\u00e1ria de Pereira Barreto e XLIV Festa do Pe\u00e3o de Boiadeiro. A festa ser\u00e1 realizada de 10 a 13 de Agosto, no Recinto de Exposi\u00e7\u00f5es que &hellip;<\/p>\n","protected":false},"author":1,"featured_media":4313,"comment_status":"open","ping_status":"open","sticky":false,"template":"","format":"standard","meta":{"_jetpack_memberships_contains_paid_content":false,"footnotes":"","jetpack_publicize_message":"","jetpack_publicize_feature_enabled":true,"jetpack_social_post_already_shared":false,"jetpack_social_options":{"image_generator_settings":{"template":"highway","default_image_id":0,"enabled":false},"version":2}},"categories":[6],"tags":[],"class_list":["post-4312","post","type-post","status-publish","format-standard","has-post-thumbnail","hentry","category-entretenimento"],"jetpack_publicize_connections":[],"jetpack_featured_media_url":"https:\/\/i0.wp.com\/www.paparazzinews.com.br\/wp-content\/uploads\/2023\/07\/FEED-GRADE-1024x1024-1.jpg?fit=1024%2C1024&ssl=1","views":"2971","jetpack_likes_enabled":true,"jetpack_sharing_enabled":true,"_links":{"self":[{"href":"https:\/\/www.paparazzinews.com.br\/index.php?rest_route=\/wp\/v2\/posts\/4312","targetHints":{"allow":["GET"]}}],"collection":[{"href":"https:\/\/www.paparazzinews.com.br\/index.php?rest_route=\/wp\/v2\/posts"}],"about":[{"href":"https:\/\/www.paparazzinews.com.br\/index.php?rest_route=\/wp\/v2\/types\/post"}],"author":[{"embeddable":true,"href":"https:\/\/www.paparazzinews.com.br\/index.php?rest_route=\/wp\/v2\/users\/1"}],"replies":[{"embeddable":true,"href":"https:\/\/www.paparazzinews.com.br\/index.php?rest_route=%2Fwp%2Fv2%2Fcomments&post=4312"}],"version-history":[{"count":1,"href":"https:\/\/www.paparazzinews.com.br\/index.php?rest_route=\/wp\/v2\/posts\/4312\/revisions"}],"predecessor-version":[{"id":4314,"href":"https:\/\/www.paparazzinews.com.br\/index.php?rest_route=\/wp\/v2\/posts\/4312\/revisions\/4314"}],"wp:featuredmedia":[{"embeddable":true,"href":"https:\/\/www.paparazzinews.com.br\/index.php?rest_route=\/wp\/v2\/media\/4313"}],"wp:attachment":[{"href":"https:\/\/www.paparazzinews.com.br\/index.php?rest_route=%2Fwp%2Fv2%2Fmedia&parent=4312"}],"wp:term":[{"taxonomy":"category","embeddable":true,"href":"https:\/\/www.paparazzinews.com.br\/index.php?rest_route=%2Fwp%2Fv2%2Fcategories&post=4312"},{"taxonomy":"post_tag","embeddable":true,"href":"https:\/\/www.paparazzinews.com.br\/index.php?rest_route=%2Fwp%2Fv2%2Ftags&post=4312"}],"curies":[{"name":"wp","href":"https:\/\/api.w.org\/{rel}","templated":true}]}}