{"id":4294,"date":"2023-07-20T12:46:02","date_gmt":"2023-07-20T15:46:02","guid":{"rendered":"https:\/\/www.paparazzinews.com.br\/?p=4294"},"modified":"2023-07-20T12:46:03","modified_gmt":"2023-07-20T15:46:03","slug":"espetaculo-de-danca-acontece-em-andradina-no-fim-de-semana","status":"publish","type":"post","link":"https:\/\/www.paparazzinews.com.br\/?p=4294","title":{"rendered":"Espet\u00e1culo de dan\u00e7a acontece em Andradina no fim de semana"},"content":{"rendered":"\n<p>Os Festejos de Anivers\u00e1rio de 86 anos de Andradina neste s\u00e1bado (22) com o espet\u00e1culo \u201cFui Al\u00ed Dan\u00e7ar e J\u00e1 Volto\u201d, dos Legion\u00e1rios, \u00e0 partir das 19h30 no Centro Cultural Pioneiros de Andradina.<\/p>\n\n\n\n<p>O espet\u00e1culo festivo do grupo Legion\u00e1rios, atuante em Andradina h\u00e1 10 anos, \u00e9 composto de coreografias tem\u00e1ticas elaboradas pelo grupo de dan\u00e7as urbanas, de forma divertida, \u00e9pica e at\u00e9 cinematogr\u00e1fica &#8211; levando em conta a tem\u00e1tica de algumas dan\u00e7as tendo rela\u00e7\u00f5es com filmes e s\u00e9ries, como La Casa de Papel e Mad Max: Estrada da F\u00faria.<br><br>O nome do espet\u00e1culo &#8220;Fui Ali Dan\u00e7ar e J\u00e1 Volto&#8221; \u00e9 na verdade a continua\u00e7\u00e3o de um projeto audiovisual de videoclipes art\u00edsticos pelo grupo, criado pelo seu diretor e core\u00f3grafo Renan Soares que em parceria com comerciantes, criava cenas de dan\u00e7as em estabelecimentos comerciais; e que agora leva isso diretamente para o palco com apresenta\u00e7\u00f5es f\u00edsicas. Algumas das coreografias j\u00e1 foram para competi\u00e7\u00f5es nacionais e futuramente internacional e a apresenta\u00e7\u00e3o ser\u00e1 apenas um in\u00edcio de um &#8220;tour&#8221; art\u00edstico pela cidade al\u00e9m de ser um presente para Andradina que completou dia 11 de Julho, 86 anos.<\/p>\n\n\n\n<p>\u201cO grupo completou tamb\u00e9m em julho, 10 anos de exist\u00eancia e a apresenta\u00e7\u00e3o do festival ser\u00e1 um brinde para esta comemora\u00e7\u00e3o\u201d, disse Renan Soares.<\/p>\n\n\n\n<p><em><strong>Participe da comunidade do Canal Roni Paparazzi no Whatsapp e receba as principais not\u00edcias do dia direto no seu celular<\/strong>.\u00a0<a rel=\"noreferrer noopener\" href=\"https:\/\/chat.whatsapp.com\/GsG1XKo0jPOEfjzudWQcml\" target=\"_blank\">\u00a0Clique aqui e se inscreva.<\/a><\/em><\/p>\n","protected":false},"excerpt":{"rendered":"<p>Os Festejos de Anivers\u00e1rio de 86 anos de Andradina neste s\u00e1bado (22) com o espet\u00e1culo \u201cFui Al\u00ed Dan\u00e7ar e J\u00e1 Volto\u201d, dos Legion\u00e1rios, \u00e0 partir das 19h30 no Centro Cultural Pioneiros de Andradina. O espet\u00e1culo festivo do grupo Legion\u00e1rios, atuante em Andradina h\u00e1 10 anos, \u00e9 composto de coreografias tem\u00e1ticas elaboradas pelo grupo de dan\u00e7as &hellip;<\/p>\n","protected":false},"author":1,"featured_media":4295,"comment_status":"open","ping_status":"open","sticky":false,"template":"","format":"standard","meta":{"_jetpack_memberships_contains_paid_content":false,"footnotes":"","jetpack_publicize_message":"","jetpack_publicize_feature_enabled":true,"jetpack_social_post_already_shared":false,"jetpack_social_options":{"image_generator_settings":{"template":"highway","default_image_id":0,"enabled":false},"version":2}},"categories":[6],"tags":[],"class_list":["post-4294","post","type-post","status-publish","format-standard","has-post-thumbnail","hentry","category-entretenimento"],"jetpack_publicize_connections":[],"jetpack_featured_media_url":"https:\/\/i0.wp.com\/www.paparazzinews.com.br\/wp-content\/uploads\/2023\/07\/77ab2f294629860d52b697b0e8a6d82b.jpg?fit=800%2C533&ssl=1","views":"3377","jetpack_likes_enabled":true,"jetpack_sharing_enabled":true,"_links":{"self":[{"href":"https:\/\/www.paparazzinews.com.br\/index.php?rest_route=\/wp\/v2\/posts\/4294","targetHints":{"allow":["GET"]}}],"collection":[{"href":"https:\/\/www.paparazzinews.com.br\/index.php?rest_route=\/wp\/v2\/posts"}],"about":[{"href":"https:\/\/www.paparazzinews.com.br\/index.php?rest_route=\/wp\/v2\/types\/post"}],"author":[{"embeddable":true,"href":"https:\/\/www.paparazzinews.com.br\/index.php?rest_route=\/wp\/v2\/users\/1"}],"replies":[{"embeddable":true,"href":"https:\/\/www.paparazzinews.com.br\/index.php?rest_route=%2Fwp%2Fv2%2Fcomments&post=4294"}],"version-history":[{"count":1,"href":"https:\/\/www.paparazzinews.com.br\/index.php?rest_route=\/wp\/v2\/posts\/4294\/revisions"}],"predecessor-version":[{"id":4296,"href":"https:\/\/www.paparazzinews.com.br\/index.php?rest_route=\/wp\/v2\/posts\/4294\/revisions\/4296"}],"wp:featuredmedia":[{"embeddable":true,"href":"https:\/\/www.paparazzinews.com.br\/index.php?rest_route=\/wp\/v2\/media\/4295"}],"wp:attachment":[{"href":"https:\/\/www.paparazzinews.com.br\/index.php?rest_route=%2Fwp%2Fv2%2Fmedia&parent=4294"}],"wp:term":[{"taxonomy":"category","embeddable":true,"href":"https:\/\/www.paparazzinews.com.br\/index.php?rest_route=%2Fwp%2Fv2%2Fcategories&post=4294"},{"taxonomy":"post_tag","embeddable":true,"href":"https:\/\/www.paparazzinews.com.br\/index.php?rest_route=%2Fwp%2Fv2%2Ftags&post=4294"}],"curies":[{"name":"wp","href":"https:\/\/api.w.org\/{rel}","templated":true}]}}