{"id":4291,"date":"2023-07-20T12:42:47","date_gmt":"2023-07-20T15:42:47","guid":{"rendered":"https:\/\/www.paparazzinews.com.br\/?p=4291"},"modified":"2023-07-20T12:42:49","modified_gmt":"2023-07-20T15:42:49","slug":"musicos-andradinenses-fazem-encontro-de-artistas","status":"publish","type":"post","link":"https:\/\/www.paparazzinews.com.br\/?p=4291","title":{"rendered":"M\u00fasicos andradinenses fazem encontro de artistas"},"content":{"rendered":"\n<p>Mais uma vez deu \u201c#orgulhodeserandradinense\u201d, as apresenta\u00e7\u00f5es do Encontro de Artistas Andradinenses realizado nesta ter\u00e7a (18) em uma estrutura preparada no Centro Cultural Pioneiros de Andradina.<\/p>\n\n\n\n<p>O evento foi aberto pelo diretor de Cultura Arthur Silva, seguido do vereador Andr\u00e9 Lopes e do secret\u00e1rio de Esporte, Cultura Lazer e Juventude, Professor Careca, dando in\u00edcio a uma noite que se abrilhantaria do come\u00e7o ao fim. O primeiro momento foi a declama\u00e7\u00e3o do poema \u201cUm retrato de Andradina\u201d &#8211; Sebasti\u00e3o Oliveira, seguido das interpreta\u00e7\u00f5es do hino nacional brasileiro por Darlete Dias (\u00e0 capela) e do hino de Andradina por Marinho e Ricardo Cappi \u2013 piano.<br><br><strong>Programa\u00e7\u00e3o art\u00edstica<\/strong><br><br>Apresenta\u00e7\u00e3o da m\u00fasica \u201cChega de Saudade (Ton Jobim) com Leonardo Shimada (viol\u00e3o), Jackson Machado (acordeom), Andr\u00e9 Lopes (bandolim), Nelson Garetti (cavaco), Henrique Pereira (baixo), Felipe Almeida (bateria), Leonardo Granja Nardera, Toni Fonzar, Marinho \u00a0(voz).<br><br>O \u201cTrio LP\u201d apresentou as m\u00fasicas Noites Cariocas (Jacob Bandolim), Carioquinha (Valdir Azevedo), com participa\u00e7\u00e3o especial de Leonardo Granja \u201cNardera\u201d e Junior Portugal. Sina (Djavan) \u00a0e Garoto de Aluguel (Z\u00e9 Ramalho) com a participa\u00e7\u00e3o de Toni Fonzar, O b\u00eabedo e o equilibrista (Jo\u00e3o Bosco\/Aldir Blanc), com Toni Fonzar e Marco Costa e Fascina\u00e7\u00e3o (Fermo Dante Marcheti).<\/p>\n\n\n\n<p>Tamb\u00e9m houve a apresenta\u00e7\u00e3o da Fam\u00edlia Zacarias com Edson Zacarias, Osvaldo Zacarias e Walter Zacarias, todos no viol\u00e3o e percuss\u00e3o de Thiago Lopes. Eles encantaram com a apresenta\u00e7\u00e3o das m\u00fasicas Cavaleiro do C\u00e9u, O Milion\u00e1rio (Incr\u00edveis) e Valsa do Pedroca \u2013 Amor Maior. A participa\u00e7\u00e3o especial de Ana Luiza Zacarias com a m\u00fasica Choro do Pedroca \u2013 Alegria de Viver abriu as homenagens ao artista andradinense \u201cPedroca\u201d.<\/p>\n\n\n\n<p>A noite seguiu com apresenta\u00e7\u00e3o de Mateus Barrinha (chorinho) com as m\u00fasicas autorais \u201cSem F\u00f4lego\u201d e \u201cAt\u00e9 o Pesco\u00e7o\u201d. <\/p>\n\n\n\n<p>O grupo Na Hora Que Se V\u00ea, dos m\u00fasicos L\u00fa do Cavaco, Jean, Paulinho, Ma\u00ed, Norival Nunes, Ant\u00f4nio Dobre, apresentaram as m\u00fasicas Temporal (Leandro Lerth &#8211; Art Popular), Vou Festejar (Jorge Arag\u00e3o, Dida e\u00a0Neoci\u00a0Dias). A apresenta\u00e7\u00e3o da artista convidada Darlete Dias encantou com a interpreta\u00e7\u00e3o de Pare\u00e7o Um Menino (Cezar Augusto e Piska).<br><br>J\u00fanior Portugal encantou com a apresenta\u00e7\u00e3o de Glory of Love (Peter Cetera &#8211; tema do filme Karate Kid).<br>O cantor Marinho voltou ao palco na companhia de Fernando Cappi \u2013 guitarra, S\u00edlvio Marinho \u2013 bateria com as m\u00fasicas Still Got The Blues (Gary Moore) e Love of My Life (Queen).<\/p>\n\n\n\n<p>A Banda Maverick (Dyane Rojansk \u2013 voz, Alexandre Portugal \u2013 guitarra, Heric\u00e3o \u2013 baixo, Tersinho \u2013 sanfona, Fernando Cappi \u2013 viol\u00e3o e Willian Medeiros \u2013 bateria) apresentou Como os Nossos Pais (Belchior) e Feira de Mangaio (Sivuca e Glorinha Gad\u00ealha).<br><br>Fordinho Sax e Isabela Moreira trouxeram o melhor da musica instrumental com Shallow (Lady Gaga e Andrew Wyatt) e Snobby (Adriano Giffoni\/Fernando Brand\u00e3o). A dupla sertaneja Marco T\u00falio e Luciano abriu seu espa\u00e7o com a m\u00fasica Rei do Gado (Teddy Vieira \/Ti\u00e3o Carreiro e Pardinho) com o m\u00fasico convidado Marcelo Carreira na viola caipira.<br><br>O encerramento foi com a apresenta\u00e7\u00e3o de \u00c9rico Camargo (baixo), Leonardo Sarante (guitarra), Thiago Lopes (bateria) e Andr\u00e9 Lopes (piano e voz) na interpreta\u00e7\u00e3o das m\u00fasicas Pentecostes e Eu Quero Ser Santo, de Andr\u00e9 Lopes.<\/p>\n\n\n\n<p><em><strong>Participe da comunidade do Canal Roni Paparazzi no Whatsapp e receba as principais not\u00edcias do dia direto no seu celular<\/strong>.\u00a0<a rel=\"noreferrer noopener\" href=\"https:\/\/chat.whatsapp.com\/GsG1XKo0jPOEfjzudWQcml\" target=\"_blank\">\u00a0Clique aqui e se inscreva.<\/a><\/em><\/p>\n","protected":false},"excerpt":{"rendered":"<p>Mais uma vez deu \u201c#orgulhodeserandradinense\u201d, as apresenta\u00e7\u00f5es do Encontro de Artistas Andradinenses realizado nesta ter\u00e7a (18) em uma estrutura preparada no Centro Cultural Pioneiros de Andradina. O evento foi aberto pelo diretor de Cultura Arthur Silva, seguido do vereador Andr\u00e9 Lopes e do secret\u00e1rio de Esporte, Cultura Lazer e Juventude, Professor Careca, dando in\u00edcio a &hellip;<\/p>\n","protected":false},"author":1,"featured_media":4292,"comment_status":"open","ping_status":"open","sticky":false,"template":"","format":"standard","meta":{"_jetpack_memberships_contains_paid_content":false,"footnotes":"","jetpack_publicize_message":"","jetpack_publicize_feature_enabled":true,"jetpack_social_post_already_shared":false,"jetpack_social_options":{"image_generator_settings":{"template":"highway","default_image_id":0,"enabled":false},"version":2}},"categories":[6],"tags":[],"class_list":["post-4291","post","type-post","status-publish","format-standard","has-post-thumbnail","hentry","category-entretenimento"],"jetpack_publicize_connections":[],"jetpack_featured_media_url":"https:\/\/i0.wp.com\/www.paparazzinews.com.br\/wp-content\/uploads\/2023\/07\/9012f72ad263d2e0874184e4d8d0195f.jpg?fit=800%2C533&ssl=1","views":"3508","jetpack_likes_enabled":true,"jetpack_sharing_enabled":true,"_links":{"self":[{"href":"https:\/\/www.paparazzinews.com.br\/index.php?rest_route=\/wp\/v2\/posts\/4291","targetHints":{"allow":["GET"]}}],"collection":[{"href":"https:\/\/www.paparazzinews.com.br\/index.php?rest_route=\/wp\/v2\/posts"}],"about":[{"href":"https:\/\/www.paparazzinews.com.br\/index.php?rest_route=\/wp\/v2\/types\/post"}],"author":[{"embeddable":true,"href":"https:\/\/www.paparazzinews.com.br\/index.php?rest_route=\/wp\/v2\/users\/1"}],"replies":[{"embeddable":true,"href":"https:\/\/www.paparazzinews.com.br\/index.php?rest_route=%2Fwp%2Fv2%2Fcomments&post=4291"}],"version-history":[{"count":1,"href":"https:\/\/www.paparazzinews.com.br\/index.php?rest_route=\/wp\/v2\/posts\/4291\/revisions"}],"predecessor-version":[{"id":4293,"href":"https:\/\/www.paparazzinews.com.br\/index.php?rest_route=\/wp\/v2\/posts\/4291\/revisions\/4293"}],"wp:featuredmedia":[{"embeddable":true,"href":"https:\/\/www.paparazzinews.com.br\/index.php?rest_route=\/wp\/v2\/media\/4292"}],"wp:attachment":[{"href":"https:\/\/www.paparazzinews.com.br\/index.php?rest_route=%2Fwp%2Fv2%2Fmedia&parent=4291"}],"wp:term":[{"taxonomy":"category","embeddable":true,"href":"https:\/\/www.paparazzinews.com.br\/index.php?rest_route=%2Fwp%2Fv2%2Fcategories&post=4291"},{"taxonomy":"post_tag","embeddable":true,"href":"https:\/\/www.paparazzinews.com.br\/index.php?rest_route=%2Fwp%2Fv2%2Ftags&post=4291"}],"curies":[{"name":"wp","href":"https:\/\/api.w.org\/{rel}","templated":true}]}}