{"id":4266,"date":"2023-07-19T16:30:24","date_gmt":"2023-07-19T19:30:24","guid":{"rendered":"https:\/\/www.paparazzinews.com.br\/?p=4266"},"modified":"2023-07-19T16:30:25","modified_gmt":"2023-07-19T19:30:25","slug":"lideres-de-2-partidos-andradinenses-vao-em-brasilia-pedir-atencao-para-projetos-sociais","status":"publish","type":"post","link":"https:\/\/www.paparazzinews.com.br\/?p=4266","title":{"rendered":"Lideres de 2 partidos andradinenses v\u00e3o em Bras\u00edlia pedir aten\u00e7\u00e3o para projetos sociais"},"content":{"rendered":"\n<p>Representantes da cidade de Andradina estiveram em Bras\u00edlia para uma audi\u00eancia com o ministro de Rela\u00e7\u00f5es Institucionais, Alexandre Padilha. O encontro teve como objetivo tratar de assuntos relacionados \u00e0s demandas de entidades e do munic\u00edpio, em especial, a quest\u00e3o do transporte escolar. <\/p>\n\n\n\n<p>Mesmo n\u00e3o fazendo parte do atual governo municipal, os representantes do Partido Verde (PV), Edilson Gomes da Silva, advogado e presidente do partido, e Manoel Messias de Almeida, presidente do Partido dos Trabalhadores (PT), aproveitaram a oportunidade para levar pedidos diversos ao ministro.<\/p>\n\n\n\n<p>Durante a reuni\u00e3o, Edilson e Manoel entregaram um of\u00edcio da Comunidade Terap\u00eautica de Andradina Recanto do Senhor Jesus, solicitando a doa\u00e7\u00e3o de um ve\u00edculo e verba de custeio para auxiliar no trabalho desenvolvido pela institui\u00e7\u00e3o. Al\u00e9m disso, eles tamb\u00e9m apresentaram uma demanda da Sociedade S\u00e3o Vicente de Paula, visando a obten\u00e7\u00e3o de recursos para projetos sociais no munic\u00edpio.<\/p>\n\n\n\n<p>Outro ponto abordado na audi\u00eancia foi a libera\u00e7\u00e3o de uma verba no valor de R$ 400 mil, cujo pedido havia sido protocolado pelo secret\u00e1rio de Esporte e Cultura de Andradina, Jon\u00edlcio Avelino da Silva, conhecido como Careca da Nata\u00e7\u00e3o. A verba seria destinada \u00e0 manuten\u00e7\u00e3o de projetos existentes na cidade, voltados para o esporte e a cultura.<\/p>\n\n\n\n<p>Al\u00e9m do ministro Alexandre Padilha, Edilson e Manoel tamb\u00e9m se reuniram com os deputados federais Alfredinho (PT), Luiz Marinho (PT) e Arlindo Chinaglia. Esses encontros buscaram fortalecer o apoio pol\u00edtico em \u00e2mbito federal, visando ampliar as possibilidades de conquistas para o munic\u00edpio de Andradina.<\/p>\n\n\n\n<p>Edilson e Manoel destacaram que estavam representando as entidades mencionadas e que desejam apenas colaborar com o desenvolvimento da cidade. Eles ressaltaram que aproveitaram o bom tr\u00e2nsito entre as autoridades na esfera federal para apresentar as demandas de Andradina, sempre respeitando as autoridades do Executivo e do Legislativo local.<\/p>\n\n\n\n<p>\u201cO encontro em Bras\u00edlia representa um esfor\u00e7o conjunto entre representantes de diferentes partidos pol\u00edticos e entidades da sociedade civil em prol do crescimento e desenvolvimento do munic\u00edpio de Andradina. Agora, resta aguardar os desdobramentos dessas reuni\u00f5es e a possibilidade de conquista dos recursos e apoio necess\u00e1rios para atender \u00e0s demandas apresentadas. A cidade e suas entidades esperam que essa audi\u00eancia traga resultados positivos e beneficie toda a comunidade local\u201d, disseram.<\/p>\n\n\n\n<p><em><strong>Participe da comunidade do Canal Roni Paparazzi no Whatsapp e receba as principais not\u00edcias do dia direto no seu celular<\/strong>.\u00a0<a rel=\"noreferrer noopener\" href=\"https:\/\/chat.whatsapp.com\/GsG1XKo0jPOEfjzudWQcml\" target=\"_blank\">\u00a0Clique aqui e se inscreva.<\/a><\/em><\/p>\n","protected":false},"excerpt":{"rendered":"<p>Representantes da cidade de Andradina estiveram em Bras\u00edlia para uma audi\u00eancia com o ministro de Rela\u00e7\u00f5es Institucionais, Alexandre Padilha. O encontro teve como objetivo tratar de assuntos relacionados \u00e0s demandas de entidades e do munic\u00edpio, em especial, a quest\u00e3o do transporte escolar. Mesmo n\u00e3o fazendo parte do atual governo municipal, os representantes do Partido Verde &hellip;<\/p>\n","protected":false},"author":1,"featured_media":4267,"comment_status":"open","ping_status":"open","sticky":false,"template":"","format":"standard","meta":{"_jetpack_memberships_contains_paid_content":false,"footnotes":"","jetpack_publicize_message":"","jetpack_publicize_feature_enabled":true,"jetpack_social_post_already_shared":false,"jetpack_social_options":{"image_generator_settings":{"template":"highway","default_image_id":0,"enabled":false},"version":2}},"categories":[7],"tags":[],"class_list":["post-4266","post","type-post","status-publish","format-standard","has-post-thumbnail","hentry","category-politica"],"jetpack_publicize_connections":[],"jetpack_featured_media_url":"https:\/\/i0.wp.com\/www.paparazzinews.com.br\/wp-content\/uploads\/2023\/07\/90aff241-0da8-430d-a524-89153ae5a1c4.jpg?fit=1024%2C819&ssl=1","views":"3452","jetpack_likes_enabled":true,"jetpack_sharing_enabled":true,"_links":{"self":[{"href":"https:\/\/www.paparazzinews.com.br\/index.php?rest_route=\/wp\/v2\/posts\/4266","targetHints":{"allow":["GET"]}}],"collection":[{"href":"https:\/\/www.paparazzinews.com.br\/index.php?rest_route=\/wp\/v2\/posts"}],"about":[{"href":"https:\/\/www.paparazzinews.com.br\/index.php?rest_route=\/wp\/v2\/types\/post"}],"author":[{"embeddable":true,"href":"https:\/\/www.paparazzinews.com.br\/index.php?rest_route=\/wp\/v2\/users\/1"}],"replies":[{"embeddable":true,"href":"https:\/\/www.paparazzinews.com.br\/index.php?rest_route=%2Fwp%2Fv2%2Fcomments&post=4266"}],"version-history":[{"count":1,"href":"https:\/\/www.paparazzinews.com.br\/index.php?rest_route=\/wp\/v2\/posts\/4266\/revisions"}],"predecessor-version":[{"id":4268,"href":"https:\/\/www.paparazzinews.com.br\/index.php?rest_route=\/wp\/v2\/posts\/4266\/revisions\/4268"}],"wp:featuredmedia":[{"embeddable":true,"href":"https:\/\/www.paparazzinews.com.br\/index.php?rest_route=\/wp\/v2\/media\/4267"}],"wp:attachment":[{"href":"https:\/\/www.paparazzinews.com.br\/index.php?rest_route=%2Fwp%2Fv2%2Fmedia&parent=4266"}],"wp:term":[{"taxonomy":"category","embeddable":true,"href":"https:\/\/www.paparazzinews.com.br\/index.php?rest_route=%2Fwp%2Fv2%2Fcategories&post=4266"},{"taxonomy":"post_tag","embeddable":true,"href":"https:\/\/www.paparazzinews.com.br\/index.php?rest_route=%2Fwp%2Fv2%2Ftags&post=4266"}],"curies":[{"name":"wp","href":"https:\/\/api.w.org\/{rel}","templated":true}]}}