{"id":4252,"date":"2023-07-19T12:09:15","date_gmt":"2023-07-19T15:09:15","guid":{"rendered":"https:\/\/www.paparazzinews.com.br\/?p=4252"},"modified":"2023-07-19T12:09:16","modified_gmt":"2023-07-19T15:09:16","slug":"morte-de-morador-de-rua-em-andradina-dupla-vai-juri","status":"publish","type":"post","link":"https:\/\/www.paparazzinews.com.br\/?p=4252","title":{"rendered":"Morte de morador de rua em Andradina: dupla vai j\u00fari"},"content":{"rendered":"\n<p>O Tribunal do J\u00fari de Andradina se re\u00fane nesta quarta-feira (19), para julgar Adriano Marcelino da Cruz, 45 anos, e Paulo C\u00e9zar de Almeida, 52, acusados de matar a pauladas Pedro Juliano de Souza Queiroz, aos 43 anos. Todos eram moradores de rua.<\/p>\n\n\n\n<p>&nbsp;&nbsp;&nbsp;&nbsp;&nbsp;&nbsp;&nbsp;&nbsp;&nbsp;&nbsp;&nbsp; O crime ocorreu no dia 16 de setembro de 2017, por volta das 19h, na rua Alexandre Salom\u00e3o, Centro, em Andradina. De acordo com a den\u00fancia do Minist\u00e9rio P\u00fablico, os r\u00e9us teriam agredido a v\u00edtima em raz\u00e3o de ela ter discutido com um outro morador de rua nas proximidades da rodovi\u00e1ria de Andradina.<\/p>\n\n\n\n<p>&nbsp;&nbsp;&nbsp;&nbsp;&nbsp;&nbsp;&nbsp;&nbsp;&nbsp;&nbsp;&nbsp; A v\u00edtima deu entrada na Santa Casa de Andradina no dia 16\/09\/17 e foi encaminhada para a Santa Casa de Ara\u00e7atuba no dia 17\/09\/2017, em raz\u00e3o da gravidade dos ferimentos, onde permaneceu at\u00e9 o dia 19\/10\/17, data em que retornou para a Santa Casa de Andradina, vindo a \u00f3bito no dia 12\/11\/2017.<\/p>\n\n\n\n<p><em><strong>Participe da comunidade do Canal Roni Paparazzi no Whatsapp e receba as principais not\u00edcias do dia direto no seu celular<\/strong>.&nbsp;<a rel=\"noreferrer noopener\" href=\"https:\/\/chat.whatsapp.com\/GsG1XKo0jPOEfjzudWQcml\" target=\"_blank\">&nbsp;Clique aqui e se inscreva.<\/a><\/em><\/p>\n","protected":false},"excerpt":{"rendered":"<p>O Tribunal do J\u00fari de Andradina se re\u00fane nesta quarta-feira (19), para julgar Adriano Marcelino da Cruz, 45 anos, e Paulo C\u00e9zar de Almeida, 52, acusados de matar a pauladas Pedro Juliano de Souza Queiroz, aos 43 anos. Todos eram moradores de rua. &nbsp;&nbsp;&nbsp;&nbsp;&nbsp;&nbsp;&nbsp;&nbsp;&nbsp;&nbsp;&nbsp; O crime ocorreu no dia 16 de setembro de 2017, por &hellip;<\/p>\n","protected":false},"author":1,"featured_media":4254,"comment_status":"open","ping_status":"open","sticky":false,"template":"","format":"standard","meta":{"_jetpack_memberships_contains_paid_content":false,"footnotes":"","jetpack_publicize_message":"","jetpack_publicize_feature_enabled":true,"jetpack_social_post_already_shared":false,"jetpack_social_options":{"image_generator_settings":{"template":"highway","default_image_id":0,"enabled":false},"version":2}},"categories":[3],"tags":[],"class_list":["post-4252","post","type-post","status-publish","format-standard","has-post-thumbnail","hentry","category-policial"],"jetpack_publicize_connections":[],"jetpack_featured_media_url":"https:\/\/i0.wp.com\/www.paparazzinews.com.br\/wp-content\/uploads\/2023\/07\/IMG_2576.jpg?fit=1024%2C683&ssl=1","views":"3194","jetpack_likes_enabled":true,"jetpack_sharing_enabled":true,"_links":{"self":[{"href":"https:\/\/www.paparazzinews.com.br\/index.php?rest_route=\/wp\/v2\/posts\/4252","targetHints":{"allow":["GET"]}}],"collection":[{"href":"https:\/\/www.paparazzinews.com.br\/index.php?rest_route=\/wp\/v2\/posts"}],"about":[{"href":"https:\/\/www.paparazzinews.com.br\/index.php?rest_route=\/wp\/v2\/types\/post"}],"author":[{"embeddable":true,"href":"https:\/\/www.paparazzinews.com.br\/index.php?rest_route=\/wp\/v2\/users\/1"}],"replies":[{"embeddable":true,"href":"https:\/\/www.paparazzinews.com.br\/index.php?rest_route=%2Fwp%2Fv2%2Fcomments&post=4252"}],"version-history":[{"count":2,"href":"https:\/\/www.paparazzinews.com.br\/index.php?rest_route=\/wp\/v2\/posts\/4252\/revisions"}],"predecessor-version":[{"id":4255,"href":"https:\/\/www.paparazzinews.com.br\/index.php?rest_route=\/wp\/v2\/posts\/4252\/revisions\/4255"}],"wp:featuredmedia":[{"embeddable":true,"href":"https:\/\/www.paparazzinews.com.br\/index.php?rest_route=\/wp\/v2\/media\/4254"}],"wp:attachment":[{"href":"https:\/\/www.paparazzinews.com.br\/index.php?rest_route=%2Fwp%2Fv2%2Fmedia&parent=4252"}],"wp:term":[{"taxonomy":"category","embeddable":true,"href":"https:\/\/www.paparazzinews.com.br\/index.php?rest_route=%2Fwp%2Fv2%2Fcategories&post=4252"},{"taxonomy":"post_tag","embeddable":true,"href":"https:\/\/www.paparazzinews.com.br\/index.php?rest_route=%2Fwp%2Fv2%2Ftags&post=4252"}],"curies":[{"name":"wp","href":"https:\/\/api.w.org\/{rel}","templated":true}]}}