{"id":4173,"date":"2023-07-14T14:43:46","date_gmt":"2023-07-14T17:43:46","guid":{"rendered":"https:\/\/www.paparazzinews.com.br\/?p=4173"},"modified":"2023-07-14T14:43:47","modified_gmt":"2023-07-14T17:43:47","slug":"igrejinha-do-barro-preto-em-andradina-vai-ser-restaurada","status":"publish","type":"post","link":"https:\/\/www.paparazzinews.com.br\/?p=4173","title":{"rendered":"Igrejinha do Barro Preto em Andradina vai ser restaurada"},"content":{"rendered":"\n<p>A conhecida \u201cIgrejinha do Barro Preto\u201d, a antiga \u201ccapela\u201d de Nossa Senhora Auxiliadora, localizada naquele bairro rural, vai ser recuperada numa a\u00e7\u00e3o que envolver\u00e1 o Governo de Andradina, pecuaristas tradicionais, empres\u00e1rios e vereadores da C\u00e2mara de Andradina.<\/p>\n\n\n\n<p>\u201cEstamos com um projeto audacioso de juntar as for\u00e7as e recuperar esse templo sagrado fazendo a restaura\u00e7\u00e3o, estrutura\u00e7\u00e3o e criando o caminho da f\u00e9, onde ser\u00e1 criado a via sacra, simbolizando o caminho que Jesus percorreu at\u00e9 o calv\u00e1rio\u201d, disse o secret\u00e1rio de Esportes, Cultura, Lazer e Juventude, Jonilcio Avelino da silva, o Careca da Nata\u00e7\u00e3o.<\/p>\n\n\n\n<p>Al\u00e9m de Careca, o projeto que tem como idealizadores o vereador Lucas Lopes, o pecuarista Carlos Minholi, com apoio total do Padre Rafael, p\u00e1roca da Igreja Nossa Senhora das Gra\u00e7as. A capelinha \u00e9 de um importante valor hist\u00f3rico e cultural da cidade pois reunia as manifesta\u00e7\u00f5es cat\u00f3licas no tradicional bairro rural \u201cBarro Preto\u201d. <\/p>\n\n\n\n<p>Ela preserva, em sua estrutura, os materiais de constru\u00e7\u00e3o comuns daquela \u00e9poca, bem como a arquitetura. Assim que finalizada a recupera\u00e7\u00e3o ela manter\u00e1 suas caracter\u00edsticas originais e ser\u00e1 entregue a comunidade com a volta das atividades religiosas no local. Caber\u00e1 ao Governo de Andradina promover a melhoria do acesso ao local, at\u00e9 mesmo com asfaltamento, para que o p\u00fablico possa conhecer ao visitar o espa\u00e7o.<\/p>\n\n\n\n<p>\u201cO restauro, \u00e9 antiga reivindica\u00e7\u00e3o dos moradores e propriet\u00e1rios rurais do Barro Preto, e nessa empreitada vamos devolver a vida a um bem cultural sagrado para Andradina. Estamos muito felizes, pois a capela faz parte da nossa hist\u00f3ria\u201d, disse Careca.<\/p>\n\n\n\n<p><em><strong>Participe da comunidade do Canal Roni Paparazzi no Whatsapp e receba as principais not\u00edcias do dia direto no seu celular<\/strong>.\u00a0<a rel=\"noreferrer noopener\" href=\"https:\/\/chat.whatsapp.com\/GsG1XKo0jPOEfjzudWQcml\" target=\"_blank\">\u00a0Clique aqui e se inscreva.<\/a><\/em><\/p>\n","protected":false},"excerpt":{"rendered":"<p>A conhecida \u201cIgrejinha do Barro Preto\u201d, a antiga \u201ccapela\u201d de Nossa Senhora Auxiliadora, localizada naquele bairro rural, vai ser recuperada numa a\u00e7\u00e3o que envolver\u00e1 o Governo de Andradina, pecuaristas tradicionais, empres\u00e1rios e vereadores da C\u00e2mara de Andradina. \u201cEstamos com um projeto audacioso de juntar as for\u00e7as e recuperar esse templo sagrado fazendo a restaura\u00e7\u00e3o, estrutura\u00e7\u00e3o &hellip;<\/p>\n","protected":false},"author":1,"featured_media":4176,"comment_status":"open","ping_status":"open","sticky":false,"template":"","format":"standard","meta":{"_jetpack_memberships_contains_paid_content":false,"footnotes":"","jetpack_publicize_message":"","jetpack_publicize_feature_enabled":true,"jetpack_social_post_already_shared":false,"jetpack_social_options":{"image_generator_settings":{"template":"highway","default_image_id":0,"enabled":false},"version":2}},"categories":[4],"tags":[],"class_list":["post-4173","post","type-post","status-publish","format-standard","has-post-thumbnail","hentry","category-regiao"],"jetpack_publicize_connections":[],"jetpack_featured_media_url":"https:\/\/i0.wp.com\/www.paparazzinews.com.br\/wp-content\/uploads\/2023\/07\/42f32d0aeb8207a5a6203704911178bf-1.jpg?fit=600%2C800&ssl=1","views":"4390","jetpack_likes_enabled":true,"jetpack_sharing_enabled":true,"_links":{"self":[{"href":"https:\/\/www.paparazzinews.com.br\/index.php?rest_route=\/wp\/v2\/posts\/4173","targetHints":{"allow":["GET"]}}],"collection":[{"href":"https:\/\/www.paparazzinews.com.br\/index.php?rest_route=\/wp\/v2\/posts"}],"about":[{"href":"https:\/\/www.paparazzinews.com.br\/index.php?rest_route=\/wp\/v2\/types\/post"}],"author":[{"embeddable":true,"href":"https:\/\/www.paparazzinews.com.br\/index.php?rest_route=\/wp\/v2\/users\/1"}],"replies":[{"embeddable":true,"href":"https:\/\/www.paparazzinews.com.br\/index.php?rest_route=%2Fwp%2Fv2%2Fcomments&post=4173"}],"version-history":[{"count":1,"href":"https:\/\/www.paparazzinews.com.br\/index.php?rest_route=\/wp\/v2\/posts\/4173\/revisions"}],"predecessor-version":[{"id":4177,"href":"https:\/\/www.paparazzinews.com.br\/index.php?rest_route=\/wp\/v2\/posts\/4173\/revisions\/4177"}],"wp:featuredmedia":[{"embeddable":true,"href":"https:\/\/www.paparazzinews.com.br\/index.php?rest_route=\/wp\/v2\/media\/4176"}],"wp:attachment":[{"href":"https:\/\/www.paparazzinews.com.br\/index.php?rest_route=%2Fwp%2Fv2%2Fmedia&parent=4173"}],"wp:term":[{"taxonomy":"category","embeddable":true,"href":"https:\/\/www.paparazzinews.com.br\/index.php?rest_route=%2Fwp%2Fv2%2Fcategories&post=4173"},{"taxonomy":"post_tag","embeddable":true,"href":"https:\/\/www.paparazzinews.com.br\/index.php?rest_route=%2Fwp%2Fv2%2Ftags&post=4173"}],"curies":[{"name":"wp","href":"https:\/\/api.w.org\/{rel}","templated":true}]}}