{"id":4170,"date":"2023-07-13T14:56:36","date_gmt":"2023-07-13T17:56:36","guid":{"rendered":"https:\/\/www.paparazzinews.com.br\/?p=4170"},"modified":"2023-07-13T14:56:37","modified_gmt":"2023-07-13T17:56:37","slug":"governo-de-sp-tera-abrigo-emergencial-para-acolhimento-nas-baixas-temperaturas","status":"publish","type":"post","link":"https:\/\/www.paparazzinews.com.br\/?p=4170","title":{"rendered":"Governo de SP ter\u00e1 abrigo emergencial para acolhimento nas baixas temperaturas"},"content":{"rendered":"\n<p>O Governo de SP abrir\u00e1, nas noites dos dias 13, 14 e 15 de julho, o abrigo emergencial para a popula\u00e7\u00e3o em situa\u00e7\u00e3o de rua da capital. O servi\u00e7o aberto durante o per\u00edodo das baixas temperaturas funcionar\u00e1 na Esta\u00e7\u00e3o Pedro II, da Linha 3 &#8211; Vermelha do Metr\u00f4. O objetivo \u00e9 acolher e proteger a popula\u00e7\u00e3o em situa\u00e7\u00e3o de rua nos dias mais frios.<\/p>\n\n\n\n<p>O alerta da Defesa Civil prev\u00ea temperatura m\u00ednima de 8\u00b0C na capital paulista e RMSP durante as madrugadas de sexta, s\u00e1bado e domingo.<\/p>\n\n\n\n<p>O espa\u00e7o tem capacidade para abrigar at\u00e9 100 pessoas por dia, entre \u00e0s 19h e 8h da manh\u00e3 do dia seguinte. Conta com camas de campanha, colch\u00f5es, cobertores e roupas de frio arrecadados pela Campanha do Agasalho, do Fundo Social de S\u00e3o Paulo. O local passou por uma revitaliza\u00e7\u00e3o recente com nova pintura providenciada pelo Metr\u00f4. Banheiros qu\u00edmicos tamb\u00e9m foram instalados para uso dos abrigados.<\/p>\n\n\n\n<p>A Secretaria Estadual de Desenvolvimento Social fornecer\u00e1 o jantar e caf\u00e9 da manh\u00e3, por meio do programa Bom Prato, al\u00e9m de volunt\u00e1rios para receber os acolhidos e atend\u00ea-los durante as noites e madrugadas.<\/p>\n\n\n\n<p>Os acolhidos receber\u00e3o marmitex no jantar, no pr\u00f3prio abrigo, e fichas para tomar caf\u00e9 da manh\u00e3 no restaurante Bom Prato da rua 25 de Mar\u00e7o.<\/p>\n\n\n\n<p>As pessoas em situa\u00e7\u00e3o de rua poder\u00e3o levar seus pets, mas o abrigo n\u00e3o comporta grandes volumes, como carro\u00e7as ou carrinhos. Tamb\u00e9m n\u00e3o ser\u00e1 permitida a entrada com bebida alco\u00f3lica.<\/p>\n\n\n\n<p>Para atender os pets, nesta quinta-feira, haver\u00e1 um veterin\u00e1rio e tamb\u00e9m ser\u00e1 servido ra\u00e7\u00e3o para os animais. A Defesa Civil do Estado tem um centro de voluntariado com v\u00e1rias institui\u00e7\u00f5es, entre elas, o Conselho Regional de Medicina Veterin\u00e1ria, que se colocou \u00e0 disposi\u00e7\u00e3o para colaborar no abrigo emergencial.<\/p>\n\n\n\n<p>O abrigo na esta\u00e7\u00e3o Pedro II funciona sempre que a Defesa Civil emite alertas de temperaturas iguais ou menores que 10\u00b0 C.<\/p>\n\n\n\n<p><strong>SERVI\u00c7O<br><\/strong>Abrigo Emergencial para Popula\u00e7\u00e3o em Situa\u00e7\u00e3o de Rua nas Baixas Temperaturas<br>Dias: 13, 14 e 15\/07<br>Hor\u00e1rio: das 19h \u00e0s 08hs<br>Local: Metr\u00f4 Pedro II, da Linha 3 \u2013 Vermelha, do Metr\u00f4<br>Endere\u00e7o: Rua da Figueira S\/N \u2013 Br\u00e1s \u2013 S\u00e3o Paulo.<\/p>\n\n\n\n<p><em><strong>Participe da comunidade do Canal Roni Paparazzi no Whatsapp e receba as principais not\u00edcias do dia direto no seu celular<\/strong>.\u00a0<a rel=\"noreferrer noopener\" href=\"https:\/\/chat.whatsapp.com\/GsG1XKo0jPOEfjzudWQcml\" target=\"_blank\">\u00a0Clique aqui e se inscreva.<\/a><\/em><\/p>\n","protected":false},"excerpt":{"rendered":"<p>O Governo de SP abrir\u00e1, nas noites dos dias 13, 14 e 15 de julho, o abrigo emergencial para a popula\u00e7\u00e3o em situa\u00e7\u00e3o de rua da capital. O servi\u00e7o aberto durante o per\u00edodo das baixas temperaturas funcionar\u00e1 na Esta\u00e7\u00e3o Pedro II, da Linha 3 &#8211; Vermelha do Metr\u00f4. O objetivo \u00e9 acolher e proteger a &hellip;<\/p>\n","protected":false},"author":1,"featured_media":4171,"comment_status":"open","ping_status":"open","sticky":false,"template":"","format":"standard","meta":{"_jetpack_memberships_contains_paid_content":false,"footnotes":"","jetpack_publicize_message":"","jetpack_publicize_feature_enabled":true,"jetpack_social_post_already_shared":false,"jetpack_social_options":{"image_generator_settings":{"template":"highway","default_image_id":0,"enabled":false},"version":2}},"categories":[4],"tags":[],"class_list":["post-4170","post","type-post","status-publish","format-standard","has-post-thumbnail","hentry","category-regiao"],"jetpack_publicize_connections":[],"jetpack_featured_media_url":"https:\/\/i0.wp.com\/www.paparazzinews.com.br\/wp-content\/uploads\/2023\/07\/51341228532_b0f9c3a535_c.jpg?fit=799%2C533&ssl=1","views":"3515","jetpack_likes_enabled":true,"jetpack_sharing_enabled":true,"_links":{"self":[{"href":"https:\/\/www.paparazzinews.com.br\/index.php?rest_route=\/wp\/v2\/posts\/4170","targetHints":{"allow":["GET"]}}],"collection":[{"href":"https:\/\/www.paparazzinews.com.br\/index.php?rest_route=\/wp\/v2\/posts"}],"about":[{"href":"https:\/\/www.paparazzinews.com.br\/index.php?rest_route=\/wp\/v2\/types\/post"}],"author":[{"embeddable":true,"href":"https:\/\/www.paparazzinews.com.br\/index.php?rest_route=\/wp\/v2\/users\/1"}],"replies":[{"embeddable":true,"href":"https:\/\/www.paparazzinews.com.br\/index.php?rest_route=%2Fwp%2Fv2%2Fcomments&post=4170"}],"version-history":[{"count":1,"href":"https:\/\/www.paparazzinews.com.br\/index.php?rest_route=\/wp\/v2\/posts\/4170\/revisions"}],"predecessor-version":[{"id":4172,"href":"https:\/\/www.paparazzinews.com.br\/index.php?rest_route=\/wp\/v2\/posts\/4170\/revisions\/4172"}],"wp:featuredmedia":[{"embeddable":true,"href":"https:\/\/www.paparazzinews.com.br\/index.php?rest_route=\/wp\/v2\/media\/4171"}],"wp:attachment":[{"href":"https:\/\/www.paparazzinews.com.br\/index.php?rest_route=%2Fwp%2Fv2%2Fmedia&parent=4170"}],"wp:term":[{"taxonomy":"category","embeddable":true,"href":"https:\/\/www.paparazzinews.com.br\/index.php?rest_route=%2Fwp%2Fv2%2Fcategories&post=4170"},{"taxonomy":"post_tag","embeddable":true,"href":"https:\/\/www.paparazzinews.com.br\/index.php?rest_route=%2Fwp%2Fv2%2Ftags&post=4170"}],"curies":[{"name":"wp","href":"https:\/\/api.w.org\/{rel}","templated":true}]}}